{"id":999,"date":"2010-04-13T07:01:31","date_gmt":"2010-04-13T07:01:31","guid":{"rendered":"https:\/\/marina.swarpeca.es\/revista\/2010\/04\/13\/ser-doulas-imparte-en-mayo-2010-en-a-coruna-el-taller-de-preparacion-emocional-al-parto-y-posparto\/"},"modified":"2010-04-13T07:01:31","modified_gmt":"2010-04-13T07:01:31","slug":"ser-doulas-imparte-en-mayo-2010-en-a-coruna-el-taller-de-preparacion-emocional-al-parto-y-posparto","status":"publish","type":"post","link":"https:\/\/marina.swarpeca.es\/revista\/ser-doulas-imparte-en-mayo-2010-en-a-coruna-el-taller-de-preparacion-emocional-al-parto-y-posparto\/","title":{"rendered":"&#8216;Ser Doulas&#8217; imparte en mayo 2010, en A Coru\u00f1a, el Taller de Preparaci\u00f3n Emocional al Parto y Posparto"},"content":{"rendered":"<p><em> <strong>Imagen: logo<\/strong> <\/em> <a href=\"https:\/\/serdoulas.blogspot.com\/\"><em>Ser Doulas<\/em><\/a> [[- <a href=\"https:\/\/marina.swarpeca.es\/revista\/IMG\/pdf\/ser_doulas.pdf\">Ser Doulas<\/a>.]] <em> <strong>es &#8230;<\/p>\n<p>&#8230; cuidar el interior de las madres y futuras madres, escuchar sus sentimientos, sus necesidades, sus entra\u00f1as, decir lo que es necesario y callar cuando sea la mejor opci\u00f3n &#8230; Acompa\u00f1ar en el viaje m\u00e1s hermoso que nunca har\u00e1 una mujer: la maternidad. Ver c\u00f3mo se convierte en otra persona y mostrarle c\u00f3mo disfrutar de ello sin tapujos, escuch\u00e1ndose a s\u00ed misma y a su hijo. Ser Doula es &#8230; estar<\/strong> <\/em>. <\/p>\n<p><strong>Taller de preparaci\u00f3n emocional al parto y posparto<\/strong><\/p>\n<p><strong>1. Embarazo y parto<\/strong><\/p>\n<p>* <strong>D\u00eda 7 de mayo de 2010: Impartido por Nuria Otero Tomera<\/strong> (Doula, Orientadora familiar, Pedagoga y Psicopedagoga): <\/p>\n<p>&#8211; El embarazo desde el punto de vista emocional<\/p>\n<p>&#8211; Conceptos fundamentales del proceso de parto y su fisiolog\u00eda.<\/p>\n<p>&#8211; Toma de conciencia sobre las necesidades b\u00e1sicas de la mujer que da a luz.<\/p>\n<p>&#8211; Necesidades emocionales tanto de la madre como del beb\u00e9 durante el nacimiento.<\/p>\n<p>&#8211; La funci\u00f3n de los acompa\u00f1antes en el parto.<\/p>\n<p>* <strong>D\u00eda 14 de mayo de 2010: Impartido por Raquel Lavandeira Calvo<\/strong> (Maestra en Audici\u00f3n y Lenguaje, Especialista en Atenci\u00f3n Temprana, Master en Logopedia): &#8211; La atenci\u00f3n temprana: \u00bfqu\u00e9 es? \u00bfpor qu\u00e9 y c\u00f3mo utilizarla?<\/p>\n<p>&#8211; <strong>Impartido por Rosana Portela Freire<\/strong> (Doula, Educadora de Masaje y Psicomotricista): &#8211; Taller de tacto consciente y masaje en el embarazo.<\/p>\n<p><strong>2. Posparto<\/strong><\/p>\n<p>* <strong>D\u00eda 21 de mayo de 2010: Impartido por Nuria Otero Tomera<\/strong> (Doula, Orientadora familiar, Pedagoga y Psicopedagoga):<\/p>\n<p>&#8211; El posparto inmediato.<\/p>\n<p>&#8211; La fusi\u00f3n emocional y el posparto extenso.<\/p>\n<p>&#8211; Establecimiento y desarrollo de la lactancia materna.<\/p>\n<p>&#8211; Las necesidades b\u00e1sicas del reci\u00e9n nacido y las funciones del llanto.<\/p>\n<p>* <strong>D\u00eda 28 de mayo de 2010: Impartido por Nuria Otero Tomera<\/strong> (Doula, Orientadora familiar, Pedagoga y Psicopedagoga): &#8211; El sue\u00f1o y el contacto.<\/p>\n<p>&#8211; <strong>Impartido por Vanessa Le\u00f3n<\/strong> (Auxiliar de enfermer\u00eda y Madre Canguro): &#8211; Taller de porteo: beneficios y m\u00e9todos.<\/p>\n<p><strong>Reserva de plaza:<\/strong> Hasta el 3 de mayo mediante abono de la formaci\u00f3n.<\/p>\n<p><strong>Precio del curso:<\/strong> 100\u20ac (120\u20ac en el caso de parejas)<\/p>\n<p><strong>Horarios:<\/strong> Todos los viernes del mes de mayo entre las 16:00 y las 19:00.<\/p>\n<p><strong>Material:<\/strong> Se facilitar\u00e1 dossier con informaci\u00f3n a cada participante.<\/p>\n<p><strong>Lugar:<\/strong> Instalaciones del <a href=\"https:\/\/www.gnhabitat.org\/\">Grupo Naturalista Habitat<\/a> (Calle Camari\u00f1as, 8- A Coru\u00f1a).<\/p>\n<p><strong>Contacto:<\/strong> serdoulas@gmail.com o en tel\u00e9fono 600218964.<\/p>\n<p>(13 de abril de 2010)<\/p>\n","protected":false},"excerpt":{"rendered":"<p>Desde antes de nacer nuestro cuerpo se prepara ante la posibilidad de traer al mundo un beb\u00e9. Esa preparaci\u00f3n, silenciosa y velada, la completamos luego con la informaci\u00f3n obtenida de m\u00faltiples fuentes y sabemos c\u00f3mo se produce el embarazo, parto y posparto a nivel f\u00edsico. Pero &#8230; \u00bfqu\u00e9 hay de los cambios emocionales?. Os proponemos un viaje en el que aprender cu\u00e1les pueden ser esos cambios y prepararnos para ellos para, de ese modo, ayudarnos a vivir la maternidad de un modo pleno y consciente.<\/p>\n<p>&#8211; Relacionado: <a href=\"article1064\">Jesusa Ricoy Olariaga imparte en Madrid los talleres para futuros padres (17 de abril) y para profesionales de la maternidad (18 abril 2010)<\/a> y <a href=\"article27\">Embarazo y parto natural<\/a>.<\/p>\n","protected":false},"author":1,"featured_media":998,"comment_status":"closed","ping_status":"open","sticky":false,"template":"","format":"standard","meta":{"footnotes":""},"categories":[27],"tags":[],"_links":{"self":[{"href":"https:\/\/marina.swarpeca.es\/revista\/wp-json\/wp\/v2\/posts\/999"}],"collection":[{"href":"https:\/\/marina.swarpeca.es\/revista\/wp-json\/wp\/v2\/posts"}],"about":[{"href":"https:\/\/marina.swarpeca.es\/revista\/wp-json\/wp\/v2\/types\/post"}],"author":[{"embeddable":true,"href":"https:\/\/marina.swarpeca.es\/revista\/wp-json\/wp\/v2\/users\/1"}],"replies":[{"embeddable":true,"href":"https:\/\/marina.swarpeca.es\/revista\/wp-json\/wp\/v2\/comments?post=999"}],"version-history":[{"count":0,"href":"https:\/\/marina.swarpeca.es\/revista\/wp-json\/wp\/v2\/posts\/999\/revisions"}],"wp:featuredmedia":[{"embeddable":true,"href":"https:\/\/marina.swarpeca.es\/revista\/wp-json\/wp\/v2\/media\/998"}],"wp:attachment":[{"href":"https:\/\/marina.swarpeca.es\/revista\/wp-json\/wp\/v2\/media?parent=999"}],"wp:term":[{"taxonomy":"category","embeddable":true,"href":"https:\/\/marina.swarpeca.es\/revista\/wp-json\/wp\/v2\/categories?post=999"},{"taxonomy":"post_tag","embeddable":true,"href":"https:\/\/marina.swarpeca.es\/revista\/wp-json\/wp\/v2\/tags?post=999"}],"curies":[{"name":"wp","href":"https:\/\/api.w.org\/{rel}","templated":true}]}}