{"id":994,"date":"2010-04-09T19:32:36","date_gmt":"2010-04-09T19:32:36","guid":{"rendered":"https:\/\/marina.swarpeca.es\/revista\/2010\/04\/09\/10-04-acto-ateneo-de-madrid-17-04-manifestacion-antitransgenicos-campana-contra-la-europa-del-capital-la-globalizacion-y-la-guerra\/"},"modified":"2010-04-09T19:32:36","modified_gmt":"2010-04-09T19:32:36","slug":"10-04-acto-ateneo-de-madrid-17-04-manifestacion-antitransgenicos-campana-contra-la-europa-del-capital-la-globalizacion-y-la-guerra","status":"publish","type":"post","link":"https:\/\/marina.swarpeca.es\/revista\/10-04-acto-ateneo-de-madrid-17-04-manifestacion-antitransgenicos-campana-contra-la-europa-del-capital-la-globalizacion-y-la-guerra\/","title":{"rendered":"10-04: Acto Ateneo de Madrid. 17-04: Manifestaci\u00f3n Antitransg\u00e9nicos \/\/ Campa\u00f1a contra la Europa del capital, la globalizaci\u00f3n y la guerra"},"content":{"rendered":"<p>Este espacio surgi\u00f3 como una de las \u00e1reas de trabajo del <em>Movimiento contra la globalizaci\u00f3n, la Europa del capital y la guerra<\/em>, en 2002, precisamente durante la anterior presidencia de turno de la UE por parte del gobierno espa\u00f1ol. Surgi\u00f3 como espacio de reflexi\u00f3n y denuncia de la deriva de la educaci\u00f3n hacia una cada vez m\u00e1s clara mercantilizaci\u00f3n. Desde entonces, hemos seguido en la misma idea, tratando de construir espacios de reflexi\u00f3n y resistencia como han sido las ocho ediciones de los <em>Encuentros para repensar la educaci\u00f3n \u201c\u00bfEducar para la vida \u2026 o amaestrar para el mercado?\u201d<\/em>. <\/p>\n<p>Este a\u00f1o en que de nuevo el gobierno espa\u00f1ol ocupa la presidencia europea os proponemos participar en esta Campa\u00f1a. Durante la misma, difundiremos paulatinamente un conjunto de textos que denuncian y reflexionan sobre c\u00f3mo las pol\u00edticas europeas nos afectan en nuestro contexto: las pol\u00edticas educativas de la Uni\u00f3n Europea siguen fielmente las recetas de la Organizaci\u00f3n Mundial del Comercio, el Banco Mundial y el Fondo Monetario Internacional, recetas que se cocinan en el Parlamento europeo y nos son servidas en los estados miembros. Nos sumaremos de este modo a la <em>Campa\u00f1a contra la Presidencia Espa\u00f1ola de la UE<\/em>, manteniendo nuestra autonom\u00eda.<\/p>\n<p>Proponemos una reflexi\u00f3n a fondo sobre el papel que juega y el papel que deber\u00eda jugar la educaci\u00f3n en una sociedad como la nuestra. Una reflexi\u00f3n colectiva que sirva para construir alternativas transformadoras al servicio de la justicia y la libertad de las personas y los pueblos.<\/p>\n<p>A mediados de abril, nos encontraremos para debatir juntos sobre alguno de estos textos que ir\u00e1n apareciendo cada semana.<\/p>\n<p><strong>Los colectivos que deseen apoyar la Campa\u00f1a contra la Europa del capital, la globalizaci\u00f3n y la guerra, pueden hacerlo escribiendo a: areaeducaci\u00f3n2010@gmail.com<\/strong><\/p>\n<p><strong>Primera entrega (17 de marzo):<\/strong><\/p>\n<p>\u2022 <a href=\"https:\/\/herbogeminis.com\/revista\/IMG\/pdf\/presidencia2010.pdf\">Presidencia espa\u00f1ola de la Uni\u00f3n Europea<\/a>.<\/p>\n<p>\u2022 <a href=\"https:\/\/herbogeminis.com\/revista\/IMG\/pdf\/deciamosayer.pdf\">Dec\u00edamos ayer&#8230; \u00abUni\u00f3n europea, \u00bfuna escuela para qu\u00e9?\u00bb (Gonzalo Romero)<\/a>.<\/p>\n<p><strong>Segunda entrega (21 marzo):<\/strong><\/p>\n<p>\u2022 <a href=\"https:\/\/herbogeminis.com\/revista\/IMG\/pdf\/laescuelaensucontexto.pdf\">La escuela en su contexto: \u00bfeducaci\u00f3n para la vida o educaci\u00f3n para el mercado? (Amparo Caballero)<\/a>.<\/p>\n<p><strong>Tercera entrega (24 marzo):<\/strong><\/p>\n<p>\u2022 <a href=\"https:\/\/herbogeminis.com\/revista\/IMG\/pdf\/delaunescoalaocde.pdf\">De la UNESCO a la OCDE. Del derecho a la educaci\u00f3n a su mercantilizaci\u00f3n (Julio Rogero)<\/a>.<\/p>\n<p>\u2022 <a href=\"https:\/\/herbogeminis.com\/revista\/IMG\/pdf\/mercantilizacion1.pdf\">La mercantilizaci\u00f3n de la educaci\u00f3n (I). Sobre la mercanc\u00eda educativa y los mercaderes del conocimiento (Plataforma por la Educaci\u00f3n P\u00fablica y Laica de Alcal\u00e1 de Henares)<\/a>.<\/p>\n<p><strong>Cuarta entrega (28 marzo):<\/strong><\/p>\n<p>\u2022 <a href=\"https:\/\/herbogeminis.com\/revista\/IMG\/pdf\/mercantilizacioneducacion2.pdf\">La mercantilizaci\u00f3n de la educaci\u00f3n (II). El mercadeo de las desigualdades (Plataforma por la Educaci\u00f3n P\u00fablica y Laica de Alcal\u00e1 de Henares)<\/a>.<\/p>\n<p><strong>Quinta entrega (31 marzo):<\/strong><\/p>\n<p>\u2022 <a href=\"https:\/\/herbogeminis.com\/revista\/IMG\/pdf\/molares.pdf\">Mercantilizaci\u00f3n de la Universidad (M\u00aa Teresa Molares)<\/a>.<\/p>\n<p><strong>Sexta entrega (7 abril):<\/strong><\/p>\n<p>\u2022 <a href=\"https:\/\/herbogeminis.com\/revista\/IMG\/pdf\/assi.pdf\">La mercantilizaci\u00f3n de la educaci\u00f3n superior en Europa (ASSI)<\/a>. <\/p>\n<p><strong>Promueven<\/strong><\/p>\n<p>\u00c1rea de Educaci\u00f3n, Exclusi\u00f3n y Menores de Madrid<\/p>\n<p>Asociaci\u00f3n Cultural Candela<\/p>\n<p>Club de Amigos de la Unesco (CAUM)<\/p>\n<p>Plataforma por la educaci\u00f3n p\u00fablica y laica de Alcal\u00e1 de Henares<\/p>\n<p>Movimientos de Renovaci\u00f3n Pedag\u00f3gica<\/p>\n<p>Acci\u00f3n Social y Sindical Internacionalista &#8211; Zaragoza<\/p>\n<p>LoQueSomos<\/p>\n<p>Asociaci\u00f3n Cultural Escuela Laica de Valladolid<\/p>\n<p>Colectivo Paideia Alcal\u00e1<\/p>\n<p>Local Cambalache-Asturies<\/p>\n<p>STES-i<\/p>\n<p>CAES<\/p>\n<p>Fundaci\u00f3n BACHUE<\/p>\n<p>Colectivo Miles de Voces (UAH)<\/p>\n<p>&#8211; Enlace a la Campa\u00f1a del \u00c1rea de Educaci\u00f3n, Exclusi\u00f3n y Menores: <a href=\"https:\/\/www.nodo50.org\/candela\/ultimasnoticias.php?subaction=showfull&#038;id=1269721634&#038;archive=\">Asociaci\u00f3n Cultural Candela<\/a><\/p>\n<p><strong>Campa\u00f1a del \u00c1rea de Agroecolog\u00eda y Consumo Responsable<\/strong><\/p>\n<p><a href=\"https:\/\/marina.swarpeca.es\/revista\/IMG\/pdf\/campana_contra_presidencia_espanola_UE_4.pdf\"><em>Publicidad y Democracia del Consumidor: \u00a1Viva la Muerte!<\/em> Grupo de Estudios Agroecol\u00f3gicos (GEA)<\/a><\/p>\n<p><a href=\"https:\/\/marina.swarpeca.es\/revista\/IMG\/pdf\/campana_contra_presidencia_espanola_UE_3.pdf\"><em>Acci\u00f3n directa contra la Obesidad Infantil. Por una pedagog\u00eda alimentaria<\/em> Grupo Estudios Agroecol\u00f3gicos de los GAKs<\/a><\/p>\n<p><a href=\"https:\/\/marina.swarpeca.es\/revista\/IMG\/pdf\/contra_presidencia_espanola_UE_2.pdf\"><em>Soberania Alimentaria y Ecofeminismo<\/em> Pilar Galindo, Colectivo Feminista Las Garbancitas<\/a><\/p>\n<p><a href=\"https:\/\/marina.swarpeca.es\/revista\/IMG\/pdf\/contra_presidencia_espanola_I.pdf\"><em>Soberan\u00eda Alimentaria y Consumo Responsable. Seguridad Alimentaria para un mundo rural vivo<\/em> Pilar Galindo, GAKs<\/a><\/p>\n<p><a href=\"https:\/\/marina.swarpeca.es\/revista\/IMG\/pdf\/presidencia_espanola_UE.pdf\"><em>Presidencia Espa\u00f1ola de la Uni\u00f3n Europea<\/em> Colectivos firmantes de la Campa\u00f1a<\/a> <\/p>\n<p>&#8211; Enlace a la Campa\u00f1a del \u00c1rea de Agroecolog\u00eda y Consumo Responsable: <a href=\"https:\/\/www.nodo50.org\/lagarbancitaecologica\/garbancita\/index.php?option=com_content&#038;view=category&#038;id=69&#038;Itemid=81\">La Garbancita Ecol\u00f3gica<\/a><\/p>\n<p>1\u00aa entrega del \u00c1rea Solidaridad Internacionalista con los Pueblos en Lucha: <a href=\"https:\/\/marina.swarpeca.es\/revista\/IMG\/pdf\/contra_agresiones_sionistas.pdf\"><em>Contra las agresiones sionistas perpetradas sobre Gaza y Jerusalen Este<\/em><\/a><\/p>\n<p>&#8211; Enlace a la Campa\u00f1a del \u00c1rea de Solidaridad Internacionalista con los Pueblos en Lucha: <a href=\"https:\/\/www.nodo50.org\/caes\/articulo.php?p=1320&#038;more=1&#038;c=1\">Centro de Asesor\u00eda y Estudios Sociales (CAES)<\/a><\/p>\n<p>(9 de abril de 2010)<\/p>\n","protected":false},"excerpt":{"rendered":"<p>El s\u00e1bado 10 de abril de 2010 en el Ateneo de Madrid: <a href=\"http:\/\/marina.swarpeca.es\/IMG\/pdf\/CARTEL_ATENEO.pdf\"><em>Agroecolog\u00eda, consumo responsable y educaci\u00f3n alimentaria en el contexto de la Uni\u00f3n Europea. Problemas y alternativas<\/em><\/a>. Y el s\u00e1bado 17 de abril de 2010 D\u00eda de las Luchas Campesinas: <a href=\"http:\/\/marina.swarpeca.es\/IMG\/pdf\/CARTEL_ATENEO.pdf\">Manifestaci\u00f3n Antitransg\u00e9nicos<\/a>. <em>Por una agricultura y una alimentaci\u00f3n libres de transg\u00e9nicos<\/em>. <em>Coexistencia con transg\u00e9nicos, no, no y no<\/em>. <em>Ni producidos, ni importados, ni consumidos<\/em>. <em>Prohibici\u00f3n total<\/em> \/\/ En la sociedad capitalista la educaci\u00f3n es un instrumento muy poderoso: sirve para legitimar las desigualdades y la explotaci\u00f3n, mientras prepara la mano de obra que necesita el sistema y contribuye a la de-formaci\u00f3n de las personas, convirti\u00e9ndolas en consumidoras pasivas. <\/p>\n","protected":false},"author":1,"featured_media":993,"comment_status":"closed","ping_status":"open","sticky":false,"template":"","format":"standard","meta":{"footnotes":""},"categories":[5],"tags":[],"_links":{"self":[{"href":"https:\/\/marina.swarpeca.es\/revista\/wp-json\/wp\/v2\/posts\/994"}],"collection":[{"href":"https:\/\/marina.swarpeca.es\/revista\/wp-json\/wp\/v2\/posts"}],"about":[{"href":"https:\/\/marina.swarpeca.es\/revista\/wp-json\/wp\/v2\/types\/post"}],"author":[{"embeddable":true,"href":"https:\/\/marina.swarpeca.es\/revista\/wp-json\/wp\/v2\/users\/1"}],"replies":[{"embeddable":true,"href":"https:\/\/marina.swarpeca.es\/revista\/wp-json\/wp\/v2\/comments?post=994"}],"version-history":[{"count":0,"href":"https:\/\/marina.swarpeca.es\/revista\/wp-json\/wp\/v2\/posts\/994\/revisions"}],"wp:featuredmedia":[{"embeddable":true,"href":"https:\/\/marina.swarpeca.es\/revista\/wp-json\/wp\/v2\/media\/993"}],"wp:attachment":[{"href":"https:\/\/marina.swarpeca.es\/revista\/wp-json\/wp\/v2\/media?parent=994"}],"wp:term":[{"taxonomy":"category","embeddable":true,"href":"https:\/\/marina.swarpeca.es\/revista\/wp-json\/wp\/v2\/categories?post=994"},{"taxonomy":"post_tag","embeddable":true,"href":"https:\/\/marina.swarpeca.es\/revista\/wp-json\/wp\/v2\/tags?post=994"}],"curies":[{"name":"wp","href":"https:\/\/api.w.org\/{rel}","templated":true}]}}