{"id":991,"date":"2010-04-06T04:22:25","date_gmt":"2010-04-06T04:22:25","guid":{"rendered":"https:\/\/marina.swarpeca.es\/revista\/2010\/04\/06\/confirmada-culpabilidad-de-total-erika-une-reelle-victoire-pour-lenvironnement\/"},"modified":"2010-04-06T04:22:25","modified_gmt":"2010-04-06T04:22:25","slug":"confirmada-culpabilidad-de-total-erika-une-reelle-victoire-pour-lenvironnement","status":"publish","type":"post","link":"https:\/\/marina.swarpeca.es\/revista\/confirmada-culpabilidad-de-total-erika-une-reelle-victoire-pour-lenvironnement\/","title":{"rendered":"Confirmada culpabilidad de &#8216;Total&#8217; \/ Erika: une r\u00e9elle victoire pour l&#8217;environnement"},"content":{"rendered":"\n<p><strong>Mardi 30 mars 2010, la Cour d\u2019appel de Paris a confirm\u00e9 le jugement de premi\u00e8re instance dans l\u2019affaire de l\u2019Erika: France Nature Environnement se f\u00e9licite de la condamnation de tous les acteurs de la fili\u00e8re maritime responsables de ce naufrage, y compris de l\u2019affr\u00e9teur TOTAL. Elle souligne aussi la reconnaissance du pr\u00e9judice environnemental subi par les collectivit\u00e9s territoriales et les associations<\/strong>.<\/p>\n<p><strong>Un jugement de premi\u00e8re instance ambitieux \u2026<\/strong><\/p>\n<p>Le 16 janvier 2008, le tribunal correctionnel de Paris avait condamn\u00e9 le g\u00e9ant TOTAL, affr\u00e9teur du navire \u00abpoubelle\u00bb \u00e0 participer aux d\u00e9dommagements des victimes de l\u2019Erika et reconnu l\u2019existence d\u2019un pr\u00e9judice environnemental: ainsi toute l\u2019importance de la pr\u00e9vention du dommage \u00e9cologique par les acteurs maritimes \u00e9tait clairement mise en avant. Rappelons que le naufrage de l\u2019Erika a engendr\u00e9 une pollution de nos c\u00f4tes sur 400 km.<\/p>\n<p><strong>L\u2019arr\u00eat du 30 mars 2010: une victoire confirm\u00e9e<\/strong><\/p>\n<p>Plus de 10 ans apr\u00e8s ce naufrage, la cour d\u2019appel de Paris a confirm\u00e9 la responsabilit\u00e9 de l\u2019affr\u00e9teur TOTAL, qui ne pourra plus se d\u00e9douaner de sa responsabilit\u00e9 dans le choix et le contr\u00f4le des navires affr\u00e9t\u00e9s pour le transport de marchandises dangereuses. La cour a en effet confirm\u00e9 que TOTAL avait \u00ab<em>commis une faute d&#8217;imprudence en relation de causalit\u00e9 avec le naufrage<\/em>\u00ab.<\/p>\n<p>Pour Raymond Leost, responsable du r\u00e9seau juridique de FNE, \u00ab<em>le principe pollueur payeur prend tout son sens dans cette affaire et c\u2019est \u00e0 cette condition que l\u2019on ne transportera plus de mati\u00e8res dangereuses au moyen de navires poubelles et que l\u2019on assurera la s\u00e9curit\u00e9 du milieu marin et la pr\u00e9vention des catastrophes maritimes<\/em>\u00bb<\/p>\n<p><strong>La reconnaissance du dommage \u00e9cologique<\/strong><\/p>\n<p>Enfin, la cour d\u2019appel de Paris a confirm\u00e9 l\u2019existence d\u2019un dommage \u00e9cologique cr\u00e9\u00e9 par le naufrage de l\u2019Erika ainsi que la n\u00e9cessit\u00e9 de r\u00e9parer l\u2019atteinte caus\u00e9 au vivant. Il a ainsi condamn\u00e9 les responsables \u00e0 indemniser plusieurs associations mais \u00e9galement les collectivit\u00e9s territoriales!<\/p>\n<p>Au del\u00e0 de la reconnaissance du droit des associations \u00e0 demander r\u00e9paration de ce pr\u00e9judice, FNE estime elle aussi que l\u2019Etat fran\u00e7ais doit se saisir imm\u00e9diatement de cet enjeu de civilisation d\u00e9terminant pour le rapport de l\u2019Homme \u00e0 la Nature car il dispose des moyens pour envisager des op\u00e9rations de reconstitution du milieu. Comme la cour l&#8217;a soulign\u00e9 elle-m\u00eame, l&#8217;homme ne peut \u00eatre appr\u00e9hend\u00e9 isol\u00e9ment de son milieu naturel.<\/p>\n<p>Il est imp\u00e9ratif de mettre en \u0153uvre tr\u00e8s rapidement les engagements du Grenelle de la mer, pris \u00e0 l\u2019initiative de France Nature Environnement et de ses associations membres qui r\u00e9clament une \u00e9volution du droit national et international en faveur de \u00ab<em>la juste r\u00e9paration des dommages caus\u00e9s \u00e0 l\u2019environnement marin<\/em>\u00bb pour \u00ab<em>tendre vers la disparition ou la r\u00e9duction drastique de la pollution li\u00e9e aux activit\u00e9s maritimes<\/em>\u00bb.<\/p>\n<p>&#8211; Fuente: <a href=\"https:\/\/www.fne.asso.fr\/fr\/erika--une-reelle-victoire-pour-lenvironnement.html?cmp_id=33&#038;news_id=1594&#038;vID=1\">France Nature Environnement &#8211; La Federation des Associations de Protection de la Nature et de l&#8217;Environnement<\/a><\/p>\n<p><a href=\"https:\/\/www.cyberacteurs.org\/actions\/presentation.php?id=81\">P\u00e9tition Sauvegarde du Puy de Mur<\/a><\/p>\n<p><img loading=\"lazy\" decoding=\"async\" class=\" aligncenter size-full wp-image-988\" src=\"https:\/\/marina.swarpeca.es\/revista\/wp-content\/uploads\/2010\/04\/bandeau-jounal.gif\" alt=\"bandeau-jounal.gif\" align=\"center\" width=\"500\" height=\"70\" \/><\/p>\n<p><em>France<\/em><\/p>\n<p><strong>Erika. Pr\u00e9judice \u00e9cologique confirm\u00e9, indemnit\u00e9s \u00e9tendues \u00e0 toutes les parties civiles<\/strong><\/p>\n<p><em>Justice mardi 30 mars 2010<\/em> <\/p>\n<p><img loading=\"lazy\" decoding=\"async\" class=\" alignleft size-full wp-image-989\" src=\"https:\/\/marina.swarpeca.es\/revista\/wp-content\/uploads\/2010\/04\/erika3.jpg\" alt=\"erika3.jpg\" align=\"left\" width=\"220\" height=\"147\" \/><\/p>\n<p><em> <strong>Fr\u00e9d\u00e9ric Girou<\/strong> <\/em> <\/p>\n<p><strong>La cour d&#8217;appel de Paris a confirm\u00e9 mardi la reconnaissance du \u00ab<em>pr\u00e9judice \u00e9cologique<\/em>\u00bb subi par des collectivit\u00e9s et associations apr\u00e8s le naufrage de l&#8217;Erika en 1999, tout en l&#8217;\u00e9largissant \u00e0 de nouvelles parties civiles, qui avaient \u00e9t\u00e9 d\u00e9bout\u00e9es en premi\u00e8re instance<\/strong>. <\/p>\n<p>Le pr\u00e9judice \u00e9cologique et les indemnit\u00e9s du Morbihan et de la Ligue de protection des oiseaux d\u00e9cid\u00e9es en premi\u00e8re instance sont donc confirm\u00e9es, mais elles sont surtout \u00e9tendues \u00e0 la Bretagne, aux Pays de la Loire, au Poitou-Charente ainsi qu&#8217;aux d\u00e9partements du Finist\u00e8re et de Vend\u00e9e, qui s&#8217;\u00e9taient port\u00e9s parties civiles, ainsi qu&#8217;aux autres associations de protection de la nature.<\/p>\n<p>Plus d&#8217;informations dans le journal <a href=\"https:\/\/www.portage.ouest-france.fr\/modeles\/abonnement\/ABO_Default.aspx?xtor=AL-9\">Ouest-France<\/a> <\/p>\n<p>&#8211; Fuente: <a href=\"https:\/\/www.ouest-france.fr\/region\/bretagne_detail_-Erika.-Prejudice-ecologique-confirme-indemnites-etendues-a-toutes-les-parties-civiles_8619-1315959_actu.Htm\">ouest-france<\/a><\/p>\n<p>&#8211; <strong>La condamnation p\u00e9nale de Total confirm\u00e9e en appel pour l&#8217;Erika<\/strong>?: <a href=\"https:\/\/tempsreel.nouvelobs.com\/depeches\/topnews_reuters\/20100330.REU4286\/total_coupable_mais_pas_responsable_du_naufrage_de_leri.html\">Le Nouvel Observateur<\/a><\/p>\n<p><strong>Confirman la culpabilidad de Total por el vertido del petrolero &#8216;Erika&#8217;<\/strong><\/p>\n<p><strong>El tribunal de apelaci\u00f3n de Par\u00eds confirm\u00f3 este lunes las indemnizaciones concedidas a la parte civil en el proceso por el vertido del petrolero &#8216;Erika&#8217;, propiedad de la empresa francesa Total, pero las elev\u00f3 de los 192,5 millones de euros iniciales hasta 200,6 millones de euros<\/strong>. <\/p>\n<p><img loading=\"lazy\" decoding=\"async\" class=\" alignleft size-full wp-image-990\" src=\"https:\/\/marina.swarpeca.es\/revista\/wp-content\/uploads\/2010\/04\/erika_hundimiento.jpg\" alt=\"erika_hundimiento.jpg\" align=\"left\" width=\"225\" height=\"250\" \/><\/p>\n<p>El tribunal confirm\u00f3 que Total cometi\u00f3 una \u00ab<em>falta de imprudencia<\/em>\u00bb que provoc\u00f3 el naufragio del buque frente a las costas de Finisterre en diciembre de 1999 y el reconocimiento del \u00ab<em>perjuicio ecol\u00f3gico<\/em>\u00bb sufrido por las colectividades y asociaciones civiles demandantes tras el hundimiento, incluyendo en este reconocimiento a otras partes civiles que hab\u00edan sido rechazadas en el primer proceso en primera instancia. <\/p>\n<p><strong>Una cara imprudencia<\/strong><\/p>\n<p>En su veredicto del 16 de enero de 2008, el tribunal correccional de Par\u00eds hab\u00eda condenado a Total, la sociedad de clasificaci\u00f3n Rina, el armador Giuseppe Savarese y el gestor Antonio Pollara al pago solidario de indemnizaciones por valor de 192 millones de euros al centenar de partes civiles personadas. De esta suma, 154 millones recaer\u00edan en el Estado. <\/p>\n<p>Este martes, seg\u00fan informa la prensa gala, el tribunal de apelaci\u00f3n parisino consider\u00f3 que las penas impuestas por \u00ab<em>contaminaci\u00f3n<\/em>\u00bb estaban justificadas \u00ab<em>teniendo en cuenta la amplitud de la contaminaci\u00f3n, la gravedad de las faltas cometidas, los recursos y los cargos de los condenados<\/em>\u00ab. <\/p>\n<p>En el caso concreto de Total, que flet\u00f3 el barco, cometi\u00f3 \u00ab<em>una falta de imprudencia en relaci\u00f3n de causalidad con el naufragio<\/em>\u00bb del &#8216;Erika&#8217;. Para el magistrado jefe del tribunal, Joseph Valantin, el hundimiento fue \u00ab<em>la consecuencia directa de una grave corrosi\u00f3n al nivel en el que el &#8216;Erika&#8217; se quebr\u00f3<\/em>\u00bb &#8211;el barco se parti\u00f3 en dos y se hundi\u00f3&#8211;. Dicha corrosi\u00f3n, a\u00f1ade la corte, \u00ab<em>est\u00e1 directamente relacionada con un mantenimiento insuficiente del barco<\/em>\u00ab. <\/p>\n<p>Por \u00faltimo, el tribunal ampli\u00f3 este martes las colectividades y agrupaciones que se beneficiar\u00e1n de las indemnizaci\u00f3n por la contaminaci\u00f3n, si bien no especific\u00f3 qu\u00e9 monto recibir\u00e1n. Inicialmente se hab\u00eda aceptado como parte al departamento de Morbihan, pero se hab\u00eda rechazado a los de Breta\u00f1a, Poitou-Charentes y Pa\u00eds del Loira, que reclamaban 30 millones de euros cada uno, as\u00ed como los de Finisterre y Vend\u00e9e, que ped\u00edan 10 millones cada uno. <\/p>\n<p>El naufragio del &#8216;Erika&#8217; el 12 de diciembre de 1999 provoc\u00f3 una marea negra que afect\u00f3 400 kil\u00f3metros de costa y a 150.000 aves. Fuente: ecodiario.org<\/p>\n<p>&#8211; Fuente: <a href=\"https:\/\/inicioesferaazul.blogspot.com\/2010\/03\/confirman-la-culpabilidad-de-total-por.html\">Esfera Azul<\/a><\/p>\n<p>&#8211; M\u00e1s informaci\u00f3n: <a href=\"https:\/\/herbogeminis.com\/revista\/IMG\/pdf\/ERIKA.pdf\">-Condena a \u00abTotal\u00bb por el hundimiento del Erika: su reflejo en castellano wikio.es -El hundimiento del Erika 12-12-1999 amarre.com -Desastres mar\u00edtimos el hundimiento del Erika casos similares hasta 1991 apuntes.rincondelvago.com<\/a>.<\/p>\n<p>&#8211; Comunicaci\u00f3n de la Comisi\u00f3n al Parlamento Europeo, publicada a ra\u00edz del naufragio del petrolero Erika: <a href=\"https:\/\/herbogeminis.com\/revista\/IMG\/pdf\/seguridad_maritima_Erika.pdf\">propuestas para aumentar la seguridad del transporte mar\u00edtimo de productos petrol\u00edferos 21-03-2000<\/a>.<\/p>\n<p><object width=\"340\" height=\"285\"><param name=\"movie\" value=\"https:\/\/www.youtube.com\/v\/vKcj6ByG0nk&#038;hl=es_ES&#038;fs=1&#038;\"><\/param><param name=\"allowFullScreen\" value=\"true\"><\/param><param name=\"allowscriptaccess\" value=\"always\"><\/param><embed src=\"https:\/\/www.youtube.com\/v\/vKcj6ByG0nk&#038;hl=es_ES&#038;fs=1&#038;\" type=\"application\/x-shockwave-flash\" allowscriptaccess=\"always\" allowfullscreen=\"true\" width=\"340\" height=\"285\"><\/embed><\/object><\/p>\n<p><em>UC3M 14 de diciembre de 2009<\/em>: <strong>Un estudio realizado por investigadores de la Universidad Carlos III de Madrid (UC3M) concluye que las pol\u00edticas p\u00fablicas de prevenci\u00f3n y lucha contra la contaminaci\u00f3n marina por vertidos apenas han cambiado despu\u00e9s del accidente del <em>Prestige<\/em> de hace siete a\u00f1os<\/strong>.<\/p>\n<p><object width=\"340\" height=\"285\"><param name=\"movie\" value=\"https:\/\/www.youtube.com\/v\/UY1Sm6Y1On0&#038;hl=es_ES&#038;fs=1&#038;border=1\"><\/param><param name=\"allowFullScreen\" value=\"true\"><\/param><param name=\"allowscriptaccess\" value=\"always\"><\/param><embed src=\"https:\/\/www.youtube.com\/v\/UY1Sm6Y1On0&#038;hl=es_ES&#038;fs=1&#038;border=1\" type=\"application\/x-shockwave-flash\" allowscriptaccess=\"always\" allowfullscreen=\"true\" width=\"340\" height=\"285\"><\/embed><\/object><\/p>\n<p><em>fontanjuan 24 de marzo de 2008 Hundimiento del buque petrolero Prestige en las costas de Galicia<\/em>: <strong>El vertido del petrolero \u00ab<em>Prestige<\/em>\u00bb frente a la costa gallega en 2002 afect\u00f3 a la estructura celular de los mejillones, seg\u00fan un estudio realizado en la Universidad del Pa\u00eds Vasco (UPV). Esta conclusi\u00f3n se recoge en la tesis elaborada por la bi\u00f3loga <em>Larraitz Garmendia<\/em>, seg\u00fan ha informado hoy la UPV, que ha estudiado entre 2003 y 2006 muestras de mejillones tomadas en 22 puntos de la costa gallega y el Golfo de Vizcaya.<br \/>\nEn el estudio se constata que a partir de 2004 comenz\u00f3 la recuperaci\u00f3n de los mejillones, en los que se hab\u00eda producido una reducci\u00f3n del tama\u00f1o de los org\u00e1nulos encargados de la digesti\u00f3n celular y desestabilizaci\u00f3n de la membrana celular, as\u00ed como en la respuesta inmune de estos moluscos.<br \/>\nLa recuperaci\u00f3n comenz\u00f3 en 2004 en las costas gallegas y en 2005 en las aguas del Golfo de Vizcaya, aunque, seg\u00fan la bi\u00f3loga, en 2006 todav\u00eda no se hab\u00edan alcanzado los niveles anteriores al vertido del \u00ab<em>Prestige<\/em>\u00bb, salvo en el caso del tama\u00f1o de los org\u00e1nulos de la digesti\u00f3n celular. M\u00fasica <em>Cup Of Coffee<\/em> (Garbage)<\/strong>.<\/p>\n<p><object width=\"340\" height=\"285\"><param name=\"movie\" value=\"https:\/\/www.youtube.com\/v\/BaZS8ylgpxc&#038;hl=es_ES&#038;fs=1&#038;border=1\"><\/param><param name=\"allowFullScreen\" value=\"true\"><\/param><param name=\"allowscriptaccess\" value=\"always\"><\/param><embed src=\"https:\/\/www.youtube.com\/v\/BaZS8ylgpxc&#038;hl=es_ES&#038;fs=1&#038;border=1\" type=\"application\/x-shockwave-flash\" allowscriptaccess=\"always\" allowfullscreen=\"true\" width=\"340\" height=\"285\"><\/embed><\/object><\/p>\n<p><em>loko77beto 01 de febrero de 2008<\/em>: <strong>la cancion de la fuga en gallego<\/strong>.<\/p>\n<p><object width=\"340\" height=\"285\"><param name=\"movie\" value=\"https:\/\/www.youtube.com\/v\/-fIS13zuaGQ&#038;hl=es_ES&#038;fs=1&#038;border=1\"><\/param><param name=\"allowFullScreen\" value=\"true\"><\/param><param name=\"allowscriptaccess\" value=\"always\"><\/param><embed src=\"https:\/\/www.youtube.com\/v\/-fIS13zuaGQ&#038;hl=es_ES&#038;fs=1&#038;border=1\" type=\"application\/x-shockwave-flash\" allowscriptaccess=\"always\" allowfullscreen=\"true\" width=\"340\" height=\"285\"><\/embed><\/object><\/p>\n<p><em>xoxu69 24 de marzo de 2008<\/em>: <strong>La Fuga En Ac\u00fastico<\/strong>.<\/p>\n<p><object width=\"340\" height=\"285\"><param name=\"movie\" value=\"https:\/\/www.youtube.com\/v\/GtToyMQUWwg&#038;hl=es_ES&#038;fs=1&#038;border=1\"><\/param><param name=\"allowFullScreen\" value=\"true\"><\/param><param name=\"allowscriptaccess\" value=\"always\"><\/param><embed src=\"https:\/\/www.youtube.com\/v\/GtToyMQUWwg&#038;hl=es_ES&#038;fs=1&#038;border=1\" type=\"application\/x-shockwave-flash\" allowscriptaccess=\"always\" allowfullscreen=\"true\" width=\"340\" height=\"285\"><\/embed><\/object><\/p>\n<p><em>foti13 23 de octubre de 2006<\/em>: <strong>video que hice sobre la catastrofe del <em>prestige<\/em> <\/strong>.<\/p>\n<p><object width=\"340\" height=\"285\"><param name=\"allowfullscreen\" value=\"true\" \/><param name=\"allowscriptaccess\" value=\"always\" \/><param name=\"movie\" value=\"https:\/\/vimeo.com\/moogaloop.swf?clip_id=3832433&#038;server=vimeo.com&#038;show_title=1&#038;show_byline=1&#038;show_portrait=0&#038;color=&#038;fullscreen=1\" \/><embed src=\"https:\/\/vimeo.com\/moogaloop.swf?clip_id=3832433&#038;server=vimeo.com&#038;show_title=1&#038;show_byline=1&#038;show_portrait=0&#038;color=&#038;fullscreen=1\" type=\"application\/x-shockwave-flash\" allowfullscreen=\"true\" allowscriptaccess=\"always\" width=\"340\" height=\"285\"><\/embed><\/object><\/p>\n<p><a href=\"https:\/\/vimeo.com\/3832433\">Jason DeCaires Taylor Underwater Sculpture<\/a> from <a href=\"https:\/\/vimeo.com\/user1029032\">Christian Sandino-Taylor<\/a> on <a href=\"https:\/\/vimeo.com\">Vimeo<\/a>.<\/p>\n<p>(6 de abril de 2010)<\/p>\n","protected":false},"excerpt":{"rendered":"<p><em>Beau \u00ab<em>cadeau d&#8217;anniversaire<\/em>\u00bb pour notre association cr\u00e9\u00e9e il y a dix ans: La condamnation p\u00e9nale de Total confirm\u00e9e en appel pour l&#8217;Erika<\/em>\u200e. La cyber @ction Erika fut l&#8217;une des premi\u00e8res (la 7\u00e8: traduite en 8 langues)<br \/>\nvoir l&#8217;un des premiers articles sur Cyber @cteurs dans la <a href=\"http:\/\/oeil.electrique.free.fr\/article.php?articleid=97&#038;numero=14\">revue l&#8217;oeil Electrique<\/a>. Si nous ne pouvons pas pr\u00e9tendre que cette cyber @ction lanc\u00e9e 48 heures apr\u00e8s la catastrophe est pour quelque chose dans ce r\u00e9sultat, notre action aura au moins permis de faire circuler l&#8217;information et de populariser l&#8217;id\u00e9e que les associations doivent \u00eatre consid\u00e9r\u00e9es comme des acteurs \u00e0 part enti\u00e8re et que le dommage \u00e9cologique doit \u00eatre pris en compte dans les catastrophes li\u00e9es \u00e0 des pollutions. Votre souris a du pouvoir: ce serait dommage de ne pas l&#8217;utiliser.<\/p>\n","protected":false},"author":1,"featured_media":987,"comment_status":"closed","ping_status":"open","sticky":false,"template":"","format":"standard","meta":{"footnotes":""},"categories":[6],"tags":[],"_links":{"self":[{"href":"https:\/\/marina.swarpeca.es\/revista\/wp-json\/wp\/v2\/posts\/991"}],"collection":[{"href":"https:\/\/marina.swarpeca.es\/revista\/wp-json\/wp\/v2\/posts"}],"about":[{"href":"https:\/\/marina.swarpeca.es\/revista\/wp-json\/wp\/v2\/types\/post"}],"author":[{"embeddable":true,"href":"https:\/\/marina.swarpeca.es\/revista\/wp-json\/wp\/v2\/users\/1"}],"replies":[{"embeddable":true,"href":"https:\/\/marina.swarpeca.es\/revista\/wp-json\/wp\/v2\/comments?post=991"}],"version-history":[{"count":0,"href":"https:\/\/marina.swarpeca.es\/revista\/wp-json\/wp\/v2\/posts\/991\/revisions"}],"wp:featuredmedia":[{"embeddable":true,"href":"https:\/\/marina.swarpeca.es\/revista\/wp-json\/wp\/v2\/media\/987"}],"wp:attachment":[{"href":"https:\/\/marina.swarpeca.es\/revista\/wp-json\/wp\/v2\/media?parent=991"}],"wp:term":[{"taxonomy":"category","embeddable":true,"href":"https:\/\/marina.swarpeca.es\/revista\/wp-json\/wp\/v2\/categories?post=991"},{"taxonomy":"post_tag","embeddable":true,"href":"https:\/\/marina.swarpeca.es\/revista\/wp-json\/wp\/v2\/tags?post=991"}],"curies":[{"name":"wp","href":"https:\/\/api.w.org\/{rel}","templated":true}]}}