{"id":985,"date":"2010-04-13T02:15:19","date_gmt":"2010-04-13T02:15:19","guid":{"rendered":"https:\/\/marina.swarpeca.es\/revista\/2010\/04\/13\/taller-para-futuros-padres-y-profesionales-de-la-maternidad-jesusa-ricoy-olariaga-en-madrid\/"},"modified":"2010-04-13T02:15:19","modified_gmt":"2010-04-13T02:15:19","slug":"taller-para-futuros-padres-y-profesionales-de-la-maternidad-jesusa-ricoy-olariaga-en-madrid","status":"publish","type":"post","link":"https:\/\/marina.swarpeca.es\/revista\/taller-para-futuros-padres-y-profesionales-de-la-maternidad-jesusa-ricoy-olariaga-en-madrid\/","title":{"rendered":"Taller para futuros padres y profesionales de la maternidad: Jesusa Ricoy Olariaga en Madrid"},"content":{"rendered":"<p><strong>El Taller para futuros padres \u201c<em>Parto con amor<\/em>\u201d va dirigido a futuras mam\u00e1s y sus acompa\u00f1antes<\/strong> (la persona que vaya a estar con ellas en el parto). No importa en qu\u00e9 momento de la gestaci\u00f3n se encuentren. De especial inter\u00e9s para quienes est\u00e9n considerando un parto en casa u otras alternativas similares.<\/p>\n<p>\u00bfPara qu\u00e9 es este Taller?: * Para conocer a otras parejas afines; * Para fomentar la decisi\u00f3n informada; * Para aprender t\u00e9cnicas y ejercicios que nos ayuden durante el parto; * Para dar seguridad a la hora de decidir y de parir; * Para ofrecer alternativas, y * Para celebrar el nacimiento.<\/p>\n<p>\u00bfQu\u00e9 voy a aprender?: * A desintoxicarme del parto con dolor como \u00fanica visi\u00f3n del parto; * A entender c\u00f3mo el cuerpo de la mujer est\u00e1 preparado para parir; * Por qu\u00e9 el lugar donde parimos es fundamental para el parto; * La importancia de las hormonas durante el parto; * Posturas para el parto; * T\u00e9cnicas de respiraci\u00f3n, relajaci\u00f3n y masaje; * A informarme antes de decidir; * C\u00f3mo decidir, y * Por qu\u00e9 la forma de parir puede cambiarnos y cambiar el mundo.<\/p>\n<p><strong>El Taller para Profesionales de la Maternidad va dirigido a doulas, matronas, terapeutas, consejeras de lactancia y todo aquel que trabaje informando o educando a futuros padres<\/strong>.<\/p>\n<p>\u00bfPara qu\u00e9 es este Taller?: * Para entender la importancia de la educaci\u00f3n perinatal como agente de cambio; * Para fomentar la decisi\u00f3n informada; * Para aprender nuevas t\u00e9cnicas y ejercicios que fomenten el aprendizaje; * Para estimular la creatividad y enriquecer el trabajo de aquellos que educan a futuros padres.<\/p>\n<p>\u00bfQu\u00e9 voy a aprender?: * Una gran variedad de formas de hablar sobre un tema, inducci\u00f3n, lactancia, p\u00e9rdida; * Maneras din\u00e1micas de estimular el aprendizaje en los adultos; * C\u00f3mo crear elementos visuales para las clases de manera casera; * C\u00f3mo estructurar un curso; * Qu\u00e9 es la facilitaci\u00f3n y por qu\u00e9 importa; * C\u00f3mo tratar temas dificiles; *  Ejercicios para utilizar durante las clases.<\/p>\n<p><img loading=\"lazy\" decoding=\"async\" class=\" aligncenter size-full wp-image-982\" src=\"https:\/\/marina.swarpeca.es\/revista\/wp-content\/uploads\/2010\/04\/Rompiendo_aguas.jpg\" alt=\"Rompiendo_aguas.jpg\" align=\"center\" width=\"200\" height=\"87\" \/><br \/>\n<br \/>_ _ _ _ _ _ _ _ _ _ _ _ _ _  _  _ _ _ _ _ _ _ _ _ _ _ _ _ _ _ _ _ _ _ _ _ _ _ _ _ _ _ _ _ _ _ _ <\/p>\n<p><em> <strong>SUE\u00d1O INFANTIL: DECLARACI\u00d3N SOBRE EL LLANTO DE LOS BEB\u00c9S<\/strong> <\/em><\/p>\n<p><em>Autor: Colectivo<\/em><\/p>\n<p><img loading=\"lazy\" decoding=\"async\" class=\" aligncenter size-full wp-image-983\" src=\"https:\/\/marina.swarpeca.es\/revista\/wp-content\/uploads\/2010\/04\/ninos_despiertos_noche.gif\" alt=\"ninos_despiertos_noche.gif\" align=\"center\" width=\"149\" height=\"66\" \/><\/p>\n<p><strong>Las madres y los padres, aunque nos han educado en la creencia de que &#8216;es normal que los ni\u00f1os lloren&#8217; y que &#8216;hay que dejarles llorar para que se acostumbren&#8217;, y por ello estamos especialmente insensibilizadas para que su llanto no nos afecte, a veces no somos capaces de tolerarlo<\/strong>.<\/p>\n<p><em>Cuando un reci\u00e9n nacido aprende en una sala de nido que es in\u00fatil gritar &#8230; <\/p>\n<p>est\u00e1 sufriendo su primera experiencia  de sumisi\u00f3n. (Michel Odent)<\/em><\/p>\n<p>Hombres y mujeres, cient\u00edficas y profesionales que trabajamos en distintos campos de la vida y del conocimiento, madres y padres preocupados por el mundo en el que nuestros hijos e hijas van a crecer, hemos cre\u00eddo necesario hacer la siguiente declaraci\u00f3n:<\/p>\n<p>Es cierto que es frecuente que los beb\u00e9s de nuestra sociedad Occidental lloren, pero no es cierto que &#8216;sea normal&#8217;. Los beb\u00e9s lloran siempre por algo que les produce malestar: sue\u00f1o, miedo, hambre, o el m\u00e1s frecuente, y que suele ser causa de los anteriores, la falta del contacto f\u00edsico con su madre u otras personas del entorno afectivo.<\/p>\n<p>El llanto es el \u00fanico mecanismo que los beb\u00e9s tienen para hacernos llegar su sensaci\u00f3n de malestar, sea cual sea la raz\u00f3n del mismo; en sus expectativas, en su continuum filogen\u00e9tico no est\u00e1 previsto que ese llanto no sea atendido, pues no tienen otro medio de avisar sobre el malestar que sienten ni pueden por s\u00ed mismos tomar las medidas para solventarlo.<\/p>\n<p>El cuerpo del beb\u00e9 reci\u00e9n nacido est\u00e1 dise\u00f1ado para tener en el regazo materno todo cuanto necesita, para sobrevivir y para sentirse bien: alimento, calor, apego; por esta raz\u00f3n no tiene noci\u00f3n de la espera, ya que estando en el lugar que le corresponde, tiene a su alcance todo cuanto necesita; el beb\u00e9 criado en el cuerpo a cuerpo con la madre desconoce la sensaci\u00f3n de necesidad, de hambre, de fr\u00edo, de soledad, y no llora nunca. Como dice la norteamericana Jean Liedloff, en su obra The Continuum Concept, el lugar del beb\u00e9 no es la cuna ni la sillita ni el cochecito, sino el regazo humano. Esto es cierto durante el primer a\u00f1o de vida; y los dos primeros meses de forma casi exclusiva (por eso la antigua famosa &#8216;cuarentena&#8217; de las reci\u00e9n paridas); luego, los regazos de otros cuerpos del entorno pueden ser sustitutivos algunos ratos. El propio desarrollo del beb\u00e9 indica el fin del periodo simbi\u00f3tico: cuando se termina la osificaci\u00f3n y el beb\u00e9 empieza a andar: entonces empieza poco a poco a hacerse aut\u00f3nomo y a deshacerse el estado simbi\u00f3tico.<\/p>\n<p>La verdad es obvia, sencilla y evidente.<\/p>\n<p>El beb\u00e9 lactante toma la leche id\u00f3nea para su sistema digestivo y adem\u00e1s puede regular su composici\u00f3n con la duraci\u00f3n de las tetadas, con lo cual el beb\u00e9 criado en el regazo de la madre no suele tener problemas digestivos.<\/p>\n<p>Cuando la criatura llora y no se le atiende, llora con m\u00e1s y m\u00e1s desesperaci\u00f3n porque est\u00e1 sufriendo. Hay psic\u00f3logos que aseguran que cuando se deja sin atender el llanto de un beb\u00e9 m\u00e1s de tres minutos, algo profundo se quiebra en la integridad de la criatura, as\u00ed como la confianza en su entorno.<\/p>\n<p>Las madres y los padres, aunque nos han educado en la creencia de que &#8216;es normal que los ni\u00f1os lloren&#8217; y que &#8216;hay que dejarles llorar para que se acostumbren&#8217;, y por ello estamos especialmente insensibilizadas para que su llanto no nos afecte, a veces no somos capaces de tolerarlo. Como es natural si estamos un poco cerca de ellos, sentimos su sufrimiento y lo sentimos como un sufrimiento propio. Se nos revuelven las entra\u00f1as y no podemos consentir su dolor. No estamos del todo deshumanizadas. Por eso los m\u00e9todos conductistas proponen ir poco a poco, para cada d\u00eda aguantar un poquito m\u00e1s ese sufrimiento mutuo. Esto tiene un nombre com\u00fan, que es la \u2018administraci\u00f3n de la tortura&#8217;, pues es una verdadera tortura la que infligimos a los beb\u00e9s cuando hacemos \u00e9sto, y nos infligimos a nosotras mismas, por mucho que se disfrace de norma pedag\u00f3gica o pedi\u00e1trica.<\/p>\n<p>Varios cient\u00edficos estadounidenses y canadiense (bi\u00f3logos, neur\u00f3logos, psiquiatras, etc.), en la d\u00e9cada de los noventa, realizaron diferentes investigaciones de gran importancia en relaci\u00f3n a la etapa primal de la vida humana; demostraron que el roce piel con piel, cuerpo a cuerpo, del beb\u00e9 con su madre y dem\u00e1s allegados, produce unos moduladores qu\u00edmicos necesarios para la formaci\u00f3n de las neuronas y del sistema inmunol\u00f3gico; en fin, que la carencia de afecto corporal trastorna el desarrollo normal de las criaturas humanas. Por eso los beb\u00e9s, cuando se les deja dormir sol@s en sus cunas, lloran reclamando lo que su naturaleza sabe que les pertenece.<\/p>\n<p>En Occidente se ha creado en los \u00faltimos 50 a\u00f1os una cultura y unos h\u00e1bitos, impulsados por las multinacionales del sector, que elimina este cuerpo a cuerpo de la madre con la criatura y deshumaniza la crianza: al sustituir la piel por el pl\u00e1stico y la leche humana por la leche artificial, se separa m\u00e1s y m\u00e1s a la criatura de su madre. Incluso se han fabricado modelos de walkyes talkys especiales para escuchar al beb\u00e9 desde habitaciones alejadas de la suya. El desarrollo industrial y tecnol\u00f3gico no se ha puesto al servicio de las peque\u00f1as criaturas humanas, llegando la robotizaci\u00f3n de las funciones maternas a extremos insospechados.<\/p>\n<p>Simult\u00e1neamente a esta cultura de la crianza de los beb\u00e9s, se medicaliza cada vez m\u00e1s la maternidad de las mujeres; lo que tendr\u00eda que ser una etapa gozosa de nuestra vida sexual, se convierte en una penosa enfermedad. Entregadas a los protocolos m\u00e9dicos, las mujeres adormecemos la sensibilidad y el contacto con nuestros cuerpos, y nos perdemos una parte de nuestra sexualidad: el placer de la gestaci\u00f3n, del parto y de la exterogestaci\u00f3n, lactancia incluida. Paralelamente las mujeres hemos accedido a un mundo laboral y profesional masculino, hecho por los hombres y para los hombres, y que por tanto excluye la maternidad; por eso la maternidad en la sociedad industrializada ha quedado encerrada en el \u00e1mbito privado y dom\u00e9stico. Sin embargo, durante milenios la mujer ha realizado sus tareas y sus actividades con sus criaturas colgadas de sus cuerpos, como todav\u00eda sucede en las sociedades no occidentalizadas. La imagen de la mujer con su criatura tiene que volver a los escenarios p\u00fablicos, laborales y profesionales, so pena de destruir el futuro del desarrollo humano.<\/p>\n<p>A corto plazo parece que el modelo de crianza robotizado no es da\u00f1ino, que no pasa nada, que las criaturas sobreviven; pero cient\u00edficos como Michel Odent (1999 y www.primal-health.org), apoy\u00e1ndose en diversos estudios epidemiol\u00f3gicos, han demostrado la relaci\u00f3n directa entre diferentes aspectos de esta robotizaci\u00f3n y enfermedades que sobrevienen en la edad adulta. Por otro lado, la violencia creciente en todos los \u00e1mbitos tanto p\u00fablicos como privados, como han demostrado los estudios de la psic\u00f3loga suizo-alemana Alice Miller (1980) y del neurofisi\u00f3logo estadounidense James W. Prescott (1975), por citar s\u00f3lo dos nombres, tambi\u00e9n procede del mal trato y de la falta de placer corporal en la etapa primera de la vida humana. Tambi\u00e9n hay estudios que demuestran la correlaci\u00f3n entre la adicci\u00f3n a las drogas y los trastornos mentales, con agresiones y abandonos sufridos en la etapa primal. Por eso los beb\u00e9s lloran cuando les falta lo que se les quita ; ell@s saben lo que necesitan, lo que les corresponder\u00eda en ese momento de sus vidas.<\/p>\n<p>Deber\u00edamos sentir un profundo respeto y reconocimiento hacia el llanto de los beb\u00e9s, y pensar humildemente que no lloran porque s\u00ed, o mucho menos, porque son malos. Ellas y ellos nos ense\u00f1an lo que estamos haciendo mal.<\/p>\n<p>Tambi\u00e9n deber\u00edamos reconocer lo que sentimos en nuestras entra\u00f1as cuando un beb\u00e9 llora; porque pueden confundir la mente, pero es m\u00e1s dif\u00edcil confundir la percepci\u00f3n visceral. El sitio del beb\u00e9 es nuestro regazo: en esta cuesti\u00f3n, el beb\u00e9 y nuestras entra\u00f1as est\u00e1n de acuerdo, y ambos tienen sus razones.<\/p>\n<p>No es cierto que el co-lecho (la pr\u00e1ctica de que los beb\u00e9s duerman con sus padres) sea un factor de riesgo para el fen\u00f3meno conocido como \u2018muerte s\u00fabita&#8217;. Seg\u00fan The Foundation for the Study of Infant Deaths, la mayor\u00eda de los fallecimientos por \u2018muerte s\u00fabita&#8217; se producen en la cuna. Estad\u00edsticamente, p or lo tanto, es m\u00e1s seguro para el beb\u00e9 dormir en la cama con su madre y su padre que dormir solo, excepto si \u00e9stos son alcoh\u00f3licos o drogadictos o excesivamente obesos. ( Angel Alvarez, primal.es) .<\/p>\n<p>Por todo lo que hemos expuesto, queremos expresar nuestra gran preocupaci\u00f3n ante la difusi\u00f3n del m\u00e9todo propuesto por el neur\u00f3logo E. Estivill en su libro Du\u00e9rmete Ni\u00f1o (basado a su vez en el m\u00e9todo Ferber divulgado en Estados Unidos), para fomentar y ejercitar la tolerancia de las madres y los padres al llanto de sus beb\u00e9s; se trata de un conductismo especialmente radical y especialmente nocivo teniendo en cuenta que el beb\u00e9 est\u00e1 a\u00fan en una etapa de formaci\u00f3n. No es un m\u00e9todo para tratar los trastornos del sue\u00f1o, como a veces se presenta, sino para someter la vida humana en su m\u00e1s temprana edad. Las grav\u00edsimas consecuencias de este m\u00e9todo, han empezado ya a ponerse de manifiesto.<\/p>\n<p>Necesitamos una cultura y una ciencia para una crianza acorde con nuestra naturaleza humana, porque no somos robots, sino seres humanos que sentimos y nos estremecemos cuando nos falta el cuerpo a cuerpo con nuestros mayores. Para contribuir a ello, para que tu hijo o tu hija deje de sufrir YA, y si te sientes mal cuando escuchas llorar a tu beb\u00e9, hazte caso, c\u00f3gele en brazos para sentirle y sentir lo que est\u00e1 pidiendo; posiblemente s\u00f3lo sea eso lo que quiere y necesita, el contacto con tu cuerpo. No se lo niegues.<\/p>\n<p>&#8211; Lista completa de <a href=\"https:\/\/www.suenoinfantil.org\/\">firmas de apoyo a la declaraci\u00f3n<\/a><\/p>\n<p>&#8211; <a href=\"https:\/\/herbogeminis.com\/revista\/IMG\/pdf\/cuando_el_bebe_llora_de_noche.pdf\">Art\u00edculos relacionados<\/a>:<\/p>\n<p>* <em>Cuando el beb\u00e9 llora de noche<\/em>: Varios autores.<\/p>\n<p>* <em>No lo cojas que se acostumbra (El concepto del continuum)<\/em>: Jean Liedloff.<\/p>\n<p>* <em>Por qu\u00e9 los ni\u00f1os se despiertan por la noche<\/em>: Carlos Gonz\u00e1lez.<\/p>\n<p>&#8211; Libros recomendados:<\/p>\n<p>* <em>Dormir sin l\u00e1grimas<\/em>: Rosa Jov\u00e9.<\/p>\n<p>* <em>El concepto del continuum<\/em>: Jean Liedloff.<\/p>\n<p>* <em>B\u00e9same mucho<\/em>: Carlos Gonz\u00e1lez.<\/p>\n<p>&#8211; <a href=\"https:\/\/www.holistika.net\/infancia\/crianza\/sueno_infantil_declaracion_sobre_el_llanto_de_los_bebes.asp\">Fuente: holistika.net<\/a><\/p>\n<p><img loading=\"lazy\" decoding=\"async\" class=\" alignleft size-full wp-image-984\" src=\"https:\/\/marina.swarpeca.es\/revista\/wp-content\/uploads\/2010\/04\/jove.jpg\" alt=\"jove.jpg\" align=\"left\" width=\"60\" height=\"60\" \/><\/p>\n<p>&#8211; <a href=\"https:\/\/multimedia.terra.es\/viewer\/portada.cfm?cod_media=49921\">V\u00eddeo de Rosa Jov\u00e9 sobre el sue\u00f1o infantil<\/a>: entrevista con una duraci\u00f3n de 5&#8242; 58\u00bb, realizada el 24 de mayo de 2006 a Rosa Jov\u00e9, psic\u00f3loga y autora del libro <em>Dormir sin l\u00e1grimas<\/em>.<\/p>\n<p>_ _ _ _ _ _ _ _ _ _ _ _ _ _ _ _ _ _ _ _ _ _ _ _ _ _ _ _ _ _ _ _ _ _ _ _ _ _ _ _ _ _ _ _ _ _ _ _<br \/>\n<object width=\"340\" height=\"285\"><param name=\"movie\" value=\"https:\/\/www.youtube.com\/v\/eFdlYmZvGP4&#038;hl=es_ES&#038;fs=1&#038;border=1\"><\/param><param name=\"allowFullScreen\" value=\"true\"><\/param><param name=\"allowscriptaccess\" value=\"always\"><\/param><embed src=\"https:\/\/www.youtube.com\/v\/eFdlYmZvGP4&#038;hl=es_ES&#038;fs=1&#038;border=1\" type=\"application\/x-shockwave-flash\" allowscriptaccess=\"always\" allowfullscreen=\"true\" width=\"340\" height=\"285\"><\/embed><\/object><\/p>\n<p><object width=\"340\" height=\"285\"><param name=\"movie\" value=\"https:\/\/www.youtube.com\/v\/yYbqjfprWF8&#038;hl=es_ES&#038;fs=1&#038;border=1\"><\/param><param name=\"allowFullScreen\" value=\"true\"><\/param><param name=\"allowscriptaccess\" value=\"always\"><\/param><embed src=\"https:\/\/www.youtube.com\/v\/yYbqjfprWF8&#038;hl=es_ES&#038;fs=1&#038;border=1\" type=\"application\/x-shockwave-flash\" allowscriptaccess=\"always\" allowfullscreen=\"true\" width=\"340\" height=\"285\"><\/embed><\/object><\/p>\n<p><object width=\"340\" height=\"285\"><param name=\"movie\" value=\"https:\/\/www.youtube.com\/v\/Xath6kOf0NE&#038;hl=es_ES&#038;fs=1&#038;border=1\"><\/param><param name=\"allowFullScreen\" value=\"true\"><\/param><param name=\"allowscriptaccess\" value=\"always\"><\/param><embed src=\"https:\/\/www.youtube.com\/v\/Xath6kOf0NE&#038;hl=es_ES&#038;fs=1&#038;border=1\" type=\"application\/x-shockwave-flash\" allowscriptaccess=\"always\" allowfullscreen=\"true\" width=\"340\" height=\"285\"><\/embed><\/object><\/p>\n<p><object width=\"340\" height=\"285\"><param name=\"movie\" value=\"https:\/\/www.youtube.com\/v\/zBjZ5rMoHkU&#038;hl=es_ES&#038;fs=1&#038;border=1\"><\/param><param name=\"allowFullScreen\" value=\"true\"><\/param><param name=\"allowscriptaccess\" value=\"always\"><\/param><embed src=\"https:\/\/www.youtube.com\/v\/zBjZ5rMoHkU&#038;hl=es_ES&#038;fs=1&#038;border=1\" type=\"application\/x-shockwave-flash\" allowscriptaccess=\"always\" allowfullscreen=\"true\" width=\"340\" height=\"285\"><\/embed><\/object><\/p>\n<p>&#8211; Para acceder a la entrevista -dividida en 5 partes- que el programa \u201cGran V\u00eda\u201d de la <em>Cadena Ser<\/em> realiz\u00f3 a <a href=\"https:\/\/www.doulas.es\/radio-ser.html\">Mar\u00eda Arroyo, de https:\/\/www.doulas.es<\/a>.<\/p>\n<p>(13 de abril de 2010)<\/p>\n","protected":false},"excerpt":{"rendered":"<p>Jesusa Ricoy Olariaga [[- <strong>Jesusa Ricoy Olariaga<\/strong>: Profesora de educaci\u00f3n para el nacimiento; Diplomada por la Universidad de Bedforshire en Londres, Reino Unido; Licenciada por el <a href=\"http:\/\/www.nctpregnancyandbabycare.com\/home\">National Childbirth Trust<\/a>, ONG que lleva m\u00e1s de 50 a\u00f1os abogando por los derechos de los padres y beb\u00e9s, y ofreciendo clases en el Reino Unido; Formada como <a href=\"http:\/\/herbogeminis.com\/IMG\/pdf\/doula.pdf\">doula (compa\u00f1era de parto)<\/a> por <a href=\"http:\/\/herbogeminis.com\/IMG\/pdf\/michel_odent2.pdf\">Michel Odent<\/a> (pionero en el uso de piscinas para el parto) y <a href=\"http:\/\/herbogeminis.com\/IMG\/pdf\/Liliana_Lammers_Doula.pdf\">Liliana Lammers<\/a>; Colaboradora en la linea telef\u00f3nica para la atenci\u00f3n a mujeres traumatizadas por experiencias de parto, formada por <a href=\"http:\/\/herbogeminis.com\/IMG\/pdf\/Sheila_Kitzinger.pdf\">Sheila Kitzinger<\/a>, (autora, antrop\u00f3loga y activista del nacimiento); Colaboradora en la secci\u00f3n de <a href=\"http:\/\/www.eduardpunset.es\/category\/apoyo-psicologico\/feed\">apoyo psic\u00f3logico online del blog de Eduard Punset<\/a>; Doula registrada y acreditada por <a href=\"http:\/\/www.doula.org.uk\/\">Doula U.K.<\/a>; Madre de dos hijos paridos en hospital y en casa, amamantados y que est\u00e1n siendo educados en casa.]] imparte, el s\u00e1bado 17 de abril de 2010, de 9.30 a 12.30 y de 14.30 a 17.30 horas en <a href=\"http:\/\/vivalabagatela.wordpress.com\/\">Asociaci\u00f3n Cultural La Bagatela<\/a>, calle Tres Peces, 34 (Lavapi\u00e9s) de Madrid (metro Ant\u00f3n Mart\u00edn o Lavapi\u00e9s) el <em>Taller para futuros padres<\/em> \u201c<em>Parto con amor<\/em>\u201d; y un d\u00eda despu\u00e9s, domingo 18 de abril de 2010 con el mismo horario (9.30-12.30 y 14.30-17.30 horas) y en el mismo lugar (Asociaci\u00f3n Cultural La Bagatela, C\/ Tres Peces 34, Madrid) el <em>Taller para Profesionales de la Maternidad<\/em>. El precio, en ambos talleres, es de 75\u20ac por participante. Inscripciones: rompiendoaguas@gmail.com <\/p>\n<p>&#8211; <a href=\"article27\">relacionado: Embarazo y parto natural<\/a><\/p>\n","protected":false},"author":1,"featured_media":981,"comment_status":"closed","ping_status":"open","sticky":false,"template":"","format":"standard","meta":{"footnotes":""},"categories":[12],"tags":[],"_links":{"self":[{"href":"https:\/\/marina.swarpeca.es\/revista\/wp-json\/wp\/v2\/posts\/985"}],"collection":[{"href":"https:\/\/marina.swarpeca.es\/revista\/wp-json\/wp\/v2\/posts"}],"about":[{"href":"https:\/\/marina.swarpeca.es\/revista\/wp-json\/wp\/v2\/types\/post"}],"author":[{"embeddable":true,"href":"https:\/\/marina.swarpeca.es\/revista\/wp-json\/wp\/v2\/users\/1"}],"replies":[{"embeddable":true,"href":"https:\/\/marina.swarpeca.es\/revista\/wp-json\/wp\/v2\/comments?post=985"}],"version-history":[{"count":0,"href":"https:\/\/marina.swarpeca.es\/revista\/wp-json\/wp\/v2\/posts\/985\/revisions"}],"wp:featuredmedia":[{"embeddable":true,"href":"https:\/\/marina.swarpeca.es\/revista\/wp-json\/wp\/v2\/media\/981"}],"wp:attachment":[{"href":"https:\/\/marina.swarpeca.es\/revista\/wp-json\/wp\/v2\/media?parent=985"}],"wp:term":[{"taxonomy":"category","embeddable":true,"href":"https:\/\/marina.swarpeca.es\/revista\/wp-json\/wp\/v2\/categories?post=985"},{"taxonomy":"post_tag","embeddable":true,"href":"https:\/\/marina.swarpeca.es\/revista\/wp-json\/wp\/v2\/tags?post=985"}],"curies":[{"name":"wp","href":"https:\/\/api.w.org\/{rel}","templated":true}]}}