{"id":954,"date":"2010-03-01T15:40:01","date_gmt":"2010-03-01T15:40:01","guid":{"rendered":"https:\/\/marina.swarpeca.es\/revista\/2010\/03\/01\/10-11-marzo-2010-iiia-jornadas-internacionales-de-economia-solidaria-justicia-comercial-en-la-universidad-publica-de-navarra-inscripcion-gratuita\/"},"modified":"2010-03-01T15:40:01","modified_gmt":"2010-03-01T15:40:01","slug":"10-11-marzo-2010-iiia-jornadas-internacionales-de-economia-solidaria-justicia-comercial-en-la-universidad-publica-de-navarra-inscripcion-gratuita","status":"publish","type":"post","link":"https:\/\/marina.swarpeca.es\/revista\/10-11-marzo-2010-iiia-jornadas-internacionales-de-economia-solidaria-justicia-comercial-en-la-universidad-publica-de-navarra-inscripcion-gratuita\/","title":{"rendered":"10-11 marzo 2010: \u00abIII\u00aa Jornadas Internacionales de Econom\u00eda Solidaria &#8211; Justicia Comercial\u00bb en la Universidad P\u00fablica de Navarra. Inscripci\u00f3n gratuita"},"content":{"rendered":"<p><strong> <em>III\u00aa Jornadas Internacionales de Econom\u00eda Solidaria &#8211; Justicia Comercial<\/em> (Pamplona)<\/strong>.<\/p>\n<p><strong>Fecha y Hora<\/strong>: <\/p>\n<p>Mie, 10\/03\/2010 &#8211; 17:00 &#8211; Jue, 11\/03\/2010 &#8211; 20:45<\/p>\n<p>Lugar de la actividad: Universidad P\u00fablica de Navarra.<\/p>\n<p>\u201c<em>Queremos un nuevo modelo de desarrollo humano y econ\u00f3mico que sea verdaderamente social, participativo, equitativo, integral y sostenible. Un desarrollo en el que las personas y comunidades del Norte y del Sur, complementan sus saberes y experiencias, y se vinculan y coordinan teniendo en cuenta los diferentes contextos y sus inquietudes.<\/p>\n<p>El actual modelo de desarrollo econ\u00f3mico y las actuales reglas del comercio internacional siguen mostrando su insostenibilidad medioambiental, su ineficacia para garantizar una distribuci\u00f3n justa de los supuestos beneficios del crecimiento y su incapacidad para asegurar el desarrollo que deseamos<\/em>\u201d.<\/p>\n<p>(<strong>Texto extraido del Pacto Navarro contra la Pobreza<\/strong> [[- <em>Portal de Econom\u00eda Solidaria 11 diciembre 2007<\/em><\/p>\n<p><strong>Firmado Pacto Navarro contra la Pobreza entre redes sociales y grupos parlamentarios<\/strong><\/p>\n<p><strong>Representantes de los grupos pol\u00edticos con representaci\u00f3n parlamentaria y miembros de las organizaciones que integran la <em>Plataforma Pobreza Cero de Navarra<\/em> han suscrito hoy en el Parlamento de Navarra el <em>Pacto Navarro contra la Pobreza<\/em>, en un acto que se ha desarrollado en la Sala Institucional de la sede de la C\u00e1mara legislativa<\/strong>.<\/p>\n<p><img loading=\"lazy\" decoding=\"async\" class=\" aligncenter size-full wp-image-953\" src=\"https:\/\/marina.swarpeca.es\/revista\/wp-content\/uploads\/2010\/03\/noticiasportada16_1.jpg\" alt=\"noticiasportada16_1.jpg\" align=\"center\" width=\"200\" height=\"138\" \/><\/p>\n<p>Han firmado el pacto por parte de las fuerzas pol\u00edticas con representaci\u00f3n parlamentaria Sergio Sayas (UPN), Ioseba Eceolaza (Nabai), M\u00aa Victoria Arraiza (SPN), Jos\u00e9 Andr\u00e9s Burguete (CDN) y Ana Figueras (IUN-NEB). En representaci\u00f3n de las ONGs han estampado su firma Natalia Herce (Coordinadora de ONGD de Navarra), Marcelo Arga\u00f1araz (Federaci\u00f3n de Asociaciones de Inmigrantes de Navarra), Jes\u00fas Rodr\u00edguez (Red Ciudadana por la Abolici\u00f3n de la Deuda Externa), \u00c1lvaro C\u00eda (Red de Econom\u00eda Alternativa y Solidaria) y Abel Sanz (Red de Lucha contra la Pobreza y la Exclusi\u00f3n Social de Navarra. Tambi\u00e9n suscribe el Pacto la Plataforma Papeles y Derechos Denontzat.<\/p>\n<p>El Pacto Navarro contra la Pobreza es una propuesta que parte de la ciudadan\u00eda, ONGD y movimientos sociales presentes en Navarra y que busca un compromiso formal y concreto de los partidos pol\u00edticos que obligue a su cumplimiento y que garantice unas pol\u00edticas sociales y de cooperaci\u00f3n para el desarrollo que no dependan de los cambios de signo pol\u00edtico y que se mantengan una serie de principios fundamentales, gobierne quien gobierne.<\/p>\n<p>El pacto firmado contiene una serie de compromisos orientados al cumplimiento de los Objetivos de Desarrollo del Milenio, acordados por 189 Jefes de Estado en el a\u00f1o 2000, y su aplicaci\u00f3n se extender\u00e1 hasta el a\u00f1o 2015.<\/p>\n<p>Los compromisos adquiridos por los firmantes del pacto se sustentan en tres ejes esenciales que son la Ayuda Oficial al Desarrollo, la Cancelaci\u00f3n de la Deuda Externa y la Justicia Comercial.<\/p>\n<p>Entre los objetivos establecidos en el pacto se propone aumentar la cantidad destinada por el Gobierno de Navarra como ayuda al desarrollo y pasar de los 19 millones de euros en 2007 a 31 millones para el a\u00f1o 2012. Respecto a las entidades locales se propone que destinen al menos el 0\u20197 % de sus presupuestos totales.<\/p>\n<p>Se acuerda as\u00ed mismo la elaboraci\u00f3n de planes directores de cooperaci\u00f3n al desarrollo y el desarrollo de programas marco municipales, orientados de forma exclusiva a la lucha contra la pobreza, sin atender a otros intereses, sean estos comerciales, pol\u00edticos o culturales. Tambi\u00e9n se propone asegurar la transparencia en la selecci\u00f3n de proyectos y en la justificaci\u00f3n de las subvenciones concedidas, la armonizaci\u00f3n de criterios t\u00e9cnicos para la gesti\u00f3n de la AOD, y aumentar las acciones de sensibilizaci\u00f3n y educaci\u00f3n para el desarrollo y fomentar los espacios de participaci\u00f3n ciudadana como son los consejos de cooperaci\u00f3n.<\/p>\n<p>El pacto contiene adem\u00e1s el compromiso de las fuerzas pol\u00edticas presentes en el Parlamento para actualizar la Ley Foral de Cooperaci\u00f3n para el Desarrollo, adaptar la Ley Foral de Subvenciones a la realidad de las ONGD, desarrollar y aplicar la Ley Foral de Voluntariado, y reformar la ley del IRPF para aumentar las desgravaciones por donaciones efectuadas a ONGD.<\/p>\n<p>Para el seguimiento de la aplicaci\u00f3n del Pacto se crear\u00e1 una Comisi\u00f3n de Seguimiento en la que participar\u00e1n todos los partidos firmantes y una representaci\u00f3n de la Plataforma Pobreza Cero de Navarra, que se reunir\u00e1 peri\u00f3dicamente, al menos tres veces al a\u00f1o, una de ellas con antelaci\u00f3n a la aprobaci\u00f3n de los presupuestos generales de Navarra.<\/p>\n<p><a href=\"https:\/\/www.economiasolidaria.org\/node\/216\">Ver pacto<\/a>.<\/p>\n<p><em> <strong>Adjunto<\/strong> <\/em><\/p>\n<p><a href=\"https:\/\/herbogeminis.com\/revista\/IMG\/pdf\/Pacto_navarro_pobreza_acordado-13_nov_07_0.pdf\">Pacto navarro pobreza acordado-13 nov 07.pdf<\/a>.<\/p>\n<p><a href=\"https:\/\/herbogeminis.com\/revista\/IMG\/pdf\/PARLAMENTO_DE_NAVARRA_firma_pacto.pdf\">Parlamento de Navarra firma pacto.pdf<\/a>.<\/p>\n<p>&#8211; <a href=\"https:\/\/www.economiasolidaria.org\/node\/329\">Fuente Econom\u00eda Solidaria<\/a>.]])<\/p>\n<p>&#8211; <strong>Programa<\/strong><\/p>\n<p><strong>Mi\u00e9rcoles 10 de marzo<\/strong><\/p>\n<p><strong>17:00 \u2013 17:15 h.<\/strong>: Presentaci\u00f3n de las Jornadas.<\/p>\n<p><strong>17:15 \u2013 18:45 h.<\/strong>: 1\u00aa Sesi\u00f3n: El sistema de relaciones comerciales en un mundo globalizado:<\/p>\n<p>    * <em> <strong>Rub\u00e9n Tapia<\/strong> <\/em>. Presidente de la <a href=\"https:\/\/www.relacc.org\/\">Red Latinoamericana de Comercializaci\u00f3n Comunitaria-RELACC<\/a> (Por confirmar).<\/p>\n<p><strong>18:45 \u2013 19:00 h.<\/strong>: Caf\u00e9.<\/p>\n<p><strong>19:00 \u2013 20:30 h.<\/strong>: 2\u00aa Sesi\u00f3n: El modelo de la gran distribuci\u00f3n y sus consecuencias:<\/p>\n<p>    * Industrializaci\u00f3n de la agricultura, beneficio para unos pocos. <em> <strong>Jer\u00f3nimo Aguado Mart\u00ednez<\/strong> <\/em>, Presidente de <a href=\"https:\/\/www.nodo50.org\/plataformarural\/\">Plataforma Rural<\/a>.<\/p>\n<p>    * Transnacionales del textil, descosiendo los derechos laborales. <em> <strong>Albert Sales<\/strong> <\/em>, Campa\u00f1a Ropa Limpia \u2013 <a href=\"https:\/\/www.setem.cat\/\">Setem Catalunya<\/a><\/em>.<\/p>\n<p><strong>Jueves 11 de marzo<\/strong><\/p>\n<p><strong>17:00 \u2013 18:30 h.<\/strong>: 1\u00aa Sesi\u00f3n: La gesti\u00f3n de unas relaciones comerciales Justas:<\/p>\n<p>    * <em> <strong>Luis Razeto<\/strong> <\/em> (Fil\u00f3sofo, Soci\u00f3logo). Profesor en la <a href=\"https:\/\/www.ubolivariana.cl\/santiago\/\">Universidad Bolivariana<\/a> y en la <a href=\"https:\/\/www.uahurtado.cl\/\">Universidad Jesu\u00edtica Alberto Hurtado de Chile<\/a>.<\/p>\n<p><strong>18:30\u2013 18:45 h.<\/strong>: Caf\u00e9.<\/p>\n<p><strong>18:45 \u2013 20:15 h.<\/strong>: 2\u00aa Sesi\u00f3n: Mesa de Experiencias -Alternativas econ\u00f3micas con criterios de Justicia Comercial:<\/p>\n<p>    * <a href=\"https:\/\/www.ehne.org\/\">Euskal Herriko Nekazarien Elkartasuna-EHNE<\/a> <em> <strong>Mikel Alzuart<\/strong> <\/em>, agricultor ecol\u00f3gico y miembro de la Junta de EHNE.<\/p>\n<p>    * <a href=\"https:\/\/www.reasnet.com\/landare\/landare.htm\">Landare<\/a>. <em> <strong>Angel Angulo<\/strong> <\/em>, Presidente de la Asociaci\u00f3n de Consumidores Landare.<\/p>\n<p>   * <a href=\"https:\/\/www.nodo50.org\/ocsi\/spip\/home.php3\">Organizaci\u00f3n de Cooperaci\u00f3n y Solidaridad Internacional-OCSI<\/a>.<\/p>\n<p><strong>20:15 \u2013 20:45 h.<\/strong>: 3\u00aa Sesi\u00f3n: Presentaci\u00f3n del Documental \u00ab<em>Cu\u00e9ntame otro Mundo<\/em> [[- <strong>Documental \u201c<em>Cu\u00e9ntame otro Mundo<\/em>\u201d<\/strong><\/p>\n<p><strong>Sinopsis<\/strong><\/p>\n<p>Que el mundo esta \u201cpatas arriba\u201d ya lo sabemos \u2026<\/p>\n<p>\u00bfQue otro mundo es posible? &#8230; lo intentaremos \u2026<\/p>\n<p>Varias historias en las que sus protagonistas nos cuentan c\u00f3mo han abierto caminos alternativos para transformar esta realidad a trav\u00e9s de la propuesta, creando alternativas locales con criterios democr\u00e1ticos, ecol\u00f3gicos y solidarios.<\/p>\n<p>Lo que se supone que es una utop\u00eda, hoy forma su d\u00eda a d\u00eda.<br \/>\nEsto no es cuento \u2026 Es el mundo que llevamos dentro.<\/p>\n<p><strong>Intervienen<\/strong><\/p>\n<p>Cooperativa del Campo a Casa, Cooperativa Rebeli\u00f3n en la Huerta, Central Piurana de Cafetaleros (CEPICAFE), Comisi\u00f3n de Comercio Justo de la Federaci\u00f3n Aragonesa de Solidaridad, Grupo la Veloz Sociedad Cooperativa, Red de Econom\u00eda Alternativa y Solidaria de Arag\u00f3n (REAS), El Esqueje Cooperativa (Bar Birosta), Centro de Tiempo Libre El Tr\u00e9bol, Centro de Rehabilitaci\u00f3n Psicosocial, Parque Delicias, Asociaci\u00f3n Financiaci\u00f3n Solidaria y Cooperativa de Servicios Financieros COOP57 Arag\u00f3n.<\/p>\n<p><strong>Ficha T\u00e9cnica<\/strong><\/p>\n<p>Direcci\u00f3n: Susana Ortega D\u00edaz.<\/p>\n<p>Coordinaci\u00f3n y asesoramiento: Jos\u00e9 Manuel Fandos y Javier Estella Rabal.<\/p>\n<p>Equipo t\u00e9cnico: Eva Esteban Pina, Charo de la Varga S\u00e1nchez, Pedro Paredes Arpa, Lucas Rubio Albizu y Carlos Carvajal Polo.<\/p>\n<p>Ilustraciones y dise\u00f1o portada: David N\u00fa\u00f1ez Carabantes.<\/p>\n<p>M\u00fasica: Emilio Perdices Villanueva. Tema final con la letra y voz de Pepa y guitarra de Sergio Segura.<\/p>\n<p>Narradora: Lourdes Az\u00f3n Belarre.<\/p>\n<p>Duraci\u00f3n: 42 minutos.<\/p>\n<p>A\u00f1o: 2007-2008.<\/p>\n<p>Realizado en el II Curso de Documental Social. Centro Joaqu\u00edn Roncal (Zaragoza) con la colaboraci\u00f3n de REAS Arag\u00f3n y COOP 57 Arag\u00f3n.]]\u00bb de REAS Arag\u00f3n.<\/p>\n<p><strong>Inscripci\u00f3n a Jornada Reas Navarra 2010<\/strong><\/p>\n<p>\u00ab<em>III Jornadas Internacionales de Econom\u00eda Solidaria &#8211; Justicia Comercial<\/em>\u00ab.<\/p>\n<p>D\u00edas 10 y 11 de marzo de 2010. <\/p>\n<p>Pamplona &#8211; Universidad P\u00fablica de Navarra.<\/p>\n<p>&#8211; Inscripci\u00f3n gratuita.<\/p>\n<p><object width=\"340\" height=\"285\"><param name=\"movie\" value=\"https:\/\/www.youtube.com\/v\/p0xYbbzl1YU&#038;hl=es_ES&#038;fs=1&#038;border=1\"><\/param><param name=\"allowFullScreen\" value=\"true\"><\/param><param name=\"allowscriptaccess\" value=\"always\"><\/param><embed src=\"https:\/\/www.youtube.com\/v\/p0xYbbzl1YU&#038;hl=es_ES&#038;fs=1&#038;border=1\" type=\"application\/x-shockwave-flash\" allowscriptaccess=\"always\" allowfullscreen=\"true\" width=\"340\" height=\"285\"><\/embed><\/object><\/p>\n<p><em>DiagramConsultores 11 de abril de 2008<\/em>: V\u00eddeo explicativo de la econom\u00eda solidaria. Producido por <a href=\"https:\/\/www.economiasolidaria.org\/reas...\">REAS Navarra<\/a>.<\/p>\n<p><object width=\"340\" height=\"285\"><param name=\"movie\" value=\"https:\/\/www.youtube.com\/v\/Klw8MD_seJA&#038;hl=es_ES&#038;fs=1&#038;border=1\"><\/param><param name=\"allowFullScreen\" value=\"true\"><\/param><param name=\"allowscriptaccess\" value=\"always\"><\/param><embed src=\"https:\/\/www.youtube.com\/v\/Klw8MD_seJA&#038;hl=es_ES&#038;fs=1&#038;border=1\" type=\"application\/x-shockwave-flash\" allowscriptaccess=\"always\" allowfullscreen=\"true\" width=\"340\" height=\"285\"><\/embed><\/object><\/p>\n<p><em>depapayaorg 18 de enero de 2008<\/em>: <strong>Jennefer Hennington nos lo presenta<\/strong>.<\/p>\n<p><object width=\"340\" height=\"285\"><param name=\"movie\" value=\"https:\/\/www.youtube.com\/v\/bi7f2ITJrtI&#038;hl=es_ES&#038;fs=1&#038;border=1\"><\/param><param name=\"allowFullScreen\" value=\"true\"><\/param><param name=\"allowscriptaccess\" value=\"always\"><\/param><embed src=\"https:\/\/www.youtube.com\/v\/bi7f2ITJrtI&#038;hl=es_ES&#038;fs=1&#038;border=1\" type=\"application\/x-shockwave-flash\" allowscriptaccess=\"always\" allowfullscreen=\"true\" width=\"340\" height=\"285\"><\/embed><\/object> <\/p>\n<p><em>ideassca 25 de febrero de 2010<\/em>: <strong>Saramago opina sobre el Comercio Justo d\u00e1ndonos la bienvenida al VI Encuentro de Econom\u00eda Solidaria<\/strong>.<\/p>\n<p><object width=\"340\" height=\"285\"><param name=\"movie\" value=\"https:\/\/www.youtube.com\/v\/2ucCgoXM_Mo&#038;hl=es_ES&#038;fs=1&#038;border=1\"><\/param><param name=\"allowFullScreen\" value=\"true\"><\/param><param name=\"allowscriptaccess\" value=\"always\"><\/param><embed src=\"https:\/\/www.youtube.com\/v\/2ucCgoXM_Mo&#038;hl=es_ES&#038;fs=1&#038;border=1\" type=\"application\/x-shockwave-flash\" allowscriptaccess=\"always\" allowfullscreen=\"true\" width=\"340\" height=\"285\"><\/embed><\/object><\/p>\n<p><em>kolpingmexico 23 de febrero de 2010<\/em>: <strong>Narraci\u00f3n con im\u00e1genes y m\u00fasica de la II Feria de Econom\u00eda Solidaria realizada del 18 al 20 de Diciembre de 2009 en C\u00f3rdoba, Veracruz, inaugurada por el Obispo de C\u00f3rdoba, Mons. Eduardo P. Pati\u00f1o Leal exhortando a los peque\u00f1os productores a organizarse para crear fuentes de empleo y de esta manera mejorar sus condiciones de vida. Participaron en la Feria 210 productores de distintas di\u00f3cesis y estados de la Rep\u00fablica entre ellos Veracruz, Puebla, Tlaxcala, Oaxaca, Estado de M\u00e9xico, y Distrito Federal. La Feria de ECOSOL cerr\u00f3 cada uno de los tres d\u00edas de actividades con la tradicional pastorela y la pedida de Rama, ambas representadas por los J\u00f3venes Kolping Veracruz<\/strong>. <\/p>\n<p>(1 de marzo de 2010)<\/p>\n","protected":false},"excerpt":{"rendered":"<p>El mi\u00e9rcoles 10 y el jueves 11 de marzo, a partir de las 17h., tiene lugar en la Sala de Juntas del edificio Los Tejos de la Universidad P\u00fablica de Navarra las <em>III\u00aa Jornadas Internacionales de Econom\u00eda Solidaria &#8211; Justicia Comercial<\/em> que organizadas por <a href=\"http:\/\/www.economiasolidaria.org\/reasnavarra\">REAS (Red de Econom\u00eda Alternativa y Solidaria) de Navarra<\/a> cuenta con la participaci\u00f3n de miembros de diversas asociaciones y entidades que tanto en el estado espa\u00f1ol como en el Cono sur americano conforman las redes de econom\u00eda solidaria y de comercio justo y justicia comercial. En el transcurso de las jornadas se tiene ocasi\u00f3n de asistir a la proyecci\u00f3n del Documental <em>Cu\u00e9ntame otro Mundo<\/em>. Plazas limitadas e inscripci\u00f3n gratuita, hasta el 8 de marzo, en tlf: 685517030 y\/o secretariareasnavarra@reasnet.com <\/p>\n","protected":false},"author":1,"featured_media":952,"comment_status":"closed","ping_status":"open","sticky":false,"template":"","format":"standard","meta":{"footnotes":""},"categories":[27],"tags":[],"_links":{"self":[{"href":"https:\/\/marina.swarpeca.es\/revista\/wp-json\/wp\/v2\/posts\/954"}],"collection":[{"href":"https:\/\/marina.swarpeca.es\/revista\/wp-json\/wp\/v2\/posts"}],"about":[{"href":"https:\/\/marina.swarpeca.es\/revista\/wp-json\/wp\/v2\/types\/post"}],"author":[{"embeddable":true,"href":"https:\/\/marina.swarpeca.es\/revista\/wp-json\/wp\/v2\/users\/1"}],"replies":[{"embeddable":true,"href":"https:\/\/marina.swarpeca.es\/revista\/wp-json\/wp\/v2\/comments?post=954"}],"version-history":[{"count":0,"href":"https:\/\/marina.swarpeca.es\/revista\/wp-json\/wp\/v2\/posts\/954\/revisions"}],"wp:featuredmedia":[{"embeddable":true,"href":"https:\/\/marina.swarpeca.es\/revista\/wp-json\/wp\/v2\/media\/952"}],"wp:attachment":[{"href":"https:\/\/marina.swarpeca.es\/revista\/wp-json\/wp\/v2\/media?parent=954"}],"wp:term":[{"taxonomy":"category","embeddable":true,"href":"https:\/\/marina.swarpeca.es\/revista\/wp-json\/wp\/v2\/categories?post=954"},{"taxonomy":"post_tag","embeddable":true,"href":"https:\/\/marina.swarpeca.es\/revista\/wp-json\/wp\/v2\/tags?post=954"}],"curies":[{"name":"wp","href":"https:\/\/api.w.org\/{rel}","templated":true}]}}