{"id":946,"date":"2010-02-24T14:30:58","date_gmt":"2010-02-24T14:30:58","guid":{"rendered":"https:\/\/marina.swarpeca.es\/revista\/2010\/02\/24\/anamu-mapurito-fitoterapia-tradicional-base-del-1er-inmuno-estimulante-natural-cubano\/"},"modified":"2010-02-24T14:30:58","modified_gmt":"2010-02-24T14:30:58","slug":"anamu-mapurito-fitoterapia-tradicional-base-del-1er-inmuno-estimulante-natural-cubano","status":"publish","type":"post","link":"https:\/\/marina.swarpeca.es\/revista\/anamu-mapurito-fitoterapia-tradicional-base-del-1er-inmuno-estimulante-natural-cubano\/","title":{"rendered":"Anam\u00fa-mapurito fitoterapia tradicional base del 1er inmuno estimulante natural cubano"},"content":{"rendered":"<p>(<em> <strong>Fotograf\u00eda<\/strong> <\/em> <a href=\"https:\/\/www.infojardin.com\/foro\/showthread.php?t=76497\"><em>Infojard\u00edn<\/em><\/a>)<\/p>\n<p>Zo\u00e9 Lemus, investigadora del laboratorio que produce el preparado herbario a base de anam\u00fa [[- <strong>Anam\u00fa<\/strong> (<em>Petiveria alliacea L.<\/em>): hierba perenne de la familia de las fitolacaceas, nativa de la Am\u00e9rica tropical, florece y fructifica durante todo el a\u00f1o y crece cerca de los cultivos y en terrenos tanto yermos como cultivados de toda la isla. Calificada de mala hierba o indeseable, sus hojas son ricas en oligoelementos inorg\u00e1nicos, en su composici\u00f3n destacan tambi\u00e9n alcaloides, gluc\u00f3sidos, saponinas y taninos. Usada tradicionalmente por sus propiedades antiespasm\u00f3dicas, antihelm\u00ednticas, antiherp\u00e9ticas, antiinflamatorias, antirreum\u00e1ticas y diur\u00e9ticas, y en uso externo para m\u00faltiples problemas de la piel, se le atribuyen asimismo efecto anticanceroso y abortivo. La <a href=\"https:\/\/www.sld.cu\/fitomed\/anamu.htm\">Comisi\u00f3n T\u00e9cnica de Fitomed<\/a> previene que puede causar trastornos digestivos, y en el ganado atrofia muscular.]], [[- En <a href=\"https:\/\/www.saludparati.com\/anamu.htm\">Salud para ti<\/a> se a\u00f1ade que en Brasil se utiliza la planta entera de anam\u00fa, en infusi\u00f3n, como antiespasm\u00f3dico, diur\u00e9tico, estimulante, sudor\u00edfico y en problemas de la menstruaci\u00f3n; y que anam\u00fa se emplea contra artritis, malaria, reumatismo, problemas de la memoria y como analg\u00e9sico local, y como antiinflamatorio para la piel. Considerada m\u00e1s potente que las hojas, la ra\u00edz tiene propiedades anest\u00e9sicas y analg\u00e9sicas. Y la planta entera, adem\u00e1s de \u00fatil en c\u00e1ncer y diabetes, tiene propiedades antivirales. En diversos estudios ha demostrado sus propiedades antitumorales y\/o anticancer\u00edgenas, con efectos antileuc\u00e9mico y citot\u00f3xico contra varios tipos de c\u00e9lulas cancerosas; remitiendo en concreto al estudio publicado en 2008 en la revista <a href=\"https:\/\/herbogeminis.com\/revista\/IMG\/pdf\/Petiveria.pdf\">BMC Complementary and Alternative Medicine<\/a> y su inter\u00e9s frente a tumores malignos. Asimismo registra su fuerte efecto hipoglucemiante, inmunoestimulante y analg\u00e9sico y antiinflamatorio frente a la artritis. Como precauciones, subraya evitar su ingesta en el embarazo -por estimular contracciones uterinas- y tomarla bajo supervisi\u00f3n las personas a quienes se administra anticoagulantes -por contener una peque\u00f1a cantidad de coumarin en su composici\u00f3n- y las personas diab\u00e9ticas e hipogluc\u00e9micas. Por \u00faltimo hace referencia a un estudio de la Universidad del Cauca, Colombia, que concluy\u00f3 su posible efecto carcin\u00f3geno si se consume anam\u00fa en grandes cantidades.]], [[- En Europa, o al menos en el estado espa\u00f1ol, <strong>anam\u00fa<\/strong> (<em>Petiveria Alliacea<\/em>) es m\u00e1s conocida como <em> <strong>Mapurito<\/strong> <\/em> -pues bajo esta denominaci\u00f3n se comercializa habitualmente-, planta de la que se asegura que, adem\u00e1s de efectiva frente a microbacterias y bacterias gram-positivo y gram-negativo, en una investigaci\u00f3n de la universidad estadounidense de Minnessota se detect\u00f3 en su composici\u00f3n <em> <strong>Interfer\u00f3n<\/strong> <\/em>, utilizado en tratamientos antitumorales y antiv\u00edricos. Entre las aplicaciones m\u00e1s comunes de Mapurito destacan, adem\u00e1s de los procesos carcin\u00f3genos, los endocrinos y \u00f3seos, as\u00ed como en artritis reumatoide -por sus propiedades antiinflamatorias, analg\u00e9sicas y de regeneraci\u00f3n celular.]], [[- Con todas las prevenciones y reservas -pues no cita fuente alguna en la que base su afirmaci\u00f3n al respecto- recogemos la informaci\u00f3n de <a href=\"https:\/\/www.infojardin.net\/fichas\/plantas-medicinales\/petiveria-alliacea.htm\">Infojard\u00edn<\/a> cuando resalta los nombres con los que se conocer\u00eda la planta anam\u00fa (Petiveria alliacea): Anam\u00fa, Yerba de ajo, Apac\u00edn, Apacina, Apazote, Calauch\u00edn, Chanviro, Epacina, Hierba de las gallinitas, Hierba de toro, Hierba zorrillo, Huevo de gato, Ipacina, Mapurite, Mapurito, Mozote, Mucara, Mucura, Nam\u00fa, Paich\u00e9, Paych\u00e9, Ra\u00edz de Guin\u00e9, Ra\u00edz de pip\u00ed, Ra\u00edz del Congo, Tip\u00ed, Unam\u00fa, Verbena hedionda, Yerba de las gallinitas, Yerba del toro.]], [[- La <a href=\"https:\/\/www.dolordecabeza.net\/index.php?option=com_content&#038;task=blogsection&#038;id=19&#038;Itemid=110\"><em>Asociaci\u00f3n Espa\u00f1ola de Pacientes con Cefalea<\/em> -AEPAC<\/a> -en cuya web, sin ir m\u00e1s lejos, no deja de llamar la atenci\u00f3n el visible logo de <strong>Pfizer<\/strong>, entre esc\u00e9ptica e ir\u00f3nica, pese a que la rese\u00f1a sobre anam\u00fa comienza resaltando su hist\u00f3rica asociaci\u00f3n a la brujer\u00eda, con todo enumera los principios biol\u00f3gicamente activos que en la planta se han descubierto (flavonoides, triterpenos, esteroides y combinados de azufre) y tambi\u00e9n se hace eco de estudios de la universidad estadounidense de Illinois que, entre m\u00e1s de 1.400 extractos de plantas como terapias innovadoras para la prevenci\u00f3n y tratamiento del c\u00e1ncer, destac\u00f3 que anam\u00fa fue identificada como una de las 34 con propiedades anticancer\u00edgenas.]], [[- Creemos poner un digno punto y seguido a esta aproximaci\u00f3n a los principios y propiedades de anam\u00fa con la espl\u00e9ndida sistematizaci\u00f3n que <a href=\"https:\/\/www.sld.cu\/galerias\/pdf\/sitios\/mednat\/rev._cenic_ciencias_biologicas_art._sobre_anamu.pdf\">Jos\u00e9 Illnait Ferrer efect\u00faa en 4 p\u00e1ginas en la Revista cubana de Ciencias Biol\u00f3gicas CENIC<\/a>. Puede constitu\u00edr una guinda a las referencias que sobre anam\u00fa es posible encontrar en internet.]], ha explicado que hasta el momento se dispone ya de unas 160.000 tabletas, destinadas en un primer momento a consultas especializadas del Hospital Oncol\u00f3gico Conrado Ben\u00edtez y del Centro VIH-Oriente en el Hospital Juan Bruno Zayas, para coadyuvar a restaurar el sistema inmunol\u00f3gico de personas con c\u00e1ncer y sida, deprimido a consecuencia de las afecciones que sufren y de los agresivos tratamientos que se les dispensa, y favorecer as\u00ed tanto su calidad de vida como la eficacia de los propios tratamientos.<\/p>\n<p>El satisfactorio resultado de los ensayos realizados hasta la fecha, en animales,  han posibilitado el registro sanitario del nuevo preparado herbario, cuya elaboraci\u00f3n se interpreta en Cuba como logro y resultado del trabajo integrado entre los investigadores del LFO, del Centro de Toxicolog\u00eda y Biomedicina y del Bur\u00f3 Regulatorio para la Protecci\u00f3n de la Salud en Santiago de Cuba.  <\/p>\n<p><img loading=\"lazy\" decoding=\"async\" class=\" aligncenter size-full wp-image-944\" src=\"https:\/\/marina.swarpeca.es\/revista\/wp-content\/uploads\/2010\/02\/anamu2-2.jpg\" alt=\"anamu2-2.jpg\" align=\"center\" width=\"119\" height=\"89\" \/><\/p>\n<p>(<em> <strong>Fotograf\u00eda: saludparati.com<\/strong> <\/em> <a href=\"https:\/\/www.google.es\/imgres?imgurl=https:\/\/www.saludparati.com\/images\/anamu.JPG&#038;imgrefurl=https:\/\/foro.univision.com\/univision\/board\/message%3Fboard.id%3Dcancer%26message.id%3D48304&#038;h=248&#038;w=331&#038;sz=27&#038;tbnid=_enHlzPfsQi5qM:&#038;tbnh=89&#038;tbnw=119&#038;prev=\/images%3Fq%3Danam%25C3%25BA&#038;usg=__uPDVRe1aP9hejiEe7jss5rq2nt0=&#038;ei=RcqES9k-ybrhBpGUveMB&#038;sa=X&#038;oi=image_result&#038;resnum=8&#038;ct=image&#038;ved=0CBoQ9QEwBw\"><em>foro.univision.com<\/em><\/a>)<\/p>\n<p><strong>Documentaci\u00f3n a destacar de la existente en la red<\/strong> (a d\u00eda y hora actuales, 188.000 referencias de anam\u00fa)<\/p>\n<p>&#8211; <a href=\"https:\/\/herbogeminis.com\/revista\/IMG\/pdf\/tableta_anamu.pdf\">\u00abLa Tableta de Anam\u00fa un medicamento herbario inmunoestimulante\u00bb MsC Zoe Lemus Rodr\u00edguez, Lic Marta Estrella Garc\u00eda P\u00e9rez, Dr Alexander Batista Duharte, Dra Odalys de la Guardia Pe\u00f1a, Dr Alfredo Alfonso Castillo &#8211; Laboratorio Farmac\u00e9utico Oriente \/ Medisan 2004;8(3):57-64<\/a><\/p>\n<p>&#8211; <a href=\"https:\/\/herbogeminis.com\/revista\/IMG\/pdf\/anamu.pdf\">Anam\u00fa (Petiveria alliacea) Comisi\u00f3n T\u00e9cnica de Fitomed Red Telem\u00e1tica de Salud en Cuba<\/a><\/p>\n<p>&#8211; <a href=\"https:\/\/herbogeminis.com\/revista\/IMG\/pdf\/saludparati.pdf\">Anam\u00fa (Petiveria Alliacea) Salud para ti Alternativas para una mejor salud<\/a><\/p>\n<p>&#8211; <a href=\"https:\/\/herbogeminis.com\/revista\/IMG\/pdf\/Petiveria.pdf\">\u00abPetiveria alliacea extracts uses multiple mechanisms to inhibit growth of human and mouse tumoral cells\u00bb Grupo de Inmunobiolog\u00eda y Biolog\u00eda Celular, Fac. Ciencias Universidad Javeriana Bogot\u00e1 Colombia y otros BMC Complementary and Alternative Medicine 18-11-2008<\/a><\/p>\n<p>&#8211; <a href=\"https:\/\/herbogeminis.com\/revista\/IMG\/pdf\/anamu_AEPAC.pdf\">\u00abEl anam\u00fa entre la m\u00edstica y la realidad\u00bb Asociaci\u00f3n Espa\u00f1ola de Pacientes con Cefalea AEPAC 09-12-2009<\/a><\/p>\n<p>&#8211; <a href=\"https:\/\/herbogeminis.com\/revista\/IMG\/pdf\/infojardin.pdf\">Nombre vulgar o com\u00fan de \u00abPetiveria Alliacea\u00bb Infojard\u00edn<\/a><\/p>\n<p>&#8211; <a href=\"https:\/\/herbogeminis.com\/revista\/IMG\/pdf\/rev._cenic_ciencias_biologicas_art._sobre_anamu.pdf\">\u00abPrincipales referencias etnom\u00e9dicas sobre el anam\u00fa (Petiveria alliacea Linn) principios activos encontrados en la planta Un acercamiento al tema\u00bb Jos\u00e9 Illnait Dr Ciencias Biol\u00f3gicas Centro Nacional de Investigaciones Cient\u00edficas Ciudad de La Habana Cuba Revista CENIC Ciencias Biol\u00f3gicas vol 38 n\u00ba1 2007 pp 27-30<\/a><\/p>\n<hr \/>\n<p><em>Mileyda Men\u00e9ndez D\u00e1vila<\/em> mileyda@juventudrebelde.cu<br \/><em>Luc\u00eda Araujo<\/em> digital@juventudrebelde.cu<br \/><em>Leyanis Infante<\/em> digital@juventudrebelde.cu<br \/><em>Juventud Rebelde 20 febrero 2010<\/em><\/p>\n<p><strong>Jardines bot\u00e1nicos, verdes catedrales de la ciencia. El 27 de febrero se celebra el D\u00eda del trabajador bot\u00e1nico en Cuba. Por ello, <em>Juventud Rebelde<\/em> nos acerca en este art\u00edculo a la historia y funciones de esta red en el pa\u00eds<\/strong><\/p>\n<p><img loading=\"lazy\" decoding=\"async\" class=\" aligncenter size-full wp-image-945\" src=\"https:\/\/marina.swarpeca.es\/revista\/wp-content\/uploads\/2010\/02\/arbol-2.jpg\" alt=\"arbol-2.jpg\" align=\"center\" width=\"515\" height=\"368\" srcset=\"https:\/\/marina.swarpeca.es\/revista\/wp-content\/uploads\/2010\/02\/arbol-2.jpg 515w, https:\/\/marina.swarpeca.es\/revista\/wp-content\/uploads\/2010\/02\/arbol-2-300x214.jpg 300w\" sizes=\"(max-width: 515px) 100vw, 515px\" \/><\/p>\n<p>(<em> <strong>Fotograf\u00eda<\/strong> <\/em> <a href=\"https:\/\/www.juventudrebelde.cu\/suplementos\/en-red\/2010-02-20\/jardines-botanicos-en-cuba-verdes-catedrales-de-la-ciencia\/\"><em>Juventud Rebelde<\/em><\/a><\/p>\n<p>\u201c<strong>En 1968, en el p\u00e1ramo del oeste capitalino plagado de piedras, aroma y marab\u00fa ped\u00eda Fidel que se erigiera un espacio con fines educativos y conservacionistas, un centro adscrito a la Universidad de La Habana, pero distante de ella decenas de kil\u00f3metros: el Jard\u00edn Bot\u00e1nico Nacional (JBN). Fue preciso unir los d\u00edas a las noches para crear en poco m\u00e1s de una d\u00e9cada un oasis vegetal, orgullo hoy de la ciencia cubana. Trabajadores, estudiantes y profesores de la Universidad, junto a j\u00f3venes del cercano Instituto Tecnol\u00f3gico Revoluci\u00f3n, levantaron bosques, recogieron piedras (\u00a1miles de metros c\u00fabicos!), sembraron m\u00e1s de 600 hect\u00e1reas de c\u00e9sped y regaron miles de posturas para dar vida a cada zona fitogeogr\u00e1fica tropical y a las colecciones especiales (el Herbario, el Palmetum), seg\u00fan un plan director y un dise\u00f1o cient\u00edfico novedosos y atrevidos para su \u00e9poca.<\/strong>\u201d<\/p>\n<p>\u201cTiempo fecundo aquel, en que la oscuridad dejaba de serlo gracias a las luces de camiones y tractores, recuerda la Doctora \u00c1ngela Teresita Leyva, directora de la instituci\u00f3n desde 1972, quien lleg\u00f3 aqu\u00ed siendo apenas una estudiante: \u00ab<em>Materializamos el sue\u00f1o de Fidel. Con su ayuda inestimable lo hicimos realidad. Celia S\u00e1nchez nos visitaba mucho, y en una oportunidad nos envi\u00f3 un cami\u00f3n de orqu\u00eddeas de Pil\u00f3n<\/em>\u00bb\u201d.<\/p>\n<p>\u201cA la par de esta labor de fomento, especialistas del JBN efectuaban expediciones a las monta\u00f1as y sitios intrincados de la naturaleza cubana en busca de nuevas especies, y tambi\u00e9n para apropiarse del ambiente que tratar\u00edan de reproducir en el Jard\u00edn con toda la exactitud que permitieran el clima y el suelo capitalinos\u201d.<\/p>\n<p>\u00c1ngela, que es hoy Doctora en Ciencias Biol\u00f3gicas, investigadora y profesora titular de la Universidad de La Habana, habla del JBN como un proyecto en permanente evoluci\u00f3n: \u00ab<em>Respecto a centros hom\u00f3logos en pa\u00edses tropicales marchamos a la vanguardia. No somos segundos de nadie ni por el caudal humano ni por la proyecci\u00f3n moderna, e incluso atrevida, del Jard\u00edn. Algunas representaciones paisaj\u00edsticas parecen regiones naturales del archipi\u00e9lago, dada su fidelidad a los modelos<\/em>\u00bb.<\/p>\n<p>\u201cEl 24 de marzo de 1984, la verde catedral de la capital cubana abri\u00f3 sus puertas al p\u00fablico general y especializado para no cerrarlas excepto en momentos de contingencia natural, como el paso de ciclones. Con el tiempo \u2014a sugerencia de Fidel\u2014 se levantaron tres pabellones cerca de la entrada principal (dos umbr\u00e1culos, para las plantas de sombra, y un solarium) y se acondicion\u00f3 un Jard\u00edn Japon\u00e9s con ayuda del Gobierno de esa naci\u00f3n. La directora define ambos sitios como insignias del JBN por la acogida que tienen en el p\u00fablico\u201d.<\/p>\n<p>\u201cTambi\u00e9n integraron \u00e1reas especializadas de m\u00e1ximo inter\u00e9s como el ecorestaurante El Bamb\u00fa, el Bosque Martiano, el \u00e1rea de Etnobot\u00e1nica (plantas usadas com\u00fanmente por los cubanos con fines alimenticios, ornamentales o religiosos) y otros espacios de recreaci\u00f3n donde se cultiva en el p\u00fablico infantil y adulto el inter\u00e9s y respeto por la biodiversidad vegetal tropical\u201d.<\/p>\n<p><strong>Lluvia, viento, fuego<\/strong><\/p>\n<p>\u201cPero las buenas intenciones del Jard\u00edn no lo resguardan de realidades globales alarmantes como el cambio clim\u00e1tico, fen\u00f3menos meteorol\u00f3gicos extremos, incendios, contaminaci\u00f3n de las aguas y el aire, desertificaci\u00f3n \u2026\u201d<\/p>\n<p>\u201cSeg\u00fan explica \u00c1ngela, la red cubana de jardines bot\u00e1nicos tiene bien establecido su plan de acci\u00f3n para adaptarse a tales desaf\u00edos, e incluye desde la capacitaci\u00f3n intensa de sus trabajadores hasta la definici\u00f3n de \u00e1reas donde la aridez y la falta de lluvia implicar\u00e1n una mayor especializaci\u00f3n en plantas que soporten ese clima.\u201d<\/p>\n<p>\u201c\u00ab<em>No recuerdo un a\u00f1o en que no hayamos mitigado alg\u00fan incendio en nuestro Jard\u00edn, sobre todo en la \u00e9poca seca<\/em>\u00bb, comenta \u00c1ngela. Como adem\u00e1s estamos en el Occidente del pa\u00eds, por donde acostumbran a pasar la mayor\u00eda de los huracanes, tenemos un plan de medidas para mitigar sus efectos: en pabellones y viveros se bajan al piso todas las plantas, o se acuestan, para que el viento no las tumbe; se cubren los equipos de trabajo y se podan \u00e1rboles\u201d.<\/p>\n<p>\u201c\u00ab<em>Recuperarnos puede durar meses, pero se trabaja sin descanso para no afectar al p\u00fablico, sobre todo en verano. Por ejemplo, en 2004 el hurac\u00e1n Charlie<\/em> \u2014al que apodaron \u201cel Le\u00f1ador\u201d\u2014 <em>derrib\u00f3 aqu\u00ed 390 \u00e1rboles. Tambi\u00e9n en 2008 Ike y Gustav nos da\u00f1aron mucho, sobre todo el primero, debido a las grandes r\u00e1fagas de aire asociadas a estos fen\u00f3menos<\/em>\u00bb\u201d.<\/p>\n<p><strong>Ciencia en movimiento<\/strong><\/p>\n<p>\u201cPara garantizar su labor como coordinador de la Red Nacional de Jardines Bot\u00e1nicos \u2014que cumplir\u00e1 20 a\u00f1os en 2010\u2014 el JBN desarroll\u00f3 una valiosa infraestructura en laboratorios, viveros, biblioteca y espacios para alojamiento y docencia, de los cuales se sirven cada a\u00f1o especialistas de todo el pa\u00eds, y bajo su follaje han germinado ya decenas de maestr\u00edas y doctorados en Biolog\u00eda, Bot\u00e1nica y otras disciplinas afines\u201d.<\/p>\n<p>\u201cA pesar de las limitaciones econ\u00f3micas para mantener el riego y la fitosanidad en jardines peque\u00f1os como el de Sancti Sp\u00edritus y para obtener variedades fuera del pa\u00eds, la especializaci\u00f3n y el intercambio de ejemplares han sido procesos vitales de esta red cient\u00edfica. De ese modo expanden por toda la Isla el conocimiento sobre la flora tropical que cada regi\u00f3n atesora y tratan de proteger especies de alto valor cient\u00edfico\u201d.<\/p>\n<p>\u201c\u00ab<em>Cuba tiene alrededor de 7.020 especies diferentes, 6.700 son nativas, pero es muy dif\u00edcil tenerlas todas en un solo jard\u00edn: ac\u00e1 no podemos cultivar las de altas monta\u00f1as ni las de suelos muy especializados, pero cada vez que podemos vamos al monte y traemos una ramita, una semilla \u2026 as\u00ed cada a\u00f1o incrementamos nuestro potencial<\/em>\u00bb, explica la directora\u201d.<\/p>\n<p>\u201cPor eso cataloga de muy valiosa la labor de jardines como el de Pinar del R\u00edo o el de Las Tunas, sin olvidar los muy especializados como el orquideario de Soroa o la colecci\u00f3n de m\u00e1s de 300 helechos que conserva Santiago de Cuba\u201d.<\/p>\n<p>\u201cSeg\u00fan pudo comprobar JR en el Jard\u00edn Bot\u00e1nico de Sancti Sp\u00edritus, nuestras provincias son muy ricas en diversidad biol\u00f3gica y a\u00fan quedan plantas end\u00e9micas en su h\u00e1bitat natural, pero muchas est\u00e1n bajo amenaza de extinci\u00f3n porque no son siquiera reconocidas en su ambiente: la gente convive con ellas o las encuentra en una visita y no puede imaginarse su val\u00eda si antes no se le ha hecho saber. Destinar espacios al estudio profundo de estas plantas y darlas a conocer a la poblaci\u00f3n es una labor cient\u00edfica importante, pero muy costosa. Por eso, el CITMA\u201d [[<strong>CITMA<\/strong>: Ministerio de <a href=\"https:\/\/www.conicyt.cl\/bases\/dri\/contraparte\/CITMA.html\">Ciencia, Tecnolog\u00eda y Medio Ambiente<\/a>.]] \u201cno cesa de buscar financiamiento para mejorar las condiciones de trabajo\u201d.<\/p>\n<p>\u201cSin \u00e1nimo de ser pretenciosos, cada uno de estos recintos pudiera reclamar tambi\u00e9n un espacio en el libro de honor de los conservacionistas de la fauna tropical americana, pues m\u00e1s de cien especies de aves y numerosas familias de insectos, reptiles, anfibios y hasta peque\u00f1os mam\u00edferos como ardillas, jut\u00edas, murci\u00e9lagos y liebres han encontrado en estos residencia, a lo que se suma su privilegiada ubicaci\u00f3n en el corredor del Caribe que utilizan las aves migratorias\u201d.<\/p>\n<p>\u201c\u00ab<em>El mayor reto para los bi\u00f3logos que nos hereden ser\u00e1 la conservaci\u00f3n del potencial gen\u00e9tico de estos jardines, mediante modernas t\u00e9cnicas biotecnol\u00f3gicas, que hoy est\u00e1n fuera de nuestro alcance<\/em>\u00bb, augura \u00c1ngela\u201d.<\/p>\n<p>(24 febrero 2010)<\/p>\n","protected":false},"excerpt":{"rendered":"<p><a href=\"http:\/\/www.juventudrebelde.cu\/cuba\/2010-02-22\/investigaran-efectos-del-primer-inmunoestimulante-natural-cubano\/\"><em>Juventud Rebelde<\/em><\/a> informa que el <a href=\"http:\/\/herbogeminis.com\/IMG\/pdf\/tableta_anamu.pdf\">Laboratorio Farmac\u00e9utico Oriente (LFO) ha desarrollado y produce tabletas de anam\u00fa<\/a>, medicamento natural formulado a partir de las hojas de la planta, de amplio uso en la medicina tradicional, para favorecer la recuperaci\u00f3n de personas afectadas de c\u00e1ncer y sida y de los agresivos tratamientos farmacol\u00f3gicos que reciben. En marzo comienza el estudio de los efectos del preparado herbario a base de anam\u00fa [o mapurito] sobre el sistema inmunol\u00f3gico \/ Ante el d\u00eda del trabajador bot\u00e1nico, 27 de febrero,  <em>Juventud Rebelde<\/em> nos acerca a la historia y funciones de esta red en el pa\u00eds.<\/p>\n","protected":false},"author":1,"featured_media":943,"comment_status":"closed","ping_status":"open","sticky":false,"template":"","format":"standard","meta":{"footnotes":""},"categories":[3],"tags":[],"_links":{"self":[{"href":"https:\/\/marina.swarpeca.es\/revista\/wp-json\/wp\/v2\/posts\/946"}],"collection":[{"href":"https:\/\/marina.swarpeca.es\/revista\/wp-json\/wp\/v2\/posts"}],"about":[{"href":"https:\/\/marina.swarpeca.es\/revista\/wp-json\/wp\/v2\/types\/post"}],"author":[{"embeddable":true,"href":"https:\/\/marina.swarpeca.es\/revista\/wp-json\/wp\/v2\/users\/1"}],"replies":[{"embeddable":true,"href":"https:\/\/marina.swarpeca.es\/revista\/wp-json\/wp\/v2\/comments?post=946"}],"version-history":[{"count":0,"href":"https:\/\/marina.swarpeca.es\/revista\/wp-json\/wp\/v2\/posts\/946\/revisions"}],"wp:featuredmedia":[{"embeddable":true,"href":"https:\/\/marina.swarpeca.es\/revista\/wp-json\/wp\/v2\/media\/943"}],"wp:attachment":[{"href":"https:\/\/marina.swarpeca.es\/revista\/wp-json\/wp\/v2\/media?parent=946"}],"wp:term":[{"taxonomy":"category","embeddable":true,"href":"https:\/\/marina.swarpeca.es\/revista\/wp-json\/wp\/v2\/categories?post=946"},{"taxonomy":"post_tag","embeddable":true,"href":"https:\/\/marina.swarpeca.es\/revista\/wp-json\/wp\/v2\/tags?post=946"}],"curies":[{"name":"wp","href":"https:\/\/api.w.org\/{rel}","templated":true}]}}