{"id":919,"date":"2010-02-11T02:35:50","date_gmt":"2010-02-11T02:35:50","guid":{"rendered":"https:\/\/marina.swarpeca.es\/revista\/2010\/02\/11\/300-organizaciones-europeas-impulsan-salvemos-nuestras-semillas-campana-cuyo-objetivo-final-es-la-prohibicion-de-las-semillas-transgenicas\/"},"modified":"2010-02-11T02:35:50","modified_gmt":"2010-02-11T02:35:50","slug":"300-organizaciones-europeas-impulsan-salvemos-nuestras-semillas-campana-cuyo-objetivo-final-es-la-prohibicion-de-las-semillas-transgenicas","status":"publish","type":"post","link":"https:\/\/marina.swarpeca.es\/revista\/300-organizaciones-europeas-impulsan-salvemos-nuestras-semillas-campana-cuyo-objetivo-final-es-la-prohibicion-de-las-semillas-transgenicas\/","title":{"rendered":"300 organizaciones europeas impulsan \u201cSalvemos nuestras semillas\u201d campa\u00f1a cuyo objetivo final es la prohibici\u00f3n de las semillas transg\u00e9nicas"},"content":{"rendered":"<p>Petici\u00f3n que ha sido respaldada tambi\u00e9n con la firma de otros 300.000 ciudadanos europeos que no son miembros de las organizaciones que conforman \u201cSalvemos nuestras semillas\u201d [[<strong>Vea todas las organizaciones que apoyan \u00ab<em>Salvemos nuestras semillas<\/em>\u00ab<\/strong><\/p>\n<p><a href=\"https:\/\/herbogeminis.com\/revista\/IMG\/pdf\/Major_Organisations.pdf\">Petici\u00f3n con las organizaciones europeas firmantes m\u00e1s importantes<\/a><\/p>\n<p><a href=\"https:\/\/herbogeminis.com\/revista\/IMG\/pdf\/All_organisations_2009neu.pdf\">Lista de todas las organizaciones firmantes (por pa\u00eds)<\/a><\/p>\n<p><a href=\"https:\/\/www.saveourseeds.org\/signatures\/list.php?lang=DE\">lista de todos los firmantes (base de datos por pais)<\/a>.]], como <em>Amigos de la Tierra<\/em>, <em>Ecologistas en Acci\u00f3n<\/em>, el Sindicato Agrario Vasco <em>EHNE<\/em>, la Coordinadora de Organizaciones de Agricultores y Ganaderos (<em>COAG<\/em>), o la <em>Confederaci\u00f3n de Consumidores y Usuarios<\/em>, en el estado espa\u00f1ol [[<strong>Organizaciones que apoyan a <em>Save Our Seeds<\/em> en el estado espa\u00f1ol<\/strong><\/p>\n<p><a href=\"https:\/\/www.tierra.org\/spip\/\">Amigos de la Tierra<\/a><\/p>\n<p><a href=\"https:\/\/www.ehne.org\/\">EHNE, sindicato agrario vasco<\/a><\/p>\n<p><a href=\"]https:\/\/www.agrariamanresa.org\/aeam\/\">Amics de l&#8217;Escola Agr\u00e0ria de Manresa<\/a><\/p>\n<p>(11 de febrero de 2010)<\/p>\n<p><a href=\"https:\/\/www.hipatia.info\/index_es.php\">Hipatia<\/a><\/p>\n<p><a href=\"https:\/\/www.utopiaverde.org\/\">Fundaci\u00f3n Utop\u00eda Verde<\/a><\/p>\n<p><a href=\"https:\/\/www.transgenicsfora.org\/\">Plataforma Transg\u00e8nics Fora!<\/a><\/p>\n<p>[Mesa Local de Los Verdes de Canarias en Adeje-https:\/\/www.transgenicsfora.org\/><\/p>\n<p><a href=\"https:\/\/www.cecu.es\/\">CECU &#8211; Confederaci\u00f3n de Consumidores y Usuarios<\/a><\/p>\n<p>C.I.F.A.E.S., Centro de Investigaci\u00f3n y Formaci\u00f3n en Actividades<br \/>\nEcon\u00f3micas Sostenibles<\/p>\n<p><a href=\"https:\/\/www.coag.org\/\">COAG-IR<\/a><\/p>\n<p><a href=\"https:\/\/www.itaca-tierra.org\/\">Itaca<\/a><\/p>\n<p><a href=\"https:\/\/www.ecologistasenaccion.org\/\">Ecologistas en Acci\u00f3n<\/a><\/p>\n<p>Grupo ecologista Albor\u00e1n<\/p>\n<p><a href=\"https:\/\/www.nodo50.org\/plataformarural\/\">Plataforma Rural Alianzas por un mundo rural vivo<\/a><\/p>\n<p><a href=\"https:\/\/www.biospirit.es\/test\/index.php\">Luz de Vida<\/a><\/p>\n<p><a href=\"https:\/\/www.gmo-free-regions.org\/gmo-free-regions\/spain.html\">Zonas libres de transg\u00e9nicos en el estado espa\u00f1ol<\/a>.]].<\/p>\n<p>Seg\u00fan el ecologista alem\u00e1n Benedikt Haerlin, director de la campa\u00f1a global \u201cSalvemos nuestras semillas\u201d, la biodiversidad, ya en r\u00e1pido declive a consecuencia del cambio clim\u00e1tico y de la agricultura intensiva, \u00ab<em>padece tambi\u00e9n la amenaza de la modificaci\u00f3n gen\u00e9tica de semillas, dado que est\u00e1 al inicio de la cadena agr\u00edcola y puede propagarse por toda ella<\/em>\u201d.<\/p>\n<p>Los organismos gen\u00e9ticamente modificados son aquellos cuyo material gen\u00e9tico es manipulado en laboratorios donde han sido dise\u00f1ados o alterados deliberadamente con el fin de otorgarle alguna caracter\u00edstica espec\u00edfica. Com\u00fanmente se los denomina transg\u00e9nicos y son creados artificialmente por ingenieros gen\u00e9ticos.<\/p>\n<p>En declaraciones a la agencia informativa<em> IPS<\/em>, el l\u00edder ambientalista afirm\u00f3 que \u201c<em>el impacto m\u00e1s importante de la agricultura transg\u00e9nica radica en las condiciones sociales y econ\u00f3micas de los cultivadores. En general, vuelve a los cultivadores dependientes del gran negocio agroqu\u00edmico, y tambi\u00e9n provoca conflictos entre campesinos y propietarios de la tierra<\/em>\u201d.<\/p>\n<p><strong>Contaminaci\u00f3n transg\u00e9nica<\/strong><\/p>\n<p>En septiembre del a\u00f1o 2004, la Comisi\u00f3n Europea busc\u00f3 la aprobaci\u00f3n de una directiva que permitiera hasta un 0,7% de organismos gen\u00e9ticamente modificados en las semillas de ma\u00edz y canola (planta utilizada para la elaboraci\u00f3n de aceite vegetal y biodiesel) sin etiquetar.<\/p>\n<p>Pero tras fuertes protestas de agricultores org\u00e1nicos y entidades ambientalistas la Comisi\u00f3n Europea se vio obligada a retirar la propuesta. Desde entonces, el \u00f3rgano de la UE no ha presentado ninguna recomendaci\u00f3n nueva.<\/p>\n<p>Algunos comisarios, como Stavros Dimas, que entre 2004 y 2009 estuvo a cargo de Medio Ambiente, incluso cuestionaron que fueran necesarios los topes. Aunque el mandato de la actual Comisi\u00f3n termin\u00f3 en octubre, Dimas todav\u00eda se desempe\u00f1a como comisario ambiental hasta que se aprueben nuevas autoridades [[<strong>Ratificada la nueva Comisi\u00f3n Europea, su presidente acelera la regulaci\u00f3n de los productos y cultivos transg\u00e9nicos<\/strong>: El 9 de febrero la Euroc\u00e1mara ha ratificado al nuevo equipo de Jos\u00e9 Manuel Durao Barroso y sus 26 comisarios al frente de la Comisi\u00f3n Europea, 21 de los cuales est\u00e1n desde ayer en manos de conservadores y \u00abliberales\u00bb. La aprobaci\u00f3n de la nueva Comisi\u00f3n -instituci\u00f3n que redacta las directivas y fiscaliza su cumplmiento, y que dispone ahora de poderes ampliados- acaba con m\u00e1s de 3 meses de vac\u00edo de poder en la UE, tiempo en cuyo transcurso el ejecutivo comunitario ha permanecido en funciones. Tras haber rechazado el parlamento anterior en varias ocasiones durante los \u00faltimos 5 a\u00f1os la legitimaci\u00f3n de los productos transg\u00e9nicos, sin p\u00e9rdida de tiempo Barroso ya ha anunciado que la nueva Comisi\u00f3n acelerar\u00e1 su regulaci\u00f3n, para lo que ya ha comenzado una nueva campa\u00f1a en favor de los OGMs. En esos 5 a\u00f1os anteriores, los 27 rechazaron legitimar especies como el ma\u00edz \u00abMON810\u00bb, de la transnacional estadounidense \u00abMonsanto\u00bb, pese a lo cual en la actualidad se produce entre otros estados en el espa\u00f1ol. Seg\u00fan un portavoz del ejecutivo comunitario, en la legislatura reci\u00e9n comenzada la Comisi\u00f3n propondr\u00e1 \u201c<em>un sistema m\u00e1s eficaz, un marco legal y preciso<\/em>\u201d, y \u00abMonsanto\u00bb espera que se le renueve por 10 a\u00f1os la licencia con la que, pese a la oposici\u00f3n de los estados franc\u00e9s y alem\u00e1n, cultivar en suelo europeo su ma\u00edz transg\u00e9nico. Barroso, gran defensor de los transg\u00e9nicos, ha instado al nuevo comisario de Sanidad, John Dalli, para idear un sistema que combine \u201c<em>la autorizaci\u00f3n comunitaria, basada en la ciencia, con la libertad de los estados para decidir<\/em>\u201d cada uno de ellos si cultiva o no alimentos transg\u00e9nicos. Urgencia de Barroso que expresa su voluntad renovada de presionar a los 27 para que levanten las restricciones a los OGMs. Hasta ahora \u00fanicamente se permite el cultivo de la variedad MON810, pero hay m\u00e1s empresas a la espera del veredicto, por ejemoplo la alemana BASF espera que pronto resulte aprobado el cultivo de su patata transg\u00e9nica. Barroso se basa en informes de la Agencia Europea de Seguridad Alimentaria, fuertemente cuestionados por asociaciones y colectivos ecologistas y conservacionistas, \u201c<em>por su falta de independencia<\/em>\u201d.]].<br \/>\n.<\/p>\n<p>Seg\u00fan Haerlin, decir que esa contaminaci\u00f3n con transg\u00e9nicos es \u201c<em>accidental o t\u00e9cnicamente inevitable<\/em>\u201d es enga\u00f1oso. \u201c<em>Para forraje o incluso para alimentos, que la contaminaci\u00f3n gen\u00e9tica inferior al 0,9% no est\u00e9 declarada puede ser aceptable. Por lo menos, puedo estar seguro de que esa contaminaci\u00f3n no se extender\u00e1 a otras \u00e1reas de la vida<\/em>\u201d.<\/p>\n<p>Pero no ocurre lo mismo en el caso de las semillas, explic\u00f3 Haerlin. \u201c<em>Las semillas transg\u00e9nicas pueden contaminar los cultivos de campesinos y granjeros que se oponen a ellas. Luego de la contaminaci\u00f3n, se ver\u00e1n obligados a demostrar el origen de la contaminaci\u00f3n<\/em>\u201d, se\u00f1al\u00f3 el ecologista.<\/p>\n<p>\u201c<em>Los agricultores que usan lo que creen son semillas org\u00e1nicas, pero que han sido gen\u00e9ticamente contaminadas, continuar\u00e1n usando parte del cultivo contaminado como semillas para la siguiente temporada, y multiplicar\u00e1n y propagar\u00e1n la contaminaci\u00f3n<\/em>\u201d, sostuvo Benedikt Haerlin.<\/p>\n<p><strong>Acusan a las multinacionales<\/strong><\/p>\n<p>Haerlin, que trabaja en la <em>Fundaci\u00f3n Alemana para el Futuro de la Agricultura<\/em>, acus\u00f3 adem\u00e1s a los gigantes agroqu\u00edmicos que controlan el mercado de semillas transg\u00e9nicas de usar \u201c<em>las puertas traseras y la mala legislaci\u00f3n para colocar sus semillas en el mercado. Saben que de otro modo no vender\u00edan sus semillas<\/em>\u201d.<\/p>\n<p>Advirti\u00f3 que la investigaci\u00f3n y el desarrollo en la agricultura tiene lugar \u201c<em>cada vez m\u00e1s s\u00f3lo en los laboratorios qu\u00edmicos, y no en el campo, y se concentran en apenas un pu\u00f1ado de empresas<\/em>\u201d. Por esta causa, las semillas org\u00e1nicas tradicionales est\u00e1n desapareciendo, con unas consecuencias ambientales enormes y extremadamente peligrosas.<\/p>\n<p>Seg\u00fan expertos en ambiente y agricultura, hace 25 a\u00f1os hab\u00eda por lo menos 7.000 productores de semillas en todo el mundo, y ninguno de ellos controlaba m\u00e1s del 1% del mercado global. Actualmente, luego de una serie de adquisiciones, 10 importantes multinacionales de la bioqu\u00edmica, entre ellas \u00abMonsanto\u00bb, \u00abDuPont-Pioneer\u00bb, \u00abSyngenta\u00bb, \u00abBayer Cropscience\u00bb, \u00abBASF\u00bb y \u00abDow AgroSciences\u00bb, controlan m\u00e1s del 50% del mercado de las semillas.<\/p>\n<p>\u201c<em>A fin de mejorar sus ganancias, todas ellas aplican una estrategia para incrementar su control del mercado: imponen a los agricultores de todo el mundo la llamada integraci\u00f3n vertical de insumos, desde semillas hasta fertilizantes y pesticidas, todos de una misma marca<\/em>\u201d, explic\u00f3 Haerlin.<\/p>\n<p>El objetivo final de la campa\u00f1a \u201cSalvemos nuestras semillas\u201d, es lograr la prohibici\u00f3n de las semillas transg\u00e9nicas.<\/p>\n<p>&#8211; <a href=\"https:\/\/www.servindi.org\/actualidad\/22042?utm_source=feedburner&#038;utm_medium=email&#038;utm_campaign=Feed%3A+Servindi+%28Servicio+de+Informaci%C3%B3n+Indigena%29&#038;utm_content=Yahoo!+Mail\">Fuente Servindi<\/a><\/p>\n<hr \/>\n<hr \/>\n<p><object width=\"340\" height=\"285\"><param name=\"movie\" value=\"https:\/\/www.youtube.com\/v\/69ww4D7dMrI&#038;hl=es_ES&#038;fs=1&#038;\"><\/param><param name=\"allowFullScreen\" value=\"true\"><\/param><param name=\"allowscriptaccess\" value=\"always\"><\/param><embed src=\"https:\/\/www.youtube.com\/v\/69ww4D7dMrI&#038;hl=es_ES&#038;fs=1&#038;\" type=\"application\/x-shockwave-flash\" allowscriptaccess=\"always\" allowfullscreen=\"true\" width=\"340\" height=\"285\"><\/embed><\/object><\/p>\n<p><em>11 de septiembre de 2007<\/em>: <strong>documental realizado por el mundo diplomatic sobre los productos transgenicos en espa\u00f1a y todos los problemas que existen a raiz de esto como el monopolio de monsanto<\/strong>.  <\/p>\n<p><object width=\"340\" height=\"285\"><param name=\"movie\" value=\"https:\/\/www.youtube.com\/v\/gmOdvp7488A&#038;hl=es_ES&#038;fs=1&#038;\"><\/param><param name=\"allowFullScreen\" value=\"true\"><\/param><param name=\"allowscriptaccess\" value=\"always\"><\/param><embed src=\"https:\/\/www.youtube.com\/v\/gmOdvp7488A&#038;hl=es_ES&#038;fs=1&#038;\" type=\"application\/x-shockwave-flash\" allowscriptaccess=\"always\" allowfullscreen=\"true\" width=\"340\" height=\"285\"><\/embed><\/object><\/p>\n<p><em>18 de abril de 2009<\/em><\/p>\n","protected":false},"excerpt":{"rendered":"<p>Trescientas organizaciones no gubernamentales que agrupan a 25 millones de miembros promueven la campa\u00f1a \u201c<em>Salvemos nuestras semillas<\/em>\u201d (Save our seeds), iniciativa que lucha por mantener en Europa los cultivos convencionales y org\u00e1nicos libres de organismos gen\u00e9ticamente modificados (OGM). Han presentado a la Comisi\u00f3n Europea (CE), \u00f3rgano ejecutivo de la Uni\u00f3n Europea (UE), una petici\u00f3n [[<em>Petici\u00f3n<\/em><\/p>\n<p>A la<\/p>\n<p>Comisi\u00f3n Europea, Rue de la Loi 200, B-1049 Bruxelles, Belgium<\/p>\n<p>Me preocupa la Directiva propuesta por la Comisi\u00f3n Europea que permitir\u00eda la contaminaci\u00f3n de semillas no modificadas gen\u00e9ticamente con organismos transg\u00e9nicos (OMG) desde un 0.3 % a un 0.7 %. Quiero estar seguro de que los productos que adquiero, no etiquetados como transg\u00e9nicos, en efecto no contengan OMG. Esto ya no estar\u00eda garantizado si los cultivos no modificados gen\u00e9ticamente estuvieran contaminados por variedades transg\u00e9nicas en un nivel que var\u00eda entre 30 y 70 m\u00b2 por ha., y sin que los agricultores lo sepan.<\/p>\n<p>Adem\u00e1s, creo que tal diseminaci\u00f3n y propagaci\u00f3n de OMG no controlada es incompatible con una protecci\u00f3n precautoria tanto del ambiente como de la salud humana.<\/p>\n<p>Por lo tanto, le pido que asegure que la Directiva propuesta sobre el nivel de pureza de las semillas no permita la contaminaci\u00f3n de cultivos no transg\u00e9nicos por OMG (el nivel de detecci\u00f3n que actualmente permite un control fiable fija un nivel de contaminaci\u00f3n m\u00e1ximo de un 0.1 %).<\/p>\n<p>La pureza de las semillas debe estar asegurada por aqu\u00e9llos que producen o desean producir OMG, y no por aqu\u00e9llos que desean continuar produciendo y consumiendo productos sin transg\u00e9nicos. Los costos que esto implique no deben ser soportados por los consumidores y tampoco por los agricultores. La responsabilidad deber\u00e1 corresponder a quienes producen transg\u00e9nicos. Tal garant\u00eda deber\u00e1 ser provista en otras directivas, reglamentaciones y legislaci\u00f3n previa a la entrada en vigencia de la mencionada Directiva propuesta.<\/p>\n<p><a href=\"http:\/\/www.saveourseeds.org\/signatures\/sign_de.html\">Firma la petici\u00f3n online<\/a> (individuales)<\/p>\n<p>Firma la petici\u00f3n como organizaci\u00f3n enviando un e-mail (env\u00eda las credenciales y una breve descripci\u00f3n de tu organizaci\u00f3n)<\/p>\n<p><a href=\"http:\/\/herbogeminis.com\/IMG\/pdf\/Petition_en.pdf\">Firma la petici\u00f3n incluyendo una forma del firmante<\/a><\/p>\n<p>&#8211; <a href=\"http:\/\/www.saveourseeds.org\/int\/spain\/\">Fuente Save our seeds<\/a>.]] para restringir el uso de organismos gen\u00e9ticamente modificados y evitar as\u00ed la contaminaci\u00f3n \u201c<em>accidental o t\u00e9cnicamente evitable<\/em>\u201d de semillas puras que son, seg\u00fan las ONG, \u201c<em>la base de la seguridad alimentaria y el patrimonio m\u00e1s antiguo de la humanidad<\/em>\u201d.<\/p>\n","protected":false},"author":1,"featured_media":918,"comment_status":"closed","ping_status":"open","sticky":false,"template":"","format":"standard","meta":{"footnotes":""},"categories":[5],"tags":[],"_links":{"self":[{"href":"https:\/\/marina.swarpeca.es\/revista\/wp-json\/wp\/v2\/posts\/919"}],"collection":[{"href":"https:\/\/marina.swarpeca.es\/revista\/wp-json\/wp\/v2\/posts"}],"about":[{"href":"https:\/\/marina.swarpeca.es\/revista\/wp-json\/wp\/v2\/types\/post"}],"author":[{"embeddable":true,"href":"https:\/\/marina.swarpeca.es\/revista\/wp-json\/wp\/v2\/users\/1"}],"replies":[{"embeddable":true,"href":"https:\/\/marina.swarpeca.es\/revista\/wp-json\/wp\/v2\/comments?post=919"}],"version-history":[{"count":0,"href":"https:\/\/marina.swarpeca.es\/revista\/wp-json\/wp\/v2\/posts\/919\/revisions"}],"wp:featuredmedia":[{"embeddable":true,"href":"https:\/\/marina.swarpeca.es\/revista\/wp-json\/wp\/v2\/media\/918"}],"wp:attachment":[{"href":"https:\/\/marina.swarpeca.es\/revista\/wp-json\/wp\/v2\/media?parent=919"}],"wp:term":[{"taxonomy":"category","embeddable":true,"href":"https:\/\/marina.swarpeca.es\/revista\/wp-json\/wp\/v2\/categories?post=919"},{"taxonomy":"post_tag","embeddable":true,"href":"https:\/\/marina.swarpeca.es\/revista\/wp-json\/wp\/v2\/tags?post=919"}],"curies":[{"name":"wp","href":"https:\/\/api.w.org\/{rel}","templated":true}]}}