{"id":901,"date":"2010-02-07T17:23:32","date_gmt":"2010-02-07T17:23:32","guid":{"rendered":"https:\/\/marina.swarpeca.es\/revista\/2010\/02\/07\/la-comision-europea-plantea-sustituir-los-bosques-por-cultivos-de-palma-para-usar-su-aceite-como-combustible-07-02-10\/"},"modified":"2010-02-07T17:23:32","modified_gmt":"2010-02-07T17:23:32","slug":"la-comision-europea-plantea-sustituir-los-bosques-por-cultivos-de-palma-para-usar-su-aceite-como-combustible-07-02-10","status":"publish","type":"post","link":"https:\/\/marina.swarpeca.es\/revista\/la-comision-europea-plantea-sustituir-los-bosques-por-cultivos-de-palma-para-usar-su-aceite-como-combustible-07-02-10\/","title":{"rendered":"La Comisi\u00f3n Europea plantea sustituir los bosques por cultivos de palma para usar su aceite como combustible [07\/02\/10]"},"content":{"rendered":"<p>Para dejar meridianamente claro los objetivos, intereses y fines tanto de l@s individu@s que a l@s europe@s rigen como de las posibilidades y manipulaci\u00f3n de cuantas disposiciones \u00abmedioambientales\u00bb se aprueben y\/o accedan a las instancias internacionales competentes, en el borrador de la comisi\u00f3n se afirma que talar bosques tropicales y plantar palma ser\u00eda posible bajo las leyes europeas que pretenden detener los agrocombustibles \u201cinsostenibles\u201d, lo que no puede sino agradecerse pues despejan as\u00ed cualquier duda respecto a milongas biensonantes sobre el calentamiento del planeta, el cambio clim\u00e1tico y la sustentabilidad o, al menos, lo que tales cuestiones les preocupen. <\/p>\n<p>Pues, en efecto, tal y como Blanca Gonz\u00e1lez Ruibal sostiene en nombre de <em>Amigos de la Tierra<\/em>: \u00ab<em>El documento muestra la hipocres\u00eda de la Comisi\u00f3n con sus nefastos intentos de favorecer el aceite de palma mediante leyes pensadas, en teor\u00eda, para evitar la destrucci\u00f3n de los bosques del planeta [[En las p\u00e1ginas 8-9 del documento de la Comisi\u00f3n, ep\u00edgrafe 4.2.1 <strong>Continuously forested areas<\/strong>, encontramos la argumentaci\u00f3n que mejor muestra sus esencias sustentables y con la que defiende la cobertura que las directivas comunitarias ofrecer\u00edan a la implementaci\u00f3n de plantaciones de palma bajo el pretendido manto protector de las energ\u00edas renovables: <\/p>\n<p><strong>\u00c1reas forestales de cobertura continua<\/strong><\/p>\n<p>\u201c<em>Las \u00e1reas forestales de cobertura continua se definen como las \u00e1reas donde los \u00e1rboles han alcanzado, o pueden alcanzar, al menos alturas de 5 metros, formando una cubierta de m\u00e1s del 30%. Incluir\u00e1n generalmente bosques naturales, plantaciones de bosques y otras plantaciones de \u00e1rboles como la palma de aceite. Las plantaciones forestales de manejo intensivo pueden calificarse de este modo si cumplen los criterios de altura y cobertura. Lo que significa, por ejemplo, que un cambio de bosque a plantaci\u00f3n de palma de aceite no constituir\u00eda <em>per se<\/em> una ruptura de los criterios. y que la modificaci\u00f3n de una plantaci\u00f3n forestal de manejo intensivo a cultivos agr\u00edcolas anuales s\u00ed podr\u00eda constituir, en cambio, una ruptura de los criterios<\/em>\u201d.<\/p>\n<p>Ep\u00edgrafe cuya legitimaci\u00f3n, efectivamente, se pretende con la referencia expl\u00edcita a la Directiva 2009\/28\/CE de fomento del uso de la energ\u00eda procedente de fuentes renovables o, m\u00e1s brevemente, Directiva de energ\u00edas renovables, y cuyo <strong>art\u00edculo 17.4.b<\/strong> est\u00e1 as\u00ed redactado: <\/p>\n<p>\u201c<em>Zonas arboladas continuas, es decir, tierras con una extensi\u00f3n superior a una hect\u00e1rea, con \u00e1rboles de una altura superior a 5 metros y una cubierta de copas superior al 30%, o con \u00e1rboles que pueden alcanzar dichos l\u00edmites in situ<\/em>\u201d.]]. Permitir la expansi\u00f3n de las plantaciones de palma para abastecer el consumo de coches y camiones en Europa, tendr\u00eda un impacto devastador en el clima, la biodiversidad y las personas cuyo medio de vida depende de estos bosques. Si la Comisi\u00f3n Europea realmente pretende combatir el cambio clim\u00e1tico y la p\u00e9rdida de biodiversidad, necesita terminar con el legado de los agrocombustibles y garantizar urgentemente que no se sacrifiquen los bosques para llenar dep\u00f3sitos de coches<\/em>\u00ab.<\/p>\n<p>Ya que, prosigue la organizaci\u00f3n medioambiental espa\u00f1ola, seg\u00fan la propia Organizaci\u00f3n de Naciones Unidas, el r\u00e1pido crecimiento de la superficie de plantaciones de aceite es en estos momentos la principal causa de la p\u00e9rdida constante de lluvia en Malasia e Indonesia [[-<a href=\"https:\/\/marina.swarpeca.es\/revista\/IMG\/pdf\/the_last_stand_of_the_orangutan.pdf\"><em>El ultimo basti\u00f3n del orangut\u00e1n<\/em> Informe del Programa de Naciones Unidas para el Medio Ambiente 2007<\/a>.<\/p>\n<p>&#8211; <a href=\"https:\/\/marina.swarpeca.es\/revista\/IMG\/pdf\/orangutan.pdf\"><em>Globalization and Great Apes Illegal logging destroying last strongholds of Orangutans in National Parks<\/em> 24th sesion of UNEP\u2019s Goberning Council \/ Global Ministerial Environment Forum 5-9 February 2007 Nairobi 06-02-2007<\/a>.<\/p>\n<p>&#8211; <a href=\"https:\/\/marina.swarpeca.es\/revista\/IMG\/pdf\/orangutanreport_23to30.pdf\">Orangutan Report \u00abInternational Drivers of Illegal logging\u00bb \u00abMultinational Networks\u00bb \u00abOil Palm Plantations\u00bb<\/a>.]].<\/p>\n<p>Aunque los legisladores europeos esperan que el uso de agrocombustibles reduzca las emisiones nocivas para el clima en opini\u00f3n de <em>Amigos de la Tierra<\/em>, en la actualidad est\u00e1 aceptado que el impacto de la expansi\u00f3n de la agricultura para cultivar agrocombustibles aumenta las emisiones. Por ejemplo, la conversi\u00f3n de bosques tropicales en plantaciones de aceite de palma crear\u00eda una \u201c<em>deuda de carbono<\/em>\u201d y ser\u00edan necesarios 86 a\u00f1os de uso de agrocombustible procedente de la palma para compensar las emisiones producidas por la deforestaci\u00f3n [[.<a href=\"https:\/\/marina.swarpeca.es\/revista\/IMG\/pdf\/land_clearing_and_the_biofuel_carbon_debt.pdf\">\u201c<em>El clareo de la tierra y la deuda de carbono de los agrocombustibles<\/em>\u201d Joseph Fargione et al, 2008<\/a>.]], concluye.<\/p>\n<p><img loading=\"lazy\" decoding=\"async\" class=\" aligncenter size-full wp-image-900\" src=\"https:\/\/marina.swarpeca.es\/revista\/wp-content\/uploads\/2010\/02\/agrocombustibles.jpg\" alt=\"agrocombustibles.jpg\" align=\"center\" width=\"515\" height=\"333\" srcset=\"https:\/\/marina.swarpeca.es\/revista\/wp-content\/uploads\/2010\/02\/agrocombustibles.jpg 515w, https:\/\/marina.swarpeca.es\/revista\/wp-content\/uploads\/2010\/02\/agrocombustibles-300x194.jpg 300w\" sizes=\"(max-width: 515px) 100vw, 515px\" \/><\/p>\n<p><strong>M\u00e1s informaci\u00f3n<\/strong><\/p>\n<p>&#8211; Teresa Rodr\u00edguez, Prensa de <em>Amigos de la Tierra<\/em>: 680 936 327 \u2013 913069900: prensa@tierra.org<\/p>\n<p>&#8211; Alejandro Gonz\u00e1lez, \u00e1rea de Cambio Clim\u00e1tico de <em>Amigos de la Tierra<\/em> 691 482 308: clima.energia@tierra.org<\/p>\n<p>&#8211; Blanca Gonz\u00e1lez Ruibal, \u00e1rea de Agricultura y Alimentaci\u00f3n de <em>Amigos de la Tierra<\/em> 620 057 027: agricultura1@tierra.org<\/p>\n<p>&#8211; <a href=\"https:\/\/www.tierra.org\/spip\/spip.php?article989\">Fuente: Amigos de la Tierra<\/a> [[Para conocer un poco m\u00e1s acerca de las actividades e historia de esta organizaci\u00f3n ecologista, adem\u00e1s de visitar su sitio web puede leerse el \u00faltimo n\u00famero de la revista editada con motivo del 30 aniversario de su nacimiento: <a href=\"https:\/\/marina.swarpeca.es\/revista\/IMG\/pdf\/Revista_Amigos_de_la_Tierra_otono_2009.pdf\">Amigos de la Tierra 30 a\u00f1os revista oto\u00f1o 2009<\/a>.]].<\/p>\n<hr \/>\n<p><object width=\"340\" height=\"285\"><param name=\"movie\" value=\"https:\/\/www.youtube.com\/v\/odI7pQFyjso&#038;hl=es_ES&#038;fs=1&#038;\"><\/param><param name=\"allowFullScreen\" value=\"true\"><\/param><param name=\"allowscriptaccess\" value=\"always\"><\/param><embed src=\"https:\/\/www.youtube.com\/v\/odI7pQFyjso&#038;hl=es_ES&#038;fs=1&#038;\" type=\"application\/x-shockwave-flash\" allowscriptaccess=\"always\" allowfullscreen=\"true\" width=\"340\" height=\"285\"><\/embed><\/object><\/p>\n<p><em>21 de abril de 2008<\/em>: <a href=\"https:\/\/www.greenpeace.org\/dove\">Talk to Dove before they destroy Paradise Forests<\/a> <strong>Update: Thanks to the staggering public support for our international Dove campaign in April 2008, Unilever has no &#8230; Talk to Dove before they destroy Paradise Forests:<br \/>\nhttps:\/\/www.greenpeace.org\/dove Update: Thanks to the staggering public support for our international Dove campaign in April 2008, Unilever has now agreed to play their part in saving the Paradise Forests of South East Asia. As the biggest single buyer of palm oil in the world, Unilever has a special responsibility to help clean up the industry that&#8217;s behind so much forest destruction. They have agreed to support the call by Greenpeace for an immediate moratorium on deforestation for palm oil plantations. They have also agreed to urgently contact other major companies calling on them to support the moratorium. This is the first success in a broader campaign to secure real change on the ground in South East Asia -to stop the palm oil industry from destroying the Paradise Forests. Greenpeace campaigners will work with Unilever for the next six months (starting May 2008) to bring together a major coalition of companies to make the moratorium a reality. We will see at the end of this period how things are progressing and if we need to change our campaign approach<\/strong>. <em>About the music<\/em>: The song&#8217;s called \u00abThere They Go\u00bb. It was made specifically for the Greenpeace video by a <a href=\"https:\/\/www.myspace.com\/ohmsquare\">Czech band called Ohm Square<\/a> <\/p>\n","protected":false},"excerpt":{"rendered":"<p>Amigos de la Tierra se opone a considerar \u00abbosques\u00bb a esas plantaciones. La filtraci\u00f3n de una <a href=\"http:\/\/marina.swarpeca.es\/IMG\/pdf\/EC_implementation_sustainability_scheme.pdf\">comunicaci\u00f3n de la Comisi\u00f3n al Consejo y al Parlamento europeo<\/a> ha posibilitado la difusi\u00f3n y conocimiento de unos planteamientos que, bajo la doble coartada de reducir la emisi\u00f3n de gases de efecto invernadero [[<strong>Directiva 2009\/30\/CE<\/strong> del Parlamento Europeo y del Consejo de 23-04-2009 por la que se modifica la Directiva 98\/70\/CE en relaci\u00f3n con las especificaciones de la gasolina, el di\u00e9sel y el gas\u00f3leo, se introduce un <a href=\"http:\/\/marina.swarpeca.es\/IMG\/pdf\/Directiva_2009.30.CE.pdf\"><em>mecanismo para controlar y reducir las emisiones de gases de efecto invernadero<\/em> &#8230; Diario Oficial de la Uni\u00f3n Europea L140\/88 05-06-2009<\/a>.]] y fomentar el uso de energ\u00eda procedente de fuentes renovables [[<strong>Directiva 2009\/28\/CE<\/strong> del Parlamento Europeo y del Consejo de 23-04-2009 relativa al <a href=\"http:\/\/marina.swarpeca.es\/IMG\/pdf\/Directiva_2009.28.CE.pdf\"><em>fomento del uso de energ\u00eda procedente de fuentes renovables<\/em> y por la que se modifican y se derogan las Directivas 20 01\/77\/CE y 2003\/30\/CE DOUE L140\/16 05-06-2009<\/a>.]], pretender\u00eda arrasar los bosques existentes y cultivar palma en su lugar para utilizar el aceite como \u00abagrocombustible\u00bb de los veh\u00edculos europeos y, haciendo uso de directivas comunitarias pretendidamente defensoras de la biodiversidad [[<strong>Publicada la nueva Directiva europea de energ\u00edas renovables<\/strong>  <\/p>\n<p><em>8 de junio de 2009<\/em><\/p>\n<p><strong>Se ha publicado en el diario oficial de la Uni\u00f3n Europea de 5 de junio de 2009 la <a href=\"http:\/\/marina.swarpeca.es\/IMG\/pdf\/Directiva_2009.28.CE.pdf\">Directiva 2009\/28\/CE relativa al fomento del uso de energ\u00eda procedente de fuentes renovables<\/a>. La norma forma parte del conjunto de medidas con las que la UE pretende situarse en la vanguardia mundial en pol\u00edtica energ\u00e9tica y reducir las emisiones de efecto invernadero en un 20% en 2020. Los gobiernos tienen hasta el 25 de diciembre para trasponerla a sus ordenamientos<\/strong>.<\/p>\n<p><img loading=\"lazy\" decoding=\"async\" class=\" alignleft size-full wp-image-899\" src=\"https:\/\/herbogeminis.com\/revistawp-content\/uploads\/2010\/02\/acciona.eolica.usa_.jpg\" alt=\"acciona.eolica.usa.jpg\" align=\"left\" width=\"81\" height=\"52\" \/><\/p>\n<p>La Directiva 2009\/28\/CE del Parlamento Europeo y del Consejo, de 23 de abril de 2009, relativa al fomento del uso de energ\u00eda procedente de fuentes renovables, modifica y deroga las anteriores (2001\/77\/CE y 2003\/30\/CE) y es un buen texto para los estados que quieran hacer  renovables.  A Espa\u00f1a le asigna un objetivo del 20% para 2020, lo que exige hacer  en los pr\u00f3ximos diez a\u00f1os un esfuerzo en renovables tres veces superior al realizado en los \u00faltimos veinticinco.<\/p>\n<p>La fecha tope para hacer la trasposici\u00f3n al ordenamiento jur\u00eddico nacional de la Directiva es el 25 de diciembre [-de 2010-], excepto el Art. 4, que entra en vigor inmediatamente y es el que se refiere al Plan de Acci\u00f3n Nacional (PAN) de renovables. Los Gobiernos deber\u00e1n tener un avance del PAN en enero del 2010 y lo deber\u00e1n presentar a la Comisi\u00f3n como m\u00e1ximo el 30 de junio de 2010 con el contenido que se detalla en el anexo VI.<\/p>\n<p>En dicho anexo se establecen los requisitos m\u00ednimos del modelo armonizado para los PAN. Entre ellos, la necesidad de ampliar o reforzar la infraestructura existente para facilitar la integraci\u00f3n de la energ\u00eda procedente de fuentes renovables, medidas para acelerar los tr\u00e1mites de autorizaci\u00f3n y otras para reducir las barreras no tecnol\u00f3gicas.<\/p>\n<p>La Directiva establece objetivos vinculantes \u2013un 20% de consumo final bruto de energ\u00edas renovables para 2020 y del 10% en el transporte\u2013 e insiste reiteradamente en la integraci\u00f3n de las renovables en el sector del transporte, en el de la edificaci\u00f3n y el urbanismo. Adem\u00e1s, la oportunidad que representa para el sector de las renovables se acrecienta con el reconocimiento expreso que se hace de las externalidades de estas fuentes y las garant\u00edas que se dan a los actuales sistemas de apoyo, que deber\u00e1n mantenerse mientras los precios no reflejen los costes reales de todas las fuentes.<\/p>\n<p>El diario oficial de la UE de 5 de junio publica tambi\u00e9n otras medidas relacionadas con la po\u00edtica sobre energ\u00eda y clima de la UE. Entre ellas, la <a href=\"http:\/\/marina.swarpeca.es\/IMG\/pdf\/directiva_2009.29.CE.pdf\">Directiva 2009\/29\/CE para perfeccionar y ampliar el r\u00e9gimen comunitario de comercio de derechos de emisi\u00f3n de gases de efecto invernadero<\/a>; y la <a href=\"http:\/\/marina.swarpeca.es\/IMG\/pdf\/directiva_2009.31.CE.pdf\">Directiva 2009\/31\/CE relativa al almacenamiento geol\u00f3gico de di\u00f3xido de carbono<\/a>.<\/p>\n<p>&#8211; <a href=\"http:\/\/www.energias-renovables.com\/paginas\/Contenidosecciones.asp?ID=14&#038;Cod=17407&#038;Nombre=RSS\">Fuente: Energ\u00edas Renovables<\/a>.]], denominar \u201c<em>bosques<\/em>\u201d a esas plantaciones agroindustriales. Ignorando para ello, y tergiversando, la realidad: que la expansi\u00f3n del cultivo de palma es, entre otras cosas, la principal causa de la deforestaci\u00f3n del bosque tropical [[Puede echarse una ojeada a <a href=\"http:\/\/marina.swarpeca.es\/IMG\/pdf\/aceite_de_palma.pdf\">Cultivos de palma consecuencias e implicaciones de las extensas plantaciones dedicadas a la extracci\u00f3n de su aceite<\/a> sucinto dossier elaborado al efecto sobre las consecuencias locales y globales de las plantaciones masivas de palma, con an\u00e1lisis objetivos y documentados, y opiniones muy razonables, del Movimiento Mundial por los Bosques Tropicales y de Greenpeace, una monograf\u00eda de Guadalupe Miranda, un art\u00edculo de Am\u00e9rica Latina en Movimiento Agencia Latinoamericana de Informaci\u00f3n, otro de quiendebeaquien.org, para terminar con la n\u00edtida declaraci\u00f3n internacional, en uita.org, en contra de la \u201cMesa Redonda de Aceite de Palma \u00a1\u00a1\u00a1\u00bf<em>Sostenible<\/em>?!!!\u201d (RSPO).<\/p>\n<p>Igualmente aconsejable resulta la lectura del n\u00ba 54, octubre 2007, de <a href=\"http:\/\/marina.swarpeca.es\/IMG\/pdf\/Biodiversidad_sustento_y_culturas.pdf\"><em>Biodiversidad Sustento y Culturas<\/em><\/a>, \u00edntegramente dedicado a los impactos de la producci\u00f3n agroindustrial de combustibles. Dada la vigencia de las cuestiones tratadas, no puede dejar de inclu\u00edrse en este art\u00edculo el n\u00ba 62, octubre 2009, de <a href=\"http:\/\/marina.swarpeca.es\/IMG\/pdf\/biodiversidad62_octubre_2009.pdf\"><em>Biodiversidad Sustento y Culturas<\/em><\/a>.]].<\/p>\n","protected":false},"author":1,"featured_media":898,"comment_status":"closed","ping_status":"open","sticky":false,"template":"","format":"standard","meta":{"footnotes":""},"categories":[5],"tags":[],"_links":{"self":[{"href":"https:\/\/marina.swarpeca.es\/revista\/wp-json\/wp\/v2\/posts\/901"}],"collection":[{"href":"https:\/\/marina.swarpeca.es\/revista\/wp-json\/wp\/v2\/posts"}],"about":[{"href":"https:\/\/marina.swarpeca.es\/revista\/wp-json\/wp\/v2\/types\/post"}],"author":[{"embeddable":true,"href":"https:\/\/marina.swarpeca.es\/revista\/wp-json\/wp\/v2\/users\/1"}],"replies":[{"embeddable":true,"href":"https:\/\/marina.swarpeca.es\/revista\/wp-json\/wp\/v2\/comments?post=901"}],"version-history":[{"count":0,"href":"https:\/\/marina.swarpeca.es\/revista\/wp-json\/wp\/v2\/posts\/901\/revisions"}],"wp:featuredmedia":[{"embeddable":true,"href":"https:\/\/marina.swarpeca.es\/revista\/wp-json\/wp\/v2\/media\/898"}],"wp:attachment":[{"href":"https:\/\/marina.swarpeca.es\/revista\/wp-json\/wp\/v2\/media?parent=901"}],"wp:term":[{"taxonomy":"category","embeddable":true,"href":"https:\/\/marina.swarpeca.es\/revista\/wp-json\/wp\/v2\/categories?post=901"},{"taxonomy":"post_tag","embeddable":true,"href":"https:\/\/marina.swarpeca.es\/revista\/wp-json\/wp\/v2\/tags?post=901"}],"curies":[{"name":"wp","href":"https:\/\/api.w.org\/{rel}","templated":true}]}}