{"id":895,"date":"2010-02-05T13:52:22","date_gmt":"2010-02-05T13:52:22","guid":{"rendered":"https:\/\/marina.swarpeca.es\/revista\/2010\/02\/05\/por-nuestra-salud-la-privatizacion-de-los-servicios-sanitarios-05-02-10\/"},"modified":"2021-03-01T22:39:04","modified_gmt":"2021-03-01T22:39:04","slug":"por-nuestra-salud-la-privatizacion-de-los-servicios-sanitarios-05-02-10","status":"publish","type":"post","link":"https:\/\/marina.swarpeca.es\/revista\/por-nuestra-salud-la-privatizacion-de-los-servicios-sanitarios-05-02-10\/","title":{"rendered":"\u00ab\u00bfPor nuestra salud? La privatizaci\u00f3n de los servicios sanitarios [05\/02\/10]"},"content":{"rendered":"<p>&#8211; <a href=\"https:\/\/euskalherria.indymedia.org\/eu\/2010\/02\/66550.shtml\">Fuente: Indymedia Euskal Herria<\/a><\/p>\n<p><em>Estimad@s amig@s tenemos el placer de comunicaros la salida a la calle de nuestra \u00faltima publicaci\u00f3n.<\/p>\n<p>Una recopilaci\u00f3n de textos realizada por la Coordinadora Anti-privatizaci\u00f3n de la Sanidad P\u00fablica de Madrid en donde se analiza pormenorizadamente la situaci\u00f3n de la sanidad espa\u00f1ola y europea junto con los diferentes modelos de privatizaci\u00f3n que est\u00e1n destruyendo uno de los servicios p\u00fablicos fundamentales.<\/p>\n<p>\u00bfProducen los modelos de gesti\u00f3n p\u00fablico-privada un ahorro real de recursos, y si es as\u00ed a qu\u00e9 precio? \u00bfMejoran efectivamente la calidad del servicio? \u00bfMantienen la igualdad social en el acceso a la salud? \u00bfConservan la calidad del empleo y de las instalaciones que hab\u00edan caracterizado al sistema p\u00fablico de salud?<\/p>\n<p>Y tambi\u00e9n: \u00bfes leg\u00edtimo que empresas privadas obtengan un beneficio por la gesti\u00f3n de servicios p\u00fablicos? \u00bfEs leg\u00edtimo incluso que estos beneficios se produzcan en la gesti\u00f3n de un servicio social tan sensible como la salud? \u00bfQu\u00e9 se puede esperar, en definitiva, de un modelo de subcontrataci\u00f3n masiva de los servicios sanitarios en un contexto caracterizado por una creciente corrupci\u00f3n pol\u00edtica?<\/em><\/p>\n<p><a href=\"https:\/\/www.traficantes.net\/index.php\/trafis\/editorial\/catalogo\/utiles\/por_nuestra_salud_la_privatizacion_de_los_servicios_sanitarios\">M\u00e1s informaci\u00f3n sobre el libro. Comprar, descargar, donar<\/a>.<\/p>\n<p><strong>\u00cdndice<\/strong><\/p>\n<p><strong>0. Introducci\u00f3n<\/strong><\/p>\n<p><strong>Primera parte: Contexto internacional<\/strong><\/p>\n<p>1. Preguntas equivocadas, respuestas esquivocadas: La agenda mundial de la reforma neoliberal. <em> <strong>J.Lister<\/strong> <\/em>, London Health Emergency.<\/p>\n<p>2. Apuntes sobre la experiencia internacional de privatizaci\u00f3n de servicios sanitarios. <em> <strong>Delia \u00c1lvarez Edo<\/strong> <\/em><\/p>\n<p>3. Financiaci\u00f3n privada, d\u00e9ficit p\u00fablico. Un informe sobre el coste de las PFI y su impacto en los servicios sanitarios de Inglaterra.<em> <strong> Mark Hellowell<\/strong> <\/em> y <em> <strong>Allyson M. Pollock<\/strong> <\/em><\/p>\n<p>4. \u00bfPor el bien de los pacientes? El impacto de la creaci\u00f3n de un mercado en la provisi\u00f3n del Sistema Nacional de Salud de Inglaterra. <em> <strong>UNISON<\/strong> <\/em><\/p>\n<p><strong>Segunda parte: Privatizaci\u00f3n en el Estado Espa\u00f1ol<\/strong><\/p>\n<p>5. La experiencia valenciana de las concesiones administrativas en la sanidad p\u00fablica. J<em> <strong>Juan Benedito Alberola<\/strong> <\/em><\/p>\n<p><strong>Anexo<\/strong>: Datos y cronolog\u00eda del caso Alzira. <em> <strong>Coordinadora Anti-privatizaci\u00f3n de la Sanidad<\/strong> <\/em>.<\/p>\n<p>6. El proceso de privatizaci\u00f3n en Catalu\u00f1a. Los retoques de las izquierdas al modelo sanitario catal\u00e1n. <em> <strong>Ram\u00f3n Serna<\/strong> <\/em><\/p>\n<p>7. Madrid, \u201cla sanidad del futuro ya es una realidad\u201d. Juan Antonio G\u00f3mez Li\u00e9bana<\/p>\n<p><strong>Ap\u00e9ndice.<\/strong> CAS Madrid, Coordinadora Anti-Privatizaci\u00f3n de la Sanidad P\u00fablica de Madrid, naci\u00f3 en 2004 con el prop\u00f3sito expreso de detener el proceso de privatizaci\u00f3n del sistema de salud, emprendido en esta comunidad aut\u00f3noma por la administraci\u00f3n popular de Esperanza Aguirre con claro apoyo del PSOE. <\/p>\n<p>CAS Madrid es una plataforma independiente que agrupa a profesionales del sistema p\u00fablico (m\u00e9dicos, personal sanitario y no sanitario), colectivos de usuarios y vecinos, y organizaciones sociales (CNT, Solidaridad Obrera, Plataforma Sindical EMT y Sindicato Asambleario en el Estado Espa\u00f1ol y otros paises europeos. de Sanidad). <\/p>\n<p><strong>Privatizaci\u00f3n de la Sanidad y CAS<\/strong> en Geminis Papeles de Salud:<\/p>\n<p>* <a href=\"https:\/\/marina.swarpeca.es\/revista\/ley-29-2006-de-26-de-julio-de-garantias-y-uso-racional-de-los-medicamentos-y-productos-sanitarios-deroga-ley-25-1990-del-medicamento-articulo-51-medicamentos-de-plantas-medicinales-07-09-09\/\">Ley 29\/2006, de 26 de julio, de garant\u00edas y uso racional de los medicamentos y productos sanitarios<\/a><\/p>\n<p>* <a href=\"https:\/\/marina.swarpeca.es\/revista\/por-la-sanidad-publica\/\">Por la sanidad p\u00fablica<\/a> <\/p>\n<p>* <a href=\"https:\/\/marina.swarpeca.es\/revista\/memoria-del-servicio-navarro-de-salud-osasunbidea-2008-se-consolida-la-temporalidad-y-la-tendencia-a-la-privatizacion\/\">Memoria del Servicio Navarro de Salud-Osasunbidea 2008: se consolida la temporalidad y la tendencia a la privatizaci\u00f3n<\/a> <\/p>\n<p>* <a href=\"https:\/\/marina.swarpeca.es\/revista\/john-lister-el-sector-privado-escoge-los-servicios-sanitarios-mas-rentables-y-el-publico-se-queda-con-el-resto-21-06-09\/\">John Lister: \u201cEl sector privado escoge los servicios (sanitarios) m\u00e1s rentables y el p\u00fablico se queda con el resto\u201d<\/a> <\/p>\n","protected":false},"excerpt":{"rendered":"<p>1\u00aa edici\u00f3n, 1.000 ejemplares<\/p>\n<p>Enero de 2010<\/p>\n<p>T\u00edtulo: <a href=\"http:\/\/marina.swarpeca.es\/IMG\/pdf\/pornuestrasalud.pdf\">\u00bfPor nuestra salud? La privatizaci\u00f3n de los servicios sanitarios<\/a>.<\/p>\n<p>Autores: John Lister, Mark Hellowelly Allyson M. Pollock, UNISON, Delia \u00c1lvarez Edo, Juan Benedito, Ram\u00f3n Serna, Juan Antonio G\u00f3mez Li\u00e9bana, <a href=\"http:\/\/www.casmadrid.org\/\">CAS-Madrid<\/a> (Comp.).<\/p>\n<p>Traducci\u00f3n: Francisco Manuel Salamanca Pe\u00f1a, C\u00e9sar L\u00f3pez P\u00e9rez, Delia \u00c1lvarez Edo, Beatriz Garc\u00eda Dorado.<\/p>\n<p>Maquetaci\u00f3n y die\u00f1o de cubierta: Traficantes de Sue\u00f1os<\/p>\n<p>C\/ Embajadores 35, local 6<\/p>\n<p>28012 Madrid<\/p>\n<p>Tlf 915320928<\/p>\n<p>e-mail:editorial@traficantes.net<\/p>\n<p>Impresi\u00f3n: Queimada Gr\u00e1ficas<\/p>\n<p>C\/ Salitre, 15    28012 Madrid  <\/p>\n<p>Tlf: 915305211<\/p>\n<p>ISBN 13: 978-84-96453-44-9<\/p>\n<p>Dep\u00f3sito legal: M-1933-2010                                                          <\/p>\n","protected":false},"author":1,"featured_media":894,"comment_status":"closed","ping_status":"open","sticky":false,"template":"","format":"standard","meta":{"footnotes":""},"categories":[35],"tags":[],"_links":{"self":[{"href":"https:\/\/marina.swarpeca.es\/revista\/wp-json\/wp\/v2\/posts\/895"}],"collection":[{"href":"https:\/\/marina.swarpeca.es\/revista\/wp-json\/wp\/v2\/posts"}],"about":[{"href":"https:\/\/marina.swarpeca.es\/revista\/wp-json\/wp\/v2\/types\/post"}],"author":[{"embeddable":true,"href":"https:\/\/marina.swarpeca.es\/revista\/wp-json\/wp\/v2\/users\/1"}],"replies":[{"embeddable":true,"href":"https:\/\/marina.swarpeca.es\/revista\/wp-json\/wp\/v2\/comments?post=895"}],"version-history":[{"count":4,"href":"https:\/\/marina.swarpeca.es\/revista\/wp-json\/wp\/v2\/posts\/895\/revisions"}],"predecessor-version":[{"id":3127,"href":"https:\/\/marina.swarpeca.es\/revista\/wp-json\/wp\/v2\/posts\/895\/revisions\/3127"}],"wp:featuredmedia":[{"embeddable":true,"href":"https:\/\/marina.swarpeca.es\/revista\/wp-json\/wp\/v2\/media\/894"}],"wp:attachment":[{"href":"https:\/\/marina.swarpeca.es\/revista\/wp-json\/wp\/v2\/media?parent=895"}],"wp:term":[{"taxonomy":"category","embeddable":true,"href":"https:\/\/marina.swarpeca.es\/revista\/wp-json\/wp\/v2\/categories?post=895"},{"taxonomy":"post_tag","embeddable":true,"href":"https:\/\/marina.swarpeca.es\/revista\/wp-json\/wp\/v2\/tags?post=895"}],"curies":[{"name":"wp","href":"https:\/\/api.w.org\/{rel}","templated":true}]}}