{"id":887,"date":"2010-01-29T05:39:58","date_gmt":"2010-01-29T05:39:58","guid":{"rendered":"https:\/\/marina.swarpeca.es\/revista\/2010\/01\/29\/parir-desde-la-pobreza-29-01-10\/"},"modified":"2010-01-29T05:39:58","modified_gmt":"2010-01-29T05:39:58","slug":"parir-desde-la-pobreza-29-01-10","status":"publish","type":"post","link":"https:\/\/marina.swarpeca.es\/revista\/parir-desde-la-pobreza-29-01-10\/","title":{"rendered":"Parir desde la pobreza [29\/01\/10]"},"content":{"rendered":"<p>(<strong>Fuente imagen: <em>APE<\/em> <\/strong>)<\/p>\n<p>Su mam\u00e1, la Rosa, tuvo desde siempre y sin saberlo una pertenencia de fuego. Es parte de ese colectivo de madres que se ubican hoy en el 37 por ciento de mujeres en edad f\u00e9rtil hundidas en la pobreza o la indigencia. Una investigaci\u00f3n de la ONG \u201c<em>Observatorio de la Maternidad<\/em>\u201d revel\u00f3 que 2.943.371 mujeres, de entre 19 y 49 a\u00f1os de edad, habitan en los principales centros urbanos argentinos. Y de ellas \u201c<em>el 28,6 por ciento es pobre y el 9,1 por ciento es indigente<\/em>\u201d.<\/p>\n<p>Pero adem\u00e1s, el mismo informe resalt\u00f3 que \u201c<em>la transmisi\u00f3n intergeneracional de la pobreza comienza en el hogar. Las y los hijos de madres y padres pobres tienen una alta probabilidad de ser pobres, y las y los ni\u00f1os que crecen en hogares pobres, incluyendo los hogares encabezados por mujeres, crecer\u00e1n y replicar\u00e1n estas condiciones<\/em>\u201d.<\/p>\n<p>Ni \u201cel Rat\u00f3n\u201d ni la Rosa saben que llegaron marcados por el estigma de pertenencia a esa estad\u00edstica que no perdona. Que no deja margen alguno para volar hacia otras tierras menos crueles. Predestinados a la resignaci\u00f3n o al odio por ese karma devenido sist\u00e9mico. Nacidos y empujados a los abismos en geograf\u00edas que repiten la historia una y otra vez en un c\u00edrculo que se parece demasiado a un sino feroz.<\/p>\n<p>\u201c<em>Es como llevar una cruz encima, \u00bfno? La carg\u00f3 mi mam\u00e1 y la voy a cargar yo tambi\u00e9n. Tiene que ser as\u00ed<\/em>\u201d, dice resignadamente Romina, con sus 15, mientras ve rondar los dolores de su madre sobre s\u00ed misma como un fantasma que la busca y la seduce. Como una ara\u00f1a que va tejiendo su tela en la que espera pacientemente que se pose su enemigo para atraparlo y luego devorarlo impiadosamente.<\/p>\n<p>El informe del Observatorio de la Maternidad desnuda que \u201c<em>las mujeres que son madres en Argentina se encuentran en una condici\u00f3n social de mayor vulnerabilidad<\/em>\u201d con respecto a las que \u201c<em>est\u00e1n en la misma situaci\u00f3n<\/em>\u201d, son \u201c<em>jefas de hogar o c\u00f3nyuges pero no tienen hijas o hijos<\/em>\u201d. Y record\u00f3 que en \u201c<em>el per\u00edodo 2003-2006<\/em>\u201d, el 39,9 por ciento de las madres eran pobres, una cifra que ca\u00eda al 8,6 frente a las mujeres sin hijos.<\/p>\n<p>Las inequidades de un pa\u00eds que empuja a los acantilados de la nada a millones que juntan desde los m\u00e1rgenes las migajas que deja la brecha del desamparo generan que el grueso de las mujeres en edad f\u00e9rtil padezcan una anemia ya cr\u00f3nica que simboliza la crueldad de la desnutrici\u00f3n.<\/p>\n<p>Es un c\u00edrculo sanguinario, nacido en la m\u00e1s f\u00e9rrea determinaci\u00f3n de un sistema dispuesto a sobrevivir a partir de la expulsi\u00f3n. De la estigmatizaci\u00f3n eterna de quienes van aportando m\u00e1s y m\u00e1s vidas a un ej\u00e9rcito de vulnerados. Que responde a la l\u00f3gica atroz de que pertenecer es un verbo destinado a unos pocos. Mientras desde el otro lado de la vidriera hay millones que miran y crecen sin la oportunidad de la vida justa.<\/p>\n<p><a href=\"https:\/\/www.argenpress.info\/2010\/01\/parir-desde-la-pobreza.html\">Fuente: Argenpress<\/a><\/p>\n","protected":false},"excerpt":{"rendered":"<p>Desde que ten\u00eda apenas unos 6 a\u00f1os los pibes del barrio lo empezaron a llamar \u201cel Rat\u00f3n\u201d. Pasaron muchos a\u00f1os desde aquel bautismo de prepo. Ahora ya ronda los 18 y ya nadie se acuerda de que alguna vez, cuando todav\u00eda estaba en la panza de su mam\u00e1, lo so\u00f1aron Alejandro. Con un destino magno que nunca lleg\u00f3. El siempre fue y ser\u00e1 \u201cel Rat\u00f3n\u201d para todos. Cargando con un apodo que le asestaron por esa altura siempre escasa, la melena renegrida y salvaje y la hist\u00f3rica man\u00eda de andar corriendo, como queriendo escapar. Todo el tiempo. Fugando qui\u00e9n sabe de qu\u00e9 dolores de ese barrio al que alguien, en la ciudad, llam\u00f3 \u201cEl Progreso\u201d como una \u00e1cida iron\u00eda de un lugar anclado en la exclusi\u00f3n m\u00e1s honda.<\/p>\n","protected":false},"author":1,"featured_media":886,"comment_status":"closed","ping_status":"open","sticky":false,"template":"","format":"standard","meta":{"footnotes":""},"categories":[33],"tags":[],"_links":{"self":[{"href":"https:\/\/marina.swarpeca.es\/revista\/wp-json\/wp\/v2\/posts\/887"}],"collection":[{"href":"https:\/\/marina.swarpeca.es\/revista\/wp-json\/wp\/v2\/posts"}],"about":[{"href":"https:\/\/marina.swarpeca.es\/revista\/wp-json\/wp\/v2\/types\/post"}],"author":[{"embeddable":true,"href":"https:\/\/marina.swarpeca.es\/revista\/wp-json\/wp\/v2\/users\/1"}],"replies":[{"embeddable":true,"href":"https:\/\/marina.swarpeca.es\/revista\/wp-json\/wp\/v2\/comments?post=887"}],"version-history":[{"count":0,"href":"https:\/\/marina.swarpeca.es\/revista\/wp-json\/wp\/v2\/posts\/887\/revisions"}],"wp:featuredmedia":[{"embeddable":true,"href":"https:\/\/marina.swarpeca.es\/revista\/wp-json\/wp\/v2\/media\/886"}],"wp:attachment":[{"href":"https:\/\/marina.swarpeca.es\/revista\/wp-json\/wp\/v2\/media?parent=887"}],"wp:term":[{"taxonomy":"category","embeddable":true,"href":"https:\/\/marina.swarpeca.es\/revista\/wp-json\/wp\/v2\/categories?post=887"},{"taxonomy":"post_tag","embeddable":true,"href":"https:\/\/marina.swarpeca.es\/revista\/wp-json\/wp\/v2\/tags?post=887"}],"curies":[{"name":"wp","href":"https:\/\/api.w.org\/{rel}","templated":true}]}}