{"id":822,"date":"2010-01-10T07:13:22","date_gmt":"2010-01-10T07:13:22","guid":{"rendered":"https:\/\/marina.swarpeca.es\/revista\/2010\/01\/10\/presidente-de-bolivia-convoca-conferencia-mundial-de-los-pueblos-sobre-cambio-climatico-y-derechos-de-la-madre-tierra-cochabamba-20-22-abril-07-01-10\/"},"modified":"2010-01-10T07:13:22","modified_gmt":"2010-01-10T07:13:22","slug":"presidente-de-bolivia-convoca-conferencia-mundial-de-los-pueblos-sobre-cambio-climatico-y-derechos-de-la-madre-tierra-cochabamba-20-22-abril-07-01-10","status":"publish","type":"post","link":"https:\/\/marina.swarpeca.es\/revista\/presidente-de-bolivia-convoca-conferencia-mundial-de-los-pueblos-sobre-cambio-climatico-y-derechos-de-la-madre-tierra-cochabamba-20-22-abril-07-01-10\/","title":{"rendered":"Presidente de Bolivia convoca Conferencia Mundial de los Pueblos sobre Cambio Clim\u00e1tico y Derechos de la Madre Tierra: Cochabamba 20-22 abril [07\/01\/10]"},"content":{"rendered":"<p><em> <strong>Evo Morales, junto al Canciller David Choquehuanca, invitan en conferencia de prensa a la cumbre clim\u00e1tica<\/strong> <\/em> (<a href=\"https:\/\/www.la-razon.com\/versiones\/20100106_006964\/nota_250_933826.htm\">La Raz\u00f3n<\/a>)<\/p>\n<p>En la conferencia de prensa, acompa\u00f1ado de los ministros de Relaciones Exteriores, David Choquehuanca, y de Medio Ambiente, Ren\u00e9 Orellana -encargados de organizar la Conferencia Mundial, enviar las invitaciones a los potenciales participantes y atender a los gobernantes, personalidades comprometidas con la defensa del medio ambiente, los movimientos sociales y otros sectores- Evo explic\u00f3 que la conferencia mundial se realizar\u00e1 en la ciudad de Cochabamba, del 20 al 22 de abril, y que para clausurarla se llevar\u00e1 a cabo una gran marcha, al coincidir con el D\u00eda de los Derechos de la Madre Tierra.<\/p>\n<p>En el encuentro se establecer\u00e1n las estrategias de acci\u00f3n y movilizaci\u00f3n en defensa de la vida frente al cambio clim\u00e1tico, se analizar\u00e1 la situaci\u00f3n de los migrantes y refugiados por causa de problemas medioambientales, se debatir\u00e1n las causas del cambio clim\u00e1tico que, seg\u00fan Morales, est\u00e1n en el modelo de desarrollo capitalista, se estudiar\u00e1n nuevos compromisos para seguir el Protocolo de Kioto y se elaborar\u00e1n documentos sobre los derechos de la Madre Tierra.<\/p>\n<p>El Presidente destac\u00f3 que en la Cumbre de Copenhague (realizada del 7 al 18 de diciembre del 2009) triunfaron los pueblos del mundo porque un peque\u00f1o grupo de presidentes, encabezados por el imperialismo norteamericano, no pudo imponer su declaraci\u00f3n y propuestas: \u201c<em>Se dice que fue un fracaso<\/em>\u00bb porque \u00ab<em>fracas\u00f3 el imperialismo, el capitalismo en Copenhague, pero yo dir\u00eda que no ha sido un fracaso la cumbre, m\u00e1s bien dir\u00eda que es un triunfo de todo el mundo &#8230; porque los pa\u00edses capitalistas desarrollados no pudieron imponer su declaraci\u00f3n. Y no pudieron porque va creciendo la conciencia no s\u00f3lo de los pueblos del mundo sino tambi\u00e9n de los estados y los gobiernos<\/em>\u201d, sostuvo el presidente ind\u00edgena boliviano.<\/p>\n<p><strong>Objetivos de la conferencia<\/strong><\/p>\n<p>La reuni\u00f3n convocada tiene como base la discusi\u00f3n de seis objetivos:<\/p>\n<p>El primero es el an\u00e1lisis de las causas estructurales y sist\u00e9micas del cambio clim\u00e1tico, para proponer medidas de fondo que permitan el bienestar de la humanidad. <\/p>\n<p>El segundo, la discusi\u00f3n y acuerdo del Proyecto de Declaraci\u00f3n Universal de Derechos de la Madre Tierra.<\/p>\n<p>El tercer objetivo es lograr nuevos compromisos para el protocolo de Kioto respecto a la deuda clim\u00e1tica, los migrantes y refugiados, la reducci\u00f3n de las emisiones de gas, la adaptaci\u00f3n, el financiamiento, el efecto en los bosques y los pueblos ind\u00edgenas, entre otros.<\/p>\n<p>El cuarto es trabajar en la organizaci\u00f3n de un referendo mundial sobre el cambio clim\u00e1tico y el proyecto de declaraci\u00f3n de los derechos del planeta. <\/p>\n<p>El quinto, analizar y trazar un plan para avanzar en la constituci\u00f3n de un Tribunal de Justicia Clim\u00e1tica.<\/p>\n<p>La definici\u00f3n de estrategias de movilizaci\u00f3n constituye el sexto objetivo de la conferencia mundial.<\/p>\n<p><img loading=\"lazy\" decoding=\"async\" class=\" aligncenter size-full wp-image-821\" src=\"https:\/\/marina.swarpeca.es\/revista\/wp-content\/uploads\/2010\/01\/evo_convocatoria_conferencia.jpg\" alt=\"evo_convocatoria_conferencia.jpg\" align=\"center\" width=\"460\" height=\"306\" srcset=\"https:\/\/marina.swarpeca.es\/revista\/wp-content\/uploads\/2010\/01\/evo_convocatoria_conferencia.jpg 460w, https:\/\/marina.swarpeca.es\/revista\/wp-content\/uploads\/2010\/01\/evo_convocatoria_conferencia-300x200.jpg 300w\" sizes=\"(max-width: 460px) 100vw, 460px\" \/><\/p>\n<p>\u201c<em>Los m\u00e1s afectados por el cambio clim\u00e1tico ser\u00e1n los m\u00e1s pobres del planeta, que ver\u00e1n destruidos sus hogares<\/em>\u201d: Evo Morales Ayma <a href=\"https:\/\/www.servindi.org\/actualidad\/21108\">Servindi<\/a><\/p>\n","protected":false},"excerpt":{"rendered":"<p>Simult\u00e1neamente al D\u00eda Mundial de la Madre Tierra, instituido en abril de 2009 por la Organizaci\u00f3n de las Naciones Unidas (ONU) a propuesta del presidente de Bolivia [[- <a href=\"http:\/\/marina.swarpeca.es\/IMG\/pdf\/Declaracion_Universal_DD_Madre_TIERRA.pdf\">Hacia una Declaraci\u00f3n Universal de los Derechos de la Madre Tierra: Mensaje del Presidente del Estado Plurinacional de Bolivia Evo Morales Ayma en la Asamblea General de las Naciones Unidas que declar\u00f3 el 22 de Abril como D\u00eda Mundial de la Madre Tierra, Nueva York 22-04-2009<\/a>.]], Evo Morales ha convocado a todos los gobernantes, cient\u00edficos y movimientos sociales del mundo a la <em>Primera Conferencia Mundial de los Pueblos sobre el Cambio Clim\u00e1tico y los Derechos de la Madre Tierra<\/em>:  \u201c<em>La Conferencia Mundial tiene por objetivo analizar las causas estructurales y sistem\u00e1ticas que provocan el cambio clim\u00e1tico y proponer medidas de fondo, que posibiliten el bienestar de la humanidad en armon\u00eda con la naturaleza<\/em>\u201d, a fin de presentar las conclusiones en la pr\u00f3xima Cumbre Presidencial de Naciones Unidas sobre el Cambio Clim\u00e1tico,  prevista para fines de este a\u00f1o en M\u00e9xico como continuaci\u00f3n de la desarrollada el mes pasado en Copenhague (Dinamarca) [[- <a href=\"article 913\">Palabras del Presidente Evo Morales en la Cumbre del Cambio Clim\u00e1tico Copenhague (Dinamarca) 17-12-2009<\/a>.]].<\/p>\n","protected":false},"author":1,"featured_media":820,"comment_status":"closed","ping_status":"open","sticky":false,"template":"","format":"standard","meta":{"footnotes":""},"categories":[27],"tags":[],"_links":{"self":[{"href":"https:\/\/marina.swarpeca.es\/revista\/wp-json\/wp\/v2\/posts\/822"}],"collection":[{"href":"https:\/\/marina.swarpeca.es\/revista\/wp-json\/wp\/v2\/posts"}],"about":[{"href":"https:\/\/marina.swarpeca.es\/revista\/wp-json\/wp\/v2\/types\/post"}],"author":[{"embeddable":true,"href":"https:\/\/marina.swarpeca.es\/revista\/wp-json\/wp\/v2\/users\/1"}],"replies":[{"embeddable":true,"href":"https:\/\/marina.swarpeca.es\/revista\/wp-json\/wp\/v2\/comments?post=822"}],"version-history":[{"count":0,"href":"https:\/\/marina.swarpeca.es\/revista\/wp-json\/wp\/v2\/posts\/822\/revisions"}],"wp:featuredmedia":[{"embeddable":true,"href":"https:\/\/marina.swarpeca.es\/revista\/wp-json\/wp\/v2\/media\/820"}],"wp:attachment":[{"href":"https:\/\/marina.swarpeca.es\/revista\/wp-json\/wp\/v2\/media?parent=822"}],"wp:term":[{"taxonomy":"category","embeddable":true,"href":"https:\/\/marina.swarpeca.es\/revista\/wp-json\/wp\/v2\/categories?post=822"},{"taxonomy":"post_tag","embeddable":true,"href":"https:\/\/marina.swarpeca.es\/revista\/wp-json\/wp\/v2\/tags?post=822"}],"curies":[{"name":"wp","href":"https:\/\/api.w.org\/{rel}","templated":true}]}}