{"id":804,"date":"2010-01-03T05:02:33","date_gmt":"2010-01-03T05:02:33","guid":{"rendered":"https:\/\/marina.swarpeca.es\/revista\/2010\/01\/03\/callejero-guia-consumo-responsable-de-navarra-2010-y-otra-documentacion-de-economia-alternativa-y-solidaria-03-01-10\/"},"modified":"2010-01-03T05:02:33","modified_gmt":"2010-01-03T05:02:33","slug":"callejero-guia-consumo-responsable-de-navarra-2010-y-otra-documentacion-de-economia-alternativa-y-solidaria-03-01-10","status":"publish","type":"post","link":"https:\/\/marina.swarpeca.es\/revista\/callejero-guia-consumo-responsable-de-navarra-2010-y-otra-documentacion-de-economia-alternativa-y-solidaria-03-01-10\/","title":{"rendered":"Callejero-Gu\u00eda Consumo Responsable de Navarra 2010 y otra documentaci\u00f3n de Econom\u00eda Alternativa y Solidaria [03\/01\/10]"},"content":{"rendered":"<p>&#8211; Si deseas la Gu\u00eda en formato papel solic\u00edtala a REAS Navarra a trav\u00e9s de los datos de <a href=\"https:\/\/www.economiasolidaria.org\/redes\/reas_navarra\">contacto<\/a><\/p>\n<p><a href=\"https:\/\/www.economiasolidaria.org\/taxonomy\/term\/126\">Callejero<\/a>  <a href=\"https:\/\/www.economiasolidaria.org\/taxonomy\/term\/12\">Consumo responsable<\/a>  <a href=\"https:\/\/www.economiasolidaria.org\/taxonomy\/term\/316\">Gu\u00eda<\/a>   <a href=\"https:\/\/www.economiasolidaria.org\/taxonomy\/term\/125\">Gu\u00eda de consumo<\/a>  <a href=\"https:\/\/www.economiasolidaria.org\/taxonomy\/term\/120\">gu\u00eda de consumo callejero<\/a>  <a href=\"https:\/\/www.economiasolidaria.org\/taxonomy\/term\/13\">Navarra<\/a><\/p>\n<p><strong>Otra documentaci\u00f3n de REAS<\/strong><\/p>\n<p>&#8211; <a href=\"https:\/\/herbogeminis.com\/revista\/IMG\/pdf\/imagina16_web.pdf\">Imagina n\u00ba 16. Otra Econom\u00eda Es Posible. Bolet\u00edn de REAS Navarra<\/a> (23-12-2009)<\/p>\n<p><img loading=\"lazy\" decoding=\"async\" class=\" aligncenter size-full wp-image-799\" src=\"https:\/\/marina.swarpeca.es\/revista\/wp-content\/uploads\/2010\/01\/imagina_16.jpg\" alt=\"imagina_16.jpg\" align=\"center\" width=\"200\" height=\"234\" \/><\/p>\n<p><em>Contenidos<\/em>:<\/p>\n<p>* Auditor\u00eda Social.<\/p>\n<p>* Fiare Banca \u00c9tica, campa\u00f1a de Capital Social.<\/p>\n<p>* Editorial: \u00abQue no te consuman\u00bb.<\/p>\n<p>&#8211; Materiales de la II Jornada de empresas de inserci\u00f3n del Pa\u00eds Vasco (21-12-2009)<\/p>\n<p><a href=\"https:\/\/www.economiasolidaria.org\/taxonomy\/term\/52\">Empresas de inserci\u00f3n<\/a>   <a href=\"https:\/\/www.economiasolidaria.org\/taxonomy\/term\/16\">Euskadi<\/a><\/p>\n<p>El pasado viernes 14 de diciembre, se celebr\u00f3 la <a href=\"https:\/\/www.economiasolidaria.org\/event\/2009\/12\/14\/ii_jornada_de_empresas_de_inserci%C3%B3n_del_pa%C3%ADs_vasco_bilbao\">II Jornada de Empresas de Inserci\u00f3n<\/a> organizada por <a href=\"https:\/\/www.gizatea.net\/\">Gizatea<\/a> con el t\u00edtulo \u00ab<em>Aportando valor a la comunidad<\/em>\u00ab. Por la tarde se celebr\u00f3 una Asamblea Extraordinaria en la que se aprobaron los principios (misi\u00f3n, visi\u00f3n y valores) del Plan Estrat\u00e9gico 2010-2012 de Gizatea, su entrada en la <a href=\"https:\/\/www.economiasolidaria.org\/node\/1439\">Fundaci\u00f3n Fiare<\/a> para la banca \u00e9tica, as\u00ed como su <a href=\"https:\/\/www.economiasolidaria.org\/codigo_etica_gizatea\">C\u00f3digo de \u00c9tica<\/a>.<\/p>\n<p><em>Adjuntamos todos los materiales repartidos en el dossier a las personas participantes en la Jornada, as\u00ed como algunas de las presentaciones de las personas ponentes<\/em>:<\/p>\n<p>   1. <a href=\"https:\/\/herbogeminis.com\/revista\/IMG\/pdf\/presentacion_gizatea.pdf\">Presentaci\u00f3n de Gizatea<\/a>.<\/p>\n<p>   2. <a href=\"https:\/\/herbogeminis.com\/revista\/IMG\/pdf\/codigo_etica.pdf\">Presentaci\u00f3n del C\u00f3digo de \u00c9tica de Gizatea y sus empresas de inserci\u00f3n asociadas. Cristina de la Cruz (Aula de \u00c9tica de la Universidad de Deusto)<\/a>.<\/p>\n<p>   3. <a href=\"https:\/\/herbogeminis.com\/revista\/IMG\/pdf\/acompanamiento.pdf\">Claves de \u00e9xito en el acompa\u00f1amiento en las empresas de inserci\u00f3n. Mariv\u00ed San Juan (Empresas de inserci\u00f3n Amuitz)<\/a>.<\/p>\n<p>   4. <a href=\"https:\/\/herbogeminis.com\/revista\/IMG\/pdf\/buenas_practicas_acompanamiento.pdf\">Gu\u00eda de Buenas Pr\u00e1cticas (extraido de: FERNANDEZ, A., GALARRETA, J. y MART\u00cdNEZ, N. (coords.): Manual de acompa\u00f1amiento en las empresas de inserci\u00f3n: proceso y herramientas. Una propuesta desde la pr\u00e1ctica. Ed. REAS Euskadi-Proyecto Equal Lamegi, Bilbao, 2007)<\/a>.<\/p>\n<p>   5. <a href=\"https:\/\/herbogeminis.com\/revista\/IMG\/pdf\/retorno_economico.pdf\">El retorno econ\u00f3mico de las empresas de inserci\u00f3n a la administraci\u00f3n. Alfonso L\u00f3pez (Gizatea)<\/a>.<\/p>\n<p>   6. <a href=\"https:\/\/herbogeminis.com\/revista\/IMG\/pdf\/articulacion_estatal.pdf\">Articulaci\u00f3n del sector a nivel estatal. Nieves Ramos (FAEDEI)<\/a>.<\/p>\n<p>&#8211; <a href=\"https:\/\/herbogeminis.com\/revista\/IMG\/pdf\/economia_solidaria_euskadi.pdf\">La econom\u00eda solidaria en Euskadi: indicadores de auditor\u00eda social 2009<\/a> (21-12-2009)<\/p>\n<p><a href=\"https:\/\/www.economiasolidaria.org\/taxonomy\/term\/614\">Auditor\u00eda Social<\/a>   <a href=\"https:\/\/www.economiasolidaria.org\/taxonomy\/term\/9\">Econom\u00eda Solidaria<\/a>   <a href=\"https:\/\/www.economiasolidaria.org\/taxonomy\/term\/16\">Euskadi<\/a><\/p>\n<p>En el marco de la Jornada organizada por REAS Euskadi el pasado 20 de noviembre con el t\u00edtulo <a href=\"https:\/\/www.economiasolidaria.org\/jornada_reaseuskadi_09\">\u201c<em>Econom\u00eda Solidaria, una alternativa (tambi\u00e9n en tiempos de crisis)<\/em>\u201d<\/a>, se present\u00f3 el informe de Indicadores de Auditor\u00eda Social con los datos de 50 entidades de Econom\u00eda Solidaria de Euskadi. Seg\u00fan los resultados aportados por el informe, el n\u00famero de empleo ha aumentado, los puestos de trabajo mayoritariamente son ocupados por mujeres y los ingresos globales alcanzan cerca de 62 millones de euros.<\/p>\n<p>La publicaci\u00f3n titulada <a href=\"https:\/\/herbogeminis.com\/revista\/IMG\/pdf\/economia_solidaria_euskadi.pdf\">\u201c<em>La econom\u00eda solidaria en Euskadi: indicadores de auditor\u00eda social 2009<\/em>\u201d<\/a>, incluye un primer informe donde se analizan las principales magnitudes elaborado por Juan Carlos P\u00e9rez de Mendiguren (profesor de econom\u00eda de la UPV\/EHU y colaborador de REAS Euskadi). Seguidamente se presentan los datos globales completos de toda la bater\u00eda de indicadores de auditor\u00eda social de econom\u00eda solidaria en Euskadi 2009 (datos de 2008).<\/p>\n<p><img loading=\"lazy\" decoding=\"async\" class=\" aligncenter size-full wp-image-800\" src=\"https:\/\/marina.swarpeca.es\/revista\/wp-content\/uploads\/2010\/01\/economia_solidaria_euskadi.jpg\" alt=\"economia_solidaria_euskadi.jpg\" align=\"center\" width=\"110\" height=\"153\" \/><\/p>\n<p>&#8211; Ante la crisis global, solidaridad global &#8211; Plataforma Pobreza Cero Navarra<\/p>\n<p><a href=\"https:\/\/www.economiasolidaria.org\/taxonomy\/term\/9\">Econom\u00eda Solidaria<\/a>    <a href=\"https:\/\/www.economiasolidaria.org\/taxonomy\/term\/13\">Navarra<\/a>   <a href=\"https:\/\/www.economiasolidaria.org\/taxonomy\/term\/257\">Pobreza Cero<\/a><\/p>\n<p><strong>La crisis en la que estamos inmersos, de origen financiero-especulativo y con consecuencias cada vez m\u00e1s econ\u00f3mico-familiares, es evidentemente una crisis global.<\/strong><\/p>\n<p>Si bien sus causas son claramente identificables en los abusos y la falta de control de los sistemas financieros y especulativos de los pa\u00edses m\u00e1s desarrollados, los efectos se dejan sentir en todo el mundo. En el caso de los pa\u00edses en desarrollo, se est\u00e1 luchando para hacer frente a la recesi\u00f3n global en desigualdad de condiciones con los pa\u00edses m\u00e1s ricos, ya que estos efectos se ven agravados por una crisis alimentaria anterior (escasez y altos precios de los alimentos), ligado todo ello a los efectos del cambio clim\u00e1tico con sequ\u00edas e inundaciones cada vez m\u00e1s recurrentes. <a href=\"https:\/\/marina.swarpeca.es\/revista\/IMG\/pdf\/pobreza_cero_navarra.pdf\">Leer m\u00e1s<\/a><\/p>\n<p><img loading=\"lazy\" decoding=\"async\" class=\" aligncenter size-full wp-image-801\" src=\"https:\/\/marina.swarpeca.es\/revista\/wp-content\/uploads\/2010\/01\/pobrezacero_1.jpg\" alt=\"pobrezacero_1.jpg\" align=\"center\" width=\"107\" height=\"77\" \/><\/p>\n<p>&#8211; <a href=\"https:\/\/marina.swarpeca.es\/revista\/IMG\/pdf\/Conclusions_XFCC.pdf\">Conclusiones de la jornada sobre consumo consciente de productos forestales<\/a> 09-12-2009<\/p>\n<p><a href=\"https:\/\/www.economiasolidaria.org\/taxonomy\/term\/12\">Consumo responsable<\/a>   <a href=\"https:\/\/www.economiasolidaria.org\/taxonomy\/term\/17\">Galicia<\/a> <\/p>\n<p><img loading=\"lazy\" decoding=\"async\" class=\" aligncenter size-full wp-image-802\" src=\"https:\/\/marina.swarpeca.es\/revista\/wp-content\/uploads\/2010\/01\/Sol_Cova_da_Terra.jpg\" alt=\"Sol_Cova_da_Terra.jpg\" align=\"center\" width=\"226\" height=\"182\" \/><\/p>\n<p>Desda A Cova da Terra, os presentamos las <a href=\"https:\/\/marina.swarpeca.es\/revista\/IMG\/pdf\/Conclusions_XFCC.pdf\">conclusiones de la jornada sobre consumo consciente de productos forestales<\/a> y los enlaces en nuestra web y blog del evento:<\/p>\n<p>Web jornadas<\/p>\n<p>>> <a href=\"https:\/\/www.economiasolidaria.org\/event\/2009\/11\/7\/xornada_o_consumo_consciente_dos_produtos_forestais\">Enlace web en este portal web<\/a><\/p>\n<p>>> <a href=\"https:\/\/oblogdacova.blogspot.com\/2009\/11\/xornadas-forestais.html\">Enlace web al blog de Cova da Terra<\/a><\/p>\n<p><img loading=\"lazy\" decoding=\"async\" class=\" aligncenter size-full wp-image-803\" src=\"https:\/\/marina.swarpeca.es\/revista\/wp-content\/uploads\/2010\/01\/Socios.jpg\" alt=\"Socios.jpg\" align=\"center\" width=\"200\" height=\"94\" \/><\/p>\n<p>&#8211; Curso de creaci\u00f3n de Empresas Asociativas y Solidarias (Luis Razeto) 03-12-2009<\/p>\n<p><a href=\"https:\/\/www.economiasolidaria.org\/taxonomy\/term\/267\">Am\u00e9rica Latina<\/a> <a href=\"https:\/\/www.economiasolidaria.org\/taxonomy\/term\/36\">Chile<\/a> <a href=\"https:\/\/www.economiasolidaria.org\/taxonomy\/term\/9\">Econom\u00eda Solidaria<\/a> <a href=\"https:\/\/www.economiasolidaria.org\/taxonomy\/term\/49\">Empresas solidarias<\/a> <\/p>\n<p>En la <a href=\"https:\/\/www.economiasolidaria.org\/noticias\/nueva_web_de_luis_razeto\">p\u00e1gina web de Luis Razeto<\/a> se ha instalado el <a href=\"https:\/\/www.luisrazeto.net\/content\/creaci\u00f3n-de-empresas-asociativas-y-solidarias\">Curso de creaci\u00f3n de empresas asociativas y solidarias<\/a> (Versi\u00f3n te\u00f3rico-pr\u00e1ctica grupal), completo, con todos los Videos, Lecciones, Ejercicios pr\u00e1cticos, Tareas y Evaluaciones. <\/p>\n<p>Est\u00e1 disponible gratuitamente, para todos los grupos y personas que quieran crear una empresa solidaria, o que teniendo una, piensen en la posibilidad de su redise\u00f1o o de su renovaci\u00f3n para que funcione con la mayor coherencia conforme a la racionalidad especial de la econom\u00eda de solidaridad y trabajo.<\/p>\n<p><em>Presentaci\u00f3n del Curso<\/em><\/p>\n<p>En tantos a\u00f1os en el campo de la econom\u00eda de solidaridad he conocido muchas empresas solidarias exitosas, y tambi\u00e9n muchas que han fracasado. He participado en varias de ellas, de los dos tipos, asesorado y capacitado a otras, las he estudiado y sistematizado. Creo haber aprendido bastante, en la pr\u00e1ctica, sobre las condiciones del \u00e9xito y las causas de los fracasos de las iniciativas econ\u00f3micas solidarias.<\/p>\n<p>Por su parte, la teor\u00eda de la econom\u00eda de solidaridad y trabajo &#8211; elaborada en base a esas experiencias y pr\u00e1cticas y para servirles en su proceso -, ofrece elementos de gran utilidad respecto a cu\u00e1les sean, para las empresas solidarias, los mejores modos de organizaci\u00f3n y funcionamiento, sus m\u00e1s adecuadas formas de relacionarse con el mercado, la gesti\u00f3n m\u00e1s apropiada de sus recursos y operaciones, y la m\u00e1s conveniente resoluci\u00f3n de sus problemas, dificultades y conflictos internos.<\/p>\n<p>En este curso expondr\u00e9 de manera sencilla y ordenada los principales aprendizajes que, desde la pr\u00e1ctica y desde la teor\u00eda, he ido adquiriendo sobre c\u00f3mo pueden crearse, organizarse y desarrollarse, empresas asociativas y solidarias, de modo que los beneficios que proporcionen a sus participantes y al entorno social puedan optimizarse y maximizarse, desplegando ellas todas sus potencialidades.<\/p>\n<p>Espero que este curso sirva tanto a las personas y grupos que quieran crear una empresa asociativa y solidaria en la cual trabajar y obtener los medios para vivir dignamente y para progresar econ\u00f3mica, social y culturalmente, como a quienes desde alguna instituci\u00f3n u organismo de apoyo se esfuerzan en facilitar la formaci\u00f3n y el desarrollo de iniciativas solidarias de distintos tipos, tama\u00f1os y caracter\u00edsticas.<\/p>\n<p>Luis Razeto.<\/p>\n<p><a href=\"https:\/\/www.luisrazeto.net\/content\/curr\u00edculum\">Curr\u00edculum<\/a><\/p>\n<p><a href=\"https:\/\/www.luisrazeto.net\">Web<\/a><\/p>\n<p>>> <a href=\"https:\/\/www.luisrazeto.net\/content\/creaci\u00f3n-de-empresas-asociativas-y-solidarias\">Acceso al Curso<\/a><\/p>\n","protected":false},"excerpt":{"rendered":"<p><em>Esta 5\u00aa Edici\u00f3n de la <a href=\"http:\/\/herbogeminis.com\/IMG\/pdf\/guia-callejeroCR_web.pdf\">Gu\u00eda-Callejero de Consumo responsable<\/a> recoge los establecimientos donde es posible adquirir productos ecol\u00f3gicos y de comercio justo en Navarra. Tambi\u00e9n aparece la relaci\u00f3n de servicios que ofrecen las empresas y entidades solidarias en nuestra comunidad. Esta Gu\u00eda es una herramienta de transformaci\u00f3n social frente al consumismo, y pretende facilitar a la ciudadan\u00eda el ejercicio de un consumo m\u00e1s cr\u00edtico y responsable donde se tengan en cuenta los criterios la coherencia con nuestros valores \u00e9ticos, sociales y medioambientales<\/em>. <\/p>\n","protected":false},"author":1,"featured_media":798,"comment_status":"closed","ping_status":"open","sticky":false,"template":"","format":"standard","meta":{"footnotes":""},"categories":[5],"tags":[],"_links":{"self":[{"href":"https:\/\/marina.swarpeca.es\/revista\/wp-json\/wp\/v2\/posts\/804"}],"collection":[{"href":"https:\/\/marina.swarpeca.es\/revista\/wp-json\/wp\/v2\/posts"}],"about":[{"href":"https:\/\/marina.swarpeca.es\/revista\/wp-json\/wp\/v2\/types\/post"}],"author":[{"embeddable":true,"href":"https:\/\/marina.swarpeca.es\/revista\/wp-json\/wp\/v2\/users\/1"}],"replies":[{"embeddable":true,"href":"https:\/\/marina.swarpeca.es\/revista\/wp-json\/wp\/v2\/comments?post=804"}],"version-history":[{"count":0,"href":"https:\/\/marina.swarpeca.es\/revista\/wp-json\/wp\/v2\/posts\/804\/revisions"}],"wp:featuredmedia":[{"embeddable":true,"href":"https:\/\/marina.swarpeca.es\/revista\/wp-json\/wp\/v2\/media\/798"}],"wp:attachment":[{"href":"https:\/\/marina.swarpeca.es\/revista\/wp-json\/wp\/v2\/media?parent=804"}],"wp:term":[{"taxonomy":"category","embeddable":true,"href":"https:\/\/marina.swarpeca.es\/revista\/wp-json\/wp\/v2\/categories?post=804"},{"taxonomy":"post_tag","embeddable":true,"href":"https:\/\/marina.swarpeca.es\/revista\/wp-json\/wp\/v2\/tags?post=804"}],"curies":[{"name":"wp","href":"https:\/\/api.w.org\/{rel}","templated":true}]}}