{"id":786,"date":"2009-12-25T04:45:53","date_gmt":"2009-12-25T04:45:53","guid":{"rendered":"https:\/\/marina.swarpeca.es\/revista\/2009\/12\/25\/palabras-del-presidente-evo-morales-en-la-cumbre-del-cambio-climatico-copenhague-dinamarca-17-diciembre-2009-25-12-09\/"},"modified":"2021-03-01T22:39:04","modified_gmt":"2021-03-01T22:39:04","slug":"palabras-del-presidente-evo-morales-en-la-cumbre-del-cambio-climatico-copenhague-dinamarca-17-diciembre-2009-25-12-09","status":"publish","type":"post","link":"https:\/\/marina.swarpeca.es\/revista\/palabras-del-presidente-evo-morales-en-la-cumbre-del-cambio-climatico-copenhague-dinamarca-17-diciembre-2009-25-12-09\/","title":{"rendered":"Palabras del Presidente Evo Morales en la Cumbre del Cambio Clim\u00e1tico, Copenhague (Dinamarca) 17 diciembre 2009 [25\/12\/09]"},"content":{"rendered":"<p><strong>Intervenci\u00f3n del Presidente de Bolivia Evo Morales<\/strong> [[Ver <a href=\"https:\/\/marina.swarpeca.es\/revista\/IMG\/pdf\/Democracy_Now_entrevista_a_Evo_Morales.pdf\">Democracy Now! entrevista al Presidente de Bolivia Evo Morales: Deuda clim\u00e1tica, capitalismo, tribunal de justicia clim\u00e1tica 17-12-2009 \/ Neoliberalismo no es soluci\u00f3n para humanidad 18-11-2008<\/a>.<\/p>\n<p><img loading=\"lazy\" decoding=\"async\" class=\" aligncenter size-full wp-image-784\" src=\"https:\/\/marina.swarpeca.es\/revista\/wp-content\/uploads\/2009\/12\/morales-dn.jpg\" alt=\"morales-dn.jpg\" align=\"center\" width=\"133\" height=\"100\" \/><\/p>\n<p>(<strong>fotograf\u00eda<\/strong> <a href=\"https:\/\/www.democracynow.org\/es\/destacados\/el_presidente_de_bolivia_evo_morales_hab\"><em>Democracy Now!: Evo Morales durante la entrevista con Amy Goodman 17-12-2009<\/em><\/a>)]] <strong>en la Cumbre del Clima de Copenhague<\/strong> (<strong>fotograf\u00eda de<\/strong> <a href=\"https:\/\/www.juventudrebelde.cu\/internacionales\/2009-12-18\/intervencion-de-evo-morales-en-la-cumbre-climatica-en-copenhague\/\"><em>Juventud Rebelde<\/em><\/a>)<\/p>\n<p><em>Primero, expresar nuestra molestia por la desorganizaci\u00f3n y las dilaciones que existen en este evento internacional, cuando nuestra responsabilidad deber\u00eda ser con mucha eficacia; nuestros pueblos tambi\u00e9n esperan resultados para salvar la vida, para salvar la humanidad, salvando el planeta tierra<\/em>. <\/p>\n<p><em>Cuando preguntamos, qu\u00e9 pasa con los anfitriones, por qu\u00e9 no los debates, nos dicen que es Naciones Unidas. Cuando preguntamos qu\u00e9 pasa con las Naciones Unidas, dicen que es Dinamarca, y no sabemos qui\u00e9n organiza este evento internacional, porque todo el mundo est\u00e1 esperando de los jefes de Estado una soluci\u00f3n, una propuesta de soluci\u00f3n para salvar la vida<\/em>. <\/p>\n<p><em>Y por eso, quiero expresar de manera muy sincera, honesta, responsable, nuestra enorme preocupaci\u00f3n por esta desorganizaci\u00f3n<\/em>. <\/p>\n<p><em>Despu\u00e9s de escuchar algunas intervenciones de hermanos presidentes del mundo, muy sorprendido porque solamente tratan de los efectos y no de las causas del cambio clim\u00e1tico. Lamento mucho decir, cobardemente no queremos tocar las causas de la destrucci\u00f3n del medioambiente en el planeta tierra<\/em>. <\/p>\n<p><em>Y queremos decir, desde ac\u00e1, las causas vienen del capitalismo. Si nosotros no identificamos de d\u00f3nde viene la destrucci\u00f3n al medioambiente, por tanto a la vida y la humanidad, seguramente nunca vamos a resolver este problema que es de todos, de todas, y no solamente de un continente, no solamente de una naci\u00f3n, no s\u00f3lo de una regi\u00f3n<\/em>. <\/p>\n<p><img loading=\"lazy\" decoding=\"async\" class=\" aligncenter size-full wp-image-785\" src=\"https:\/\/marina.swarpeca.es\/revista\/wp-content\/uploads\/2009\/12\/ObamaBush.jpg\" alt=\"ObamaBush.jpg\" align=\"center\" width=\"80\" height=\"100\" \/><\/p>\n<p><em> <strong>Barack Obama, atento a los gestos y las palabras del \u00ab<em>boss<\/em>\u00bb George W. Bush. Una imagen vale m\u00e1s que no se sabe cu\u00e1ntas palabras: \u00bfbuena sinton\u00eda? podr\u00eda definir la relaci\u00f3n entre ambos<\/strong> <\/em>.<\/p>\n<p><em>Y por eso nuestra obligaci\u00f3n es identificar las causas del cambio clim\u00e1tico, y quiero decirles con responsabilidad ante mi pueblo y ante el pueblo del mundo, las causas vienen  del capitalismo<\/em>. <\/p>\n<p><em>Por supuesto tenemos profundas diferencias de presidente a presidente, de gobierno a gobierno. \u00bfCu\u00e1les son esas diferencias?, tenemos dos formas de vida, por tanto est\u00e1 en debate dos culturas de vida, la cultura de la vida y la cultura de la muerte<\/em>. <\/p>\n<p><em>La cultura de la muerte que es el capitalismo, nosotros decimos los pueblos ind\u00edgenas es el vivir mejor, mejor vivir a costa del otro; y la cultura de la vida es el socialismo, el vivir bien<\/em>. <\/p>\n<p><em>\u00bfCu\u00e1les son las profundas diferencias entre el vivir bien y el vivir mejor?. El vivir mejor, repito nuevamente, vivir a costa del otro, explotando al otro, saqueando los recursos naturales, violando a la Madre Tierra, privatizando los servicios b\u00e1sicos<\/em>. <\/p>\n<p><em>Mientras que el vivir bien, es vivir en solidaridad, en igualdad, en complementariedad, en reciprocidad, no es el vivir mejor. En t\u00e9rminos cient\u00edficos, desde el marxismo, desde el leninismo dice: capitalismo- socialismo; y nosotros sencillamente decimos: el vivir bien y el vivir mejor<\/em>. <\/p>\n<p><em>Estas dos formas de vivencia, estas dos culturas de la vida est\u00e1 en debate cuando hablamos del cambio clim\u00e1tico, y si no decidimos cu\u00e1l es la mejor forma de vivencia o de vida, seguramente este tema nunca vamos a resolver, porque tenemos problemas de vivencia, el lujo, el consumismo que hace da\u00f1o a la humanidad, y no queremos decir la verdad en esta clase de eventos internacionales<\/em>. <\/p>\n<p><em>Desde el momento que empec\u00e9 a participar en las Naciones Unidas, yo ando muy preocupado porque no hay presidentes que no dicen la verdad ante el mundo. <strong>Todos protestan sobre el cambio clim\u00e1tico, pero nadie protesta contra el capitalismo que es el peor enemigo de la humanidad<\/strong> <\/em>. <\/p>\n<p><em>Si el capitalismo es el peor enemigo de la humanidad, sabiendo no lo dicen, por tanto los jefes de Estado mentimos al pueblo boliviano, y dentro de nuestra forma de sobrevivencia el no mentir es algo sagrado, y eso no lo practicamos ac\u00e1<\/em>. <\/p>\n<p><em>Ojal\u00e1 ustedes, los presidentes, algunos presidentes del sistema capitalista pueda revisar nuestra <a href=\"https:\/\/marina.swarpeca.es\/revista\/IMG\/pdf\/Constitucion_Bolivia_2008.pdf\">Constituci\u00f3n Pol\u00edtica del Estado<\/a> [[<strong>Asamblea Constituyente<\/strong> <a href=\"https:\/\/marina.swarpeca.es\/revista\/IMG\/pdf\/separata_constituyente2_Para_entender_la_Constitucion.pdf\"><em>Para entender la Constituci\u00f3n Pol\u00edtica del Estado<\/em><\/a>.]] boliviano. Felizmente con mucho esfuerzo aprobamos y en la Constituci\u00f3n est\u00e1 el ama sua, ama llulla, ama q\u2019ella; no robar, no mentir ni ser flojo. Ser autoridad es la forma de servir al pueblo, a los pueblos del mundo, a los pueblos en Bolivia<\/em>. <\/p>\n<p><em>Por eso, yo quer\u00eda esta oportunidad para expresar, y lamento mucho que cuando yo tengo que hablar desde la mesa desaloja a la gente, yo tengo que hablar con sillas vac\u00edas, preguntaba qu\u00e9 estaba pasando antes que lleguemos ac\u00e1, bueno, hay que desalojar, hay que despedir a la gente cosa que nos escuche; pero tendremos la oportunidad de hacernos escuchar en otros foros internacionales con los movimientos sociales. No importa, ac\u00e1 nos pueden bloquear. No importa, ac\u00e1 pueden desalojar a la gente para que no nos escuche<\/em>. <\/p>\n<p><em>Est\u00e1 bien, quiero expresar mi molestia. Creo que lo mejor ser\u00eda que nuestros pueblos nos escuchen.<\/em> <\/p>\n<p><em>Si \u00e9stas son nuestras profundas diferencias ideol\u00f3gicas, program\u00e1ticas, culturales de la vida, yo he llegado a la conclusi\u00f3n queridos presidentes, delegaciones que est\u00e1n presentes ac\u00e1, que en este milenio es m\u00e1s importante defender los derechos de la Madre Tierra que defender los derechos humanos<\/em>. <\/p>\n<p><em>La tierra o el planeta tierra, o la Madre Tierra o la naturaleza existen y existir\u00e1 sin el ser humano, pero el ser humano no puede vivir sin el planeta tierra. Y por tanto, es nuestra obligaci\u00f3n defender el derecho de la Madre Tierra, defender el derecho de la Madre Tierra, defender el planeta tierra es m\u00e1s importante que defender los derechos humanos<\/em>. <\/p>\n<p><em>Muchos dir\u00e1n, bueno, entonces qu\u00e9 es la vida, pero si no hay planeta tierra que se destroza, de qu\u00e9 sirve defender los derechos humanos, la vida misma<\/em>. <\/p>\n<p><em>Yo saludo a las Naciones Unidas, que este a\u00f1o por fin ha<\/em> <a href=\"https:\/\/marina.swarpeca.es\/revista\/IMG\/pdf\/Declaracion_Universal_DD_Madre_TIERRA.pdf\"><em>declarado el D\u00eda Internacional de la Madre Tierra<\/em><\/a>. <em>Es Madre Tierra. La madre es algo sagrado, la madre es nuestra vida. A la madre no se alquila, no se vende ni se viola, hay que respetarla. La Madre Tierra es nuestro hogar. Si esa es la Madre Tierra, c\u00f3mo puede haber pol\u00edticas de destrucci\u00f3n a la Madre Tierra, de mercantilizar a la Madre Tierra. Tenemos profundas diferencias con el modelo occidental, y eso est\u00e1 en debate en este momento<\/em>. <\/p>\n<p><em>Y por eso, yo quiero decirles queridos presidentes, tenemos la obligaci\u00f3n de c\u00f3mo liberar a la Madre Tierra del capitalismo, c\u00f3mo acabar o eliminar la esclavitud de la Madre Tierra<\/em>. <\/p>\n<p><em>Si no acabamos con la esclavitud de la Madre Tierra, jam\u00e1s vamos a poder resolver sobre la vida, sobre la humanidad y sobre el planeta tierra<\/em>. <\/p>\n<p><em>Por supuesto, reitero una vez m\u00e1s, tenemos profundas diferencias con el occidente. Pero tambi\u00e9n, aprovecho esta oportunidad, como ya plante\u00e1bamos, es tan importante debatir ahora lo que nunca sobre la deuda clim\u00e1tica<\/em>. <\/p>\n<p><em>Y la deuda clim\u00e1tica no solamente son recursos econ\u00f3micos, nuestra primera propuesta, como por ejemplo buscar el equilibrio entre el ser humano y la naturaleza, la Madre Tierra. Restablecer ese equilibrio, restableciendo el equilibrio entre la sociedad que vive en el mundo<\/em>. <\/p>\n<p><em>Estoy en Europa, est\u00e1bamos en Europa, ustedes saben que muchas familias bolivianas, familias latinoamericanas viven en Europa, aqu\u00ed vienen ac\u00e1 a mejorar sus condiciones de vida. En Bolivia podr\u00eda estar ganando 100, 200 d\u00f3lares mes, pero esa familia, esa persona se viene ac\u00e1 a cuidar un abuelo europeo, a una abuela europea, y mes ganan 1.000 euros. Claro, en vez de estar ganando 200 d\u00f3lares mes, prefieren ganar 1.000 euros<\/em>. <\/p>\n<p><em>Estas son las asimetr\u00edas que tenemos de continente a continente, y obligados a debatir, a debatir c\u00f3mo buscar cierto equilibrio, achicando, reduciendo esas profundas asimetr\u00edas de familia a familia, de pa\u00eds en pa\u00eds, especialmente de continente a continente<\/em>. <\/p>\n<p><em>Pero, cuando nuestras familias vienen ac\u00e1, nuestras hermanas y hermanos vienen a sobrevivir o mejorar sus condiciones de vida, son expulsados. Esos<\/em> <a href=\"https:\/\/marina.swarpeca.es\/revista\/IMG\/pdf\/Directiva_europea_retorno_nacionales_de_3o_paises_ilegales.pdf\"><em>documentos llamados de retorno desde el Parlamento Europeo<\/em><\/a><em>, pero cuando los abuelos europeos hace tiempo llegaban a Latinoam\u00e9rica, nunca han sido expulsados<\/em>. <\/p>\n<p><em>Mi familia, mis hermanos no viene ac\u00e1 a acaparar ni minas ni miles de hect\u00e1reas para ser terratenientes. Antes nunca hab\u00eda visas ni pasaportes para que lleguen a ABYA YALA<\/em> [[<strong>Abya Yala<\/strong><\/p>\n<p>Abya Yala es el nombre dado al continente americano por la etnia Kuna de Panam\u00e1 y Colombia antes de la llegada de Crist\u00f3bal Col\u00f3n y los europeos. Aparentemente, el nombre tambi\u00e9n fue adoptado por otras etnias americanas, como los antiguos mayas. Hoy, diferentes representantes de etnias ind\u00edgenas insisten en su uso para referirse al continente, en vez del t\u00e9rmino \u00abAm\u00e9rica\u00bb. Quiere decir \u00abtierra madura\u00bb, o seg\u00fan algunos \u00abtierra viva\u00bb o \u00abtierra en florecimiento\u00bb.<\/p>\n<p>El uso de este nombre es asumido como una posici\u00f3n ideol\u00f3gica por quienes lo usan, argumentando que el nombre \u00abAm\u00e9rica\u00bb o la expresi\u00f3n \u00abNuevo Mundo\u00bb ser\u00edan propias de los colonizadores europeos y no de los pueblos originarios del continente.<\/p>\n<p>Estos son algunos nombres de Pueblos Originarios.<\/p>\n<p>Aonikenk, Araona, Atacama, Atacame\u00f1o, Aymara, Baure, B\u00e9siro, Canichana, Cavine\u00f1o, Cayubaba, Ch\u00e1cobo, Chango, Charrua, Chim\u00e1n, Chiriguano, Chono, Comechingon, Cunco, Diaguita, Ese Ejja, Guaicurue, Guaran\u00ed, Guaranie, Guarasu\u2019we, Guarayu, Huarpe, Itonama, Kaw\u00e9sqar, Kolla, Leco, Lule-Vilela, Machajuyai-Kallawaya, Machineri, Mapuche, Maropa, Mataco, Moje\u00f1o-Ignaciano, Moje\u00f1o-Trinitario, Mor\u00e9, Moset\u00e9n, Movima, Omaguaca, Pacawara, Pehuenche, Pikunche, Puquina, Quechua, RapaNui, Sanaviron, Selk&#8217;nam, Selknam, Sirion\u00f3, Tacana, Tapiete, Tehuelche, Tonocote, Toromona, Uru-Chipaya, Weenhayek, Yagan, Yamana, Yaminawa, Yuki, Yuracar\u00e9, Zamuco.<\/p>\n<p>V\u00e9ase tambi\u00e9n <a href=\"https:\/\/es.wikipedia.org\/wiki\/Kuna_Yala\">Kuna Yala<\/a> &#8211; Regi\u00f3n aut\u00f3noma de las etnias Kuna<\/p>\n<p><a href=\"https:\/\/es.wikipedia.org\/wiki\/American\u00edstica\">American\u00edstica<\/a><\/p>\n<p>Enlaces externos<\/p>\n<p><a href=\"https:\/\/abyayala.nativeweb.org\/\">Abya Yala Net (en ingl\u00e9s)<\/a><\/p>\n<p><a href=\"https:\/\/www.mapuche.info\/mapuint\/pueblos030217.html\">El Derecho Internacional y los pueblos ind\u00edgenas<\/a><\/p>\n<p><a href=\"https:\/\/www.quechuanetwork.org\/qespisqa_kay.cfm?CATEGORY=spiritual&#038;yanantin=yachay_3&#038;lang=\">Filosof\u00eda y espiritualidad Quechua<\/a><\/p>\n<p><a href=\"https:\/\/www.abyayala.com.ar\/\">Abya-Yala Fussion Folklorica Latinoamericana<\/a><\/p>\n<p><a href=\"https:\/\/es.wikipedia.org\/wiki\/Especial:Categor\u00edas\">Categor\u00eda<\/a>: <a href=\"https:\/\/es.wikipedia.org\/wiki\/Categor\u00eda:Historia_de_Am\u00e9rica\">Historia de Am\u00e9rica<\/a><\/p>\n<p>&#8211; <a href=\"https:\/\/es.wikipedia.org\/wiki\/Abya_Yala\">Fuente: Wikipedia<\/a><\/p>\n<p><object width=\"340\" height=\"285\"><param name=\"movie\" value=\"https:\/\/www.youtube.com\/v\/kecgThNQKwg&#038;hl=es_ES&#038;fs=1&#038;border=1\"><\/param><param name=\"allowFullScreen\" value=\"true\"><\/param><param name=\"allowscriptaccess\" value=\"always\"><\/param><embed src=\"https:\/\/www.youtube.com\/v\/kecgThNQKwg&#038;hl=es_ES&#038;fs=1&#038;border=1\" type=\"application\/x-shockwave-flash\" allowscriptaccess=\"always\" allowfullscreen=\"true\" width=\"340\" height=\"285\"><\/embed><\/object><\/p>\n<p><a href=\"https:\/\/cronicadesociales.wordpress.com\/2009\/04\/23\/iv-cumbre-continental-de-pueblos-y-nacionalidades-indigenas-del-abya-yala\/\">IV Cumbre Continental de Pueblos y Nacionalidades Ind\u00edgenas del Abya Yala<\/a>.]], <em>ahora llamada Am\u00e9rica. Este tambi\u00e9n es un da\u00f1o, que hay que reparar por supuesto<\/em>.  <\/p>\n<p><em>Entonces, estamos hablando ac\u00e1 de soluciones profundas, profundas, hist\u00f3ricas, yo quiero plantearlas en este tema de la deuda, la mejor deuda clim\u00e1tica es reconociendo el derecho de la Madre Tierra. Si no reconocemos el derecho de la Madre Tierra, pues en vano vamos a estar hablando de 10 millones, de 100 millones, que es una ofensa para la humanidad<\/em>. <\/p>\n<p><em>\u00bfC\u00f3mo devolver a la Madre Tierra su derecho? Imag\u00ednense, en el siglo pasado, hace 70 a\u00f1os, reci\u00e9n Naciones Unidas declaraban el derecho del ser humano, la<\/em> <a href=\"article706\"><em>Declaraci\u00f3n Universal de los Derechos Humanos<\/em><\/a>, <em>hace 70 a\u00f1os no hab\u00eda derechos humanos<\/em>. <\/p>\n<p><a href=\"https:\/\/marina.swarpeca.es\/revista\/declaracion-de-las-naciones-unidas-sobre-los-derechos-de-los-pueblos-indigenas\/\"><em>A los pueblos hace tres a\u00f1os, por fin se reconocieron los derechos<\/em><\/a> <em>, y ahora en este milenio obligados a debatir, a reconocer el derecho de la Madre Tierra. Si no reconocemos el derecho de Madre Tierra, todos nosotros seremos responsables con la humanidad<\/em>. <\/p>\n<p><em>La mejor forma de la deuda clim\u00e1tica es reconocer el derecho de la Madre Tierra<\/em>. <\/p>\n<p><em> <strong>El segundo componente, es la devoluci\u00f3n a los pa\u00edses en desarrollo del espacio atmosf\u00e9rico<\/strong>. Que los pa\u00edses ricos o con industria irracional han ocupado con sus emisiones los gases de efecto invernadero. Para pagar esta deuda de emisiones deben reducir y absorber sus gases de efecto invernadero, de forma tal que exista una distribuci\u00f3n equitativa de la atm\u00f3sfera entre todos los pa\u00edses tomando en cuenta su poblaci\u00f3n, porque los pa\u00edses en v\u00eda de desarrollo requerimos de espacio atmosf\u00e9rico para el desarrollo de nuestras regiones<\/em>. <\/p>\n<p><em> <strong>El tercer componente, por supuesto es la reparaci\u00f3n de los da\u00f1os<\/strong> presentes y futuros afectados por el cambio clim\u00e1tico, y quienes o sistemas que van destruyendo al medioambiente, la Madre Tierra, tiene la obligaci\u00f3n de reparar esos da\u00f1os<\/em>. <\/p>\n<p><em>Dentro los da\u00f1os, nuestra propuesta es que <strong>los pa\u00edses ricos deben acoger a todos los migrantes que sean afectados<\/strong> por el cambio clim\u00e1tico, y no estar despidiendo, retornando a sus pa\u00edses con lo est\u00e1n haciendo en este momento, porque son responsables los pa\u00edses del occidente en este cambio clim\u00e1tico<\/em>. <\/p>\n<p><em>Queridos presidentes, presidentas nuestra obligaci\u00f3n es c\u00f3mo, es salvar a toda la humanidad y no la mitad de la humanidad. El objetivo tiene que ser bajar la temperatura a un grado cent\u00edgrado para evitar que muchas islas desaparezcan, que el \u00c1frica sufra un holocausto clim\u00e1tico y para que nuestros glaciares y nuestros lagos sagrados se salven. La reducci\u00f3n de gases de efecto invernadero tiene que ser reales dentro de los pa\u00edses desarrollados<\/em>. <\/p>\n<p><em>Y si no desarrollamos estas pol\u00edticas, repito nuevamente, seremos responsables de la destrucci\u00f3n de los seres humanos que habitan esta noble tierra<\/em>. <\/p>\n<p><em>Quiero aprovechar esta oportunidad para hacer un nuevo planteamiento, llegu\u00e9 hace dos noches atr\u00e1s, de acuerdo a nuestros compa\u00f1eros de las canciller\u00edas, embajadores, nos informan que aqu\u00ed no habr\u00e1 acuerdo<\/em>. <\/p>\n<p><em>Como tenemos profundas diferencias de la forma de vivencia, que jam\u00e1s va haber acuerdo en esta clase de reuniones, hay pueblos movilizados marchando permanentemente. Yo saludo ah\u00ed, en Am\u00e9rica, el continente Am\u00e9rica, gracias a los pueblos, acompa\u00f1ado por algunos presidentes, hemos <strong>acabado algunas pol\u00edticas de saqueo permanente que ven\u00edan del imperialismo norteamericano<\/strong> <\/em>. <\/p>\n<p><em>Mi respeto, mi admiraci\u00f3n a Fidel, a Hugo Ch\u00e1vez, con los movimientos sociales, que a\u00f1os atr\u00e1s pararon el ALCA<\/em> [[- <a href=\"https:\/\/www.ftaa-alca.org\/alca_s.asp\">Sitio oficial del proyecto del ALCA<\/a><\/p>\n<p>&#8211; <a href=\"https:\/\/es.wikipedia.org\/wiki\/\u00c1rea_de_Libre_Comercio_de_las_Am\u00e9ricas\">\u00c1rea de Libre Comercio de las Am\u00e9ricas: Wikipedia<\/a><\/p>\n<p>&#8211; <a href=\"https:\/\/www.monografias.com\/trabajos11\/alcas\/alcas.shtml\">\u00c1rea de libre comercio de las Am\u00e9ricas (ALCA) contenido y repercusiones para Am\u00e9rica Latina y el caribe (ALC)<\/a> <\/p>\n<p>&#8211; <a href=\"https:\/\/apuntes.rincondelvago.com\/area-de-libre-comercio-de-las-americas.html\">ALCA<\/a>: <a href=\"https:\/\/marina.swarpeca.es\/revista\/IMG\/pdf\/ALCA.pdf\">Econom\u00eda de Am\u00e9rica. Comercio Internacional. Negociaciones. Pa\u00edses miembros. Deuda externa. Privatizaciones<\/a><\/p>\n<p>&#8211; <a href=\"https:\/\/marina.swarpeca.es\/revista\/IMG\/pdf\/ALCA_Bouzas_Svarzman.pdf\">El ALCA \u00bfD\u00f3nde est\u00e1 y hacia d\u00f3nde va? Roberto Bouzas y Gustavo Svarzman Separata Bolet\u00edn Informativo Techint 306 abril-junio 2001<\/a><\/p>\n<p>&#8211; <a href=\"https:\/\/marina.swarpeca.es\/revista\/IMG\/pdf\/ALCA_Laura_Carlsen.pdf\">ALCA: Un fallecimiento a tiempo Laura Carlsen 7 diciembre 2005<\/a><\/p>\n<p>&#8211; <a href=\"https:\/\/marina.swarpeca.es\/revista\/IMG\/pdf\/ALCA_China_FAO.pdf\">La zona de libre comercio de las Am\u00e9ricas y el mercado de los productos procesados derivados de la naranja 2001 China\/FAO simposio sobre c\u00edtricos<\/a>.]]<em>, \u00c1rea de Libre Comercio de las Am\u00e9ricas. Yo dec\u00eda que no era \u00c1rea de Libre Comercio de las Am\u00e9ricas, es un \u00e1rea de libre colonizaci\u00f3n de las Am\u00e9ricas, se par\u00f3, se derrot\u00f3. Y si hablamos econ\u00f3micamente sobre el ALCA, yo dec\u00eda que en vez de decir ALCA debe llamarse ALGA, saben por qu\u00e9, porque iba ser el \u00e1rea de ganancia de las Am\u00e9ricas<\/em>. <\/p>\n<p><em>Y gracias a la fuerza de los pueblos hemos derrotado estas pol\u00edticas, y aqu\u00ed quiero decirles, s\u00f3lo <strong>con la lucha del pueblo, pueblos del mundo vamos a derrocar el capitalismo para salvar a la humanidad<\/strong> <\/em>. <\/p>\n<p><em>Como aqu\u00ed no podemos ponernos de acuerdo, no hay acuerdos, yo quiero pedirles para debatir desde las Naciones Unidas, una forma de resolver no a nivel de jefes de Estado, sino con los pueblos del mundo, y eso es <em> <strong>un refer\u00e9ndum mundial sobre el cambio clim\u00e1tico<\/strong> <\/em>. Consultemos al pueblo, lo que digan nuestros pueblos respetemos, y lo que digan los pueblos sea vinculante en aplicaci\u00f3n en todos los pa\u00edses del mundo. Y as\u00ed vamos a resolver cuando tenemos profundas diferencias de presidente a presidente, de continente a continente, especialmente con los pa\u00edses del capitalismo<\/em>. <\/p>\n<p><em>Y quiero dejar cinco preguntas para que las Naciones Unidas, desde la mesa, puedan y hagan un trabajo para consultar al pueblo de todo el mundo sobre el cambio clim\u00e1tico<\/em>. <\/p>\n<p><strong>Preguntas para refer\u00e9ndum mundial sobre cambio clim\u00e1tico<\/strong>: <\/p>\n<p><em> <strong>Primero.- \u00bfEst\u00e1 usted de acuerdo con restablecer la armon\u00eda con la naturaleza reconociendo los derechos de la Madre Tierra?<\/strong> <\/em> <em>Los pueblos hermanos del mundo dir\u00e1: S\u00ed o No. Dejamos en la decisi\u00f3n de los pueblos del mundo<\/em>. <\/p>\n<p><em> <strong>Segundo.- \u00bfEst\u00e1 usted de acuerdo con cambiar este modelo de sobreconsumo y derroche, que es el sistema capitalista?<\/strong> <\/em> <em>Dejamos a la decisi\u00f3n del mundo<\/em>. <\/p>\n<p><em> <strong>Tercero.- \u00bfEst\u00e1 usted de acuerdo con que los pa\u00edses desarrollados reduzcan y absorban sus emisiones de gas invernadero de manera dom\u00e9stica para que la temperatura no suba m\u00e1s de un grado cent\u00edgrado?<\/strong> <\/em> <em>S\u00ed o No. Los pueblos del mundo decidir\u00e1n<\/em>. <\/p>\n<p><strong> <em>Cuarto.- \u00bfEst\u00e1 usted de acuerdo en transferir todo lo que se gasta en las guerras y destinar un presupuesto superior al presupuesto de defensa para el cambio clim\u00e1tico?<\/em> <\/strong> <em>Los pueblos del mundo definir\u00e1n S\u00ed o No<\/em>. <\/p>\n<p><em>Por aqu\u00ed no es posible que algunos pa\u00edses como <strong>EEUU<\/strong> gasten tanta plata para matar y no se gasta plata para salvar vidas, esas son dos culturas: cultura de la muerte y la cultura de la vida. Y no puedo entender, que EEUU gaste para mandar tropas y tropas donde tiene que matar a seres humanos<\/em>. <\/p>\n<p><em>Por supuesto cualquier pa\u00eds tiene derecho a defenderse, que se defienda en su pa\u00eds. Qui\u00e9n no tiene derecho a defenderse, todos tenemos derecho a defenderse, a defendernos si hay provocaci\u00f3n. Pero, esta forma de enviar tropas a Afganist\u00e1n, a Ir\u00e1n, bases militares en Sudam\u00e9rica, en Latinoam\u00e9rica, es la mejor forma de soportar <strong>terrorismo de Estado<\/strong> <\/em>. <\/p>\n<p><em>En vez de gastar plata para el terrorismo de Estado, m\u00e1s bien gastemos plata para salvar vidas, que es retirar plata para defender la vida, para salvar al planeta tierra<\/em>. <\/p>\n<p><em> <strong>Quinto.- Y como quinto punto, \u00faltima pregunta que nos har\u00edamos, es una propuesta para debatir entre presidentes, podemos mejorar por supuesto: \u00bfEst\u00e1 usted de acuerdo con un tribunal de justicia clim\u00e1tica para juzgar a quienes destruyen la Madre Tierra?<\/strong> <\/em> <em>Aprobado, S\u00ed, por ah\u00ed<\/em>.<\/p>\n<p><em>Ya tengo un voto a  favor. Entonces, yo quer\u00eda dejar esta propuesta queridos presidentes en la mesa, porque alguien tiene que juzgar, y <strong>nuestra propuesta es crear ese tribunal de justicia clim\u00e1tica en las NNUU, all\u00e1 un tribunal que juzgue a quienes destrozan el medioambiente, a quienes no respetan o no aplican el tratado de Kioto, por ejemplo<\/strong> <\/em>. <\/p>\n<p><em>Ya es hora de poner el cascabel al gato, para defender la vida y a la humanidad<\/em>. <\/p>\n<p><em>Perdonen queridos presidentes, ten\u00eda esta peque\u00f1a intervenci\u00f3n, esperamos que pueda servir este aporte, de esta manera todos defendamos la vida, todos salvemos a la vida, todos defendamos al planeta tierra<\/em>. <\/p>\n<p><em>Yo quiero hacer una llamada a los pueblos del mundo, quiero que sepan despu\u00e9s de conocerme con algunos presidentes, aqu\u00ed no vamos a resolver nada por esos pueblos del mundo, y mi <strong>convocatoria a los pueblos del mundo a organizarse, a tomar conciencia, a unirse, a movilizarnos para acabar con el capitalismo y as\u00ed vamos a salvar a la humanidad y al planeta tierra<\/strong> <\/em>. <\/p>\n<p><em>Much\u00edsimas gracias<\/em>.<\/p>\n<p>&#8211;<a href=\"https:\/\/www.redeco.com.ar\/nv\/index.php?option=com_content&#038;task=view&#038;id=2729&#038;Itemid=71\">Fuente: Red Eco Alternativo<\/a><\/p>\n","protected":false},"excerpt":{"rendered":"<p>\u00ab<em>Lamento mucho decir, cobardemente no queremos tocar las causas de la destrucci\u00f3n del medioambiente en el planeta tierra. (&#8230;) Nuestra obligaci\u00f3n es identificar las causas del cambio clim\u00e1tico, y quiero decirles con responsabilidad ante mi pueblo y ante el pueblo del mundo: las causas vienen del capitalismo<\/em>\u00ab. Luego del fracaso de la Cumbre de Copenhague [[Ver <a href=\"http:\/\/marina.swarpeca.es\/IMG\/pdf\/Copenhague_golpe_de_estado_a_la_carta_de_la_ONU.pdf\"><em>Copenhague: un golpe de estado a la carta de la ONU<\/em><\/a>.]], donde los pa\u00edses participantes no pudieron conseguir un acuerdo para contrarrestar el cambio clim\u00e1tico, el presidente de Bolivia anunci\u00f3 una Cumbre Alternativa. La Cumbre Clim\u00e1tica \u00abde los movimientos sociales\u00bb, ser\u00e1 en abril de 2010. Su agenda se encuentra en etapa de consenso y tendr\u00e1 como fecha principal el 22 de abril, d\u00eda internacional de la tierra. Evo Morales, junto con otros presidente de Am\u00e9rica Latina y el Caribe, denunciaron que Estados Unidos intent\u00f3 imponer un documento ambiguo y poco comprometido. En consecuencia, se opusieron al acuerdo junto con la mayor\u00eda de los pa\u00edses que participaron de la Cumbre, y el documento no fue reconocido. Transcribimos a continuaci\u00f3n las palabras del  Presidente  Evo Morales, el pasado 17 de diciembre, en la Cumbre del Cambio Clim\u00e1tico.<\/p>\n","protected":false},"author":1,"featured_media":783,"comment_status":"closed","ping_status":"open","sticky":false,"template":"","format":"standard","meta":{"footnotes":""},"categories":[6],"tags":[],"_links":{"self":[{"href":"https:\/\/marina.swarpeca.es\/revista\/wp-json\/wp\/v2\/posts\/786"}],"collection":[{"href":"https:\/\/marina.swarpeca.es\/revista\/wp-json\/wp\/v2\/posts"}],"about":[{"href":"https:\/\/marina.swarpeca.es\/revista\/wp-json\/wp\/v2\/types\/post"}],"author":[{"embeddable":true,"href":"https:\/\/marina.swarpeca.es\/revista\/wp-json\/wp\/v2\/users\/1"}],"replies":[{"embeddable":true,"href":"https:\/\/marina.swarpeca.es\/revista\/wp-json\/wp\/v2\/comments?post=786"}],"version-history":[{"count":1,"href":"https:\/\/marina.swarpeca.es\/revista\/wp-json\/wp\/v2\/posts\/786\/revisions"}],"predecessor-version":[{"id":3103,"href":"https:\/\/marina.swarpeca.es\/revista\/wp-json\/wp\/v2\/posts\/786\/revisions\/3103"}],"wp:featuredmedia":[{"embeddable":true,"href":"https:\/\/marina.swarpeca.es\/revista\/wp-json\/wp\/v2\/media\/783"}],"wp:attachment":[{"href":"https:\/\/marina.swarpeca.es\/revista\/wp-json\/wp\/v2\/media?parent=786"}],"wp:term":[{"taxonomy":"category","embeddable":true,"href":"https:\/\/marina.swarpeca.es\/revista\/wp-json\/wp\/v2\/categories?post=786"},{"taxonomy":"post_tag","embeddable":true,"href":"https:\/\/marina.swarpeca.es\/revista\/wp-json\/wp\/v2\/tags?post=786"}],"curies":[{"name":"wp","href":"https:\/\/api.w.org\/{rel}","templated":true}]}}