{"id":779,"date":"2009-12-22T00:47:17","date_gmt":"2009-12-22T00:47:17","guid":{"rendered":"https:\/\/marina.swarpeca.es\/revista\/2009\/12\/22\/nicaragua-el-fsln-y-los-derechos-de-la-mujer-entrevista-con-scarlet-cuadra-waters-editora-de-la-revista-correo-22-12-09\/"},"modified":"2009-12-22T00:47:17","modified_gmt":"2009-12-22T00:47:17","slug":"nicaragua-el-fsln-y-los-derechos-de-la-mujer-entrevista-con-scarlet-cuadra-waters-editora-de-la-revista-correo-22-12-09","status":"publish","type":"post","link":"https:\/\/marina.swarpeca.es\/revista\/nicaragua-el-fsln-y-los-derechos-de-la-mujer-entrevista-con-scarlet-cuadra-waters-editora-de-la-revista-correo-22-12-09\/","title":{"rendered":"Nicaragua: El FSLN y los derechos de la mujer. Entrevista con Scarlet Cuadra Waters, editora de la revista Correo [22\/12\/09]"},"content":{"rendered":"<p>&#8211; <strong>Karla Jacobs: El tema del FSLN y los derechos de la mujer nicarag\u00fcense es un tema interesante que no deja de tener algunas contradicciones. Y es tambi\u00e9n un tema muy poco comprendido por sectores progresistas internacionales.<\/p>\n<p>En mi opini\u00f3n es una iron\u00eda que cuando m\u00e1s preocupaci\u00f3n por los derechos de la mujer nicarag\u00fcense es expresado por los medios  internacionales tanto corporativos como alternativos es cuando m\u00e1s derechos se les est\u00e1 cumpliendo el gobierno a las mujeres [[<strong>Asamblea Nacional<\/strong>: <a href=\"https:\/\/marina.swarpeca.es\/revista\/IMG\/pdf\/Constitucion_Politica_Nicaragua_y_sus_reformas_2008_.pdf\">Constituci\u00f3n Pol\u00edtica de la Rep\u00fablica de Nicaragua 19-11-1986 incorporadas reformas aprobadas por Asamblea Nacional &#8211; 2008<\/a>.]], y cuando m\u00e1s poder se le est\u00e1 cediendo a la mujer dentro del gobierno. <\/p>\n<p>Tal vez esto sea resultado, adem\u00e1s de la mala fe de algunos due\u00f1os de medios, del hecho de que la agenda pro mujer de ciertos sectores izquierdistas de los Estados Unidos y de Europa sea distinta a la agenda de las mujeres nicarag\u00fcenses.<\/p>\n<p>Desde su perspectiva como mujer nicarag\u00fcense y como periodista, \u00bfcu\u00e1les ser\u00edan los puntos claves de una pol\u00edtica pro mujer en Nicaragua?<\/strong><\/p>\n<p>&#8211; <strong>Scarlet Cuadra<\/strong>: <em>Yo puedo entender cuando habl\u00e1s de ese ojo que hay de los medios de comunicaci\u00f3n e incluso del movimiento de mujeres internacional sobre Nicaragua. Evidentemente esto est\u00e1 relacionado al tema del aborto terap\u00e9utico y el derecho de la mujer a decidir<\/em>.<\/p>\n<p><em>Y s\u00ed, es un tema que est\u00e1 en debate, que preocupa. Yo, como mujer, me identifico plenamente con el derecho de la mujer a tener acceso al aborto, a tener el derecho de decidir sobre su cuerpo, y el derecho de decidir cu\u00e1ntos hijos pueda o quiera tener. Aunque no veo el aborto como un m\u00e9todo de planificaci\u00f3n familiar. Pero bueno, eso es otra parte de la historia, y es de lo m\u00e1s interesante<\/em>.<\/p>\n<p><strong>Educaci\u00f3n: la llave para el desarrollo de una sociedad en su conjunto<\/strong><\/p>\n<p><em>Pero si vos me pregunt\u00e1s, qu\u00e9 veo yo como pol\u00edticas claves dirigidas hac\u00eda la mujer, yo no puedo dejar de mencionar el tema de la educaci\u00f3n<\/em>.<\/p>\n<p><em>El \u00e9nfasis que se le est\u00e1 dando aqu\u00ed para crear oportunidades para que la poblaci\u00f3n, tanto hombres como mujeres, tengan acceso a la educaci\u00f3n, esa es la llave para el desarrollo de una sociedad pero tambi\u00e9n para un individuo<\/em>.<\/p>\n<p><em>Es la manera formal, digamos, para entrar, desarrollar y adquirir conciencia. Conciencia que es conocimiento. Si ten\u00e9s informaci\u00f3n, si ten\u00e9s saberes, si pod\u00e9s compartir tus saberes, y si otros conocen tus saberes, entonces est\u00e1 avanzando. El que tiene conocimiento avanza, no se estanca<\/em>.<\/p>\n<p><em>Y la pol\u00edtica educativa<\/em> [del gobierno del FSLN] <em>es para hombres y para mujeres, pero resulta que en nuestro pa\u00eds las que han estado m\u00e1s alejadas de las aulas en el aspecto formal pero tambi\u00e9n en el aspecto informal somos las mujeres. Pero somos las mujeres las que a nivel de la familia somos la correa de transmisi\u00f3n de conocimiento y de informaci\u00f3n, entonces, es parad\u00f3jico que somos las que hemos estado m\u00e1s alejadas de la sistemizaci\u00f3n del conocimiento.<br \/>\nEntonces cuando hablamos de que hay una pol\u00edtica p\u00fablica y que hay una voluntad pol\u00edtica que con hechos se est\u00e1 demostrando, de abrir las aulas, de abrir el conocimiento, de abrir la sistematizaci\u00f3n del conocimiento a la poblaci\u00f3n, resulta que las mujeres somos las m\u00e1s beneficiadas porque hemos sido las mujeres las m\u00e1s afectadas por las limitaciones de orden econ\u00f3mica, social y cultural<\/em>.<\/p>\n<p><em>Entonces all\u00ed est\u00e1 la primera llave. Ah\u00ed te puedo decir que este gobierno s\u00ed est\u00e1 buscando equidad, s\u00ed est\u00e1 buscando justicia social y ha priorizado a las mujeres<\/em>.<\/p>\n<p><strong>Oportunidades econ\u00f3micas en reconocimiento del trabajo de la mujer<\/strong><\/p>\n<p><em>Luego de esto est\u00e1 el tema econ\u00f3mico que es la otra pata del banco para que te de equilibrio. Y lo que es la pol\u00edtica econ\u00f3mica del gobierno, ya no necesitamos ni mencionar que est\u00e1 dirigida fundamentalmente a apoyar a las mujeres<\/em>.<\/p>\n<p><em>En el programa del bono productivo, conocido como el Hambre Cero, dan prioridad a aquellos hogares donde la mujer es jefa de familia, y tambi\u00e9n donde no lo es. Y se le deposita poder en las manos de la mujer<\/em>.<\/p>\n<p><em>Porque la mujer siempre ha tenido la responsabilidad de llevar adelante la econom\u00eda del hogar. Ahora no solamente tiene esa responsabilidad sino que, en reconocimiento de esa responsabilidad, se le est\u00e1 dando un instrumento de cambio, de mejoramiento que es el bono productivo &#8211; sus gallinas, sus chanchitos, su vaca, etc<\/em>.<\/p>\n<p><em>Hay gente que se r\u00ede y se burla de este programa pero no saben el impacto que tiene en la familia saber ser poseedora de bienes que van primero por la sobrevivencia pero tambi\u00e9n que va por la gesti\u00f3n y producci\u00f3n de recursos que va a significar cambios importantes en su vida desde el nivel de la alimentaci\u00f3n de la familia<\/em>.<\/p>\n<p><em>Ahora, hablando de la presencia de las mujeres en los cargos p\u00fablicos, es una cuesti\u00f3n formal pero que tambi\u00e9n ayuda porque te va creando otro imagen. Incide en que los colectivos de mujeres vean a mujeres tomando decisiones, participando. Y no solamente a nivel de las esferas de gobierno sino que estamos hablando tambi\u00e9n en sus propias comunidades<\/em>.<\/p>\n<p><strong>En Nicaragua la participaci\u00f3n popular es una realidad<\/strong><\/p>\n<p><em>Por ejemplo los Consejos de Poder Ciudadano, los CPC -son eso- son puertas, son espacios de participaci\u00f3n. Y si vas lugar por lugar te vas a dar cuenta, por lo menos yo cuando estaba trabajando m\u00e1s en la comunicaci\u00f3n comunitaria, yo ve\u00eda hombres y mujeres por igual pero ve\u00eda las mujeres mucho m\u00e1s empoderadas en sus roles aqu\u00ed en Managua en los barrios m\u00e1s pobres. Los barrios que gozan de menos beneficios sociales. All\u00ed ve\u00eda a las mujeres participando con una fuerza y una voluntad que uno dice -aqu\u00ed est\u00e1 pasando algo. Aqu\u00ed se est\u00e1 abriendo puertas a la participaci\u00f3n y a la toma de decisiones. Y no est\u00e1 sucediendo tal vez al ritmo de que quisi\u00e9ramos muchas, y muchos. Pero hay un ritmo que va ascendiendo<\/em>.<\/p>\n<p><em>Probablemente mucha gente promueve este tipo de modelo participativo pero muchas veces suena como algo te\u00f3rico. Y es que en Nicaragua se est\u00e1 haciendo, se est\u00e1 poniendo en pr\u00e1ctica. Esa es la gran diferencia. Y no es al ritmo que uno quisiera porque estamos trabajando con la realidad, porque no es s\u00f3lo algo anunciado en un peri\u00f3dico o un panfleto sino que lo est\u00e1s aplicando y te encontr\u00e1s con las contradicciones con que te presenta la realidad<\/em>.<\/p>\n<p><em>Entonces tenemos la voluntad manifiesta a nivel del gobierno, a nivel del partido de ir abriendo espacios de participaci\u00f3n. Son espacios formales que de un momento a otro no solucionan, no remedian, pero creo que van cambiando el estereotipo de las relaciones de poder<\/em>.<\/p>\n<p><strong>Ahora tenemos ministros que parecen al pueblo<\/strong><\/p>\n<p><em>Yo le comentaba a un amigo hace poco -fijate como este gobierno ha cambiado la cara del gobierno. Lleva un mensaje cultural y pol\u00edtico importante. Porque ahora los ministros y las ministras ni son rubios, ni son chelitos, ni son delgaditos, ni son de fino hablar. Es que son la imagen de lo que son la gran mayor\u00eda de los y las nicarag\u00fcenses -son morenos, son indiados, no tienen palabras rebuscadas cuando conversan y cuando tratan con los periodistas o con la poblaci\u00f3n<\/em>.<\/p>\n<p><em>Es decir hay una voluntad del gobierno de ir cambiando la cara del mismo gobierno, de ir acerc\u00e1ndola m\u00e1s a la gente para que la gente vea en ese gobierno, un gobierno que es de ellos y que trabaja por ellos<\/em>.<\/p>\n<p><em>Y eso tambi\u00e9n hace que la gente se siente con confianza de hacer una fiscalizaci\u00f3n y tambi\u00e9n de hacer propuestas y de debatir y de consensuar.<br \/>\nY ahora que el gobierno obedece la pol\u00edtica de un porcentaje muy alto de mujeres en cargos p\u00fablicos, y la mayor\u00eda de esas mujeres tiene cara popular, cara de mujer de pueblo. Este hecho contribuye de alguna manera de irnos quitando ese sentimiento que se ha generado en Nicaragua, la falta de autoestima, que uno dice -yo, a como soy, no me imagino asumiendo un cargo, tomando decisiones, debatiendo<\/em>.<\/p>\n<p>De repente durante estos \u00faltimos tres a\u00f1os se rompieron esos estereotipos de la cara europea o americanita. Y eso, s\u00ed, me demuestra que el gobierno tiene la voluntad de ir haciendo cambios.<\/p>\n<p><strong>Hay muchos avances en el campo de la salud, pero tambi\u00e9n hay deudas pendientes<\/strong><\/p>\n<p><em>Y bueno, despu\u00e9s est\u00e1 el tema de salud. Yo creo que no ser\u00eda justo decir que por haber penalizado el aborto terap\u00e9utico habr\u00eda que estigmatizar a este gobierno, porque los avances en el campo de la salud que ha impulsado este gobierno han significado tambi\u00e9n salud para la mujer<\/em>.<\/p>\n<p><em>No manejo las cifras exactas, pero de acuerdo con las cifras del gobierno, ya hay un descenso en el \u00edndice de mortalidad materna. Entiendo que as\u00ed es, y pues as\u00ed tendr\u00eda que ser, porque en la medida que vas llevando la atenci\u00f3n a la poblaci\u00f3n y en que mejor\u00e1s la atenci\u00f3n especial para las mujeres en general pues te tienen que ir bajando los \u00edndices de mortalidad materna<\/em>.<\/p>\n<p><em>S\u00ed, hay deudas pendientes, hay cosas que discutir. Hay cosas que las mujeres que creen que el derecho al aborto es un derecho de las mujeres tendr\u00e1n que pelear, tendr\u00e1n que crear el debate y generar un estado de opini\u00f3n p\u00fablico favorable a ese tema, tendr\u00e1n que crear las condiciones, pues<\/em>.<\/p>\n<p>&#8211; <strong>KJ: Hablando precisamente de ese tema, mi opini\u00f3n personal hace tres a\u00f1os cuando se penaliz\u00f3 el aborto terap\u00e9utico fue que ya para este tiempo, o tal vez antes, se hubiera derogado esa ley. Porque la aprobaci\u00f3n de la penalizaci\u00f3n del aborto terap\u00e9utico, yo la analizaba definitivamente como una jugada pol\u00edtica para no perder las elecciones.<br \/>\nPero desgraciadamente, hoy estamos a tres a\u00f1os del gobierno del Frente, y no se ha derogado esa ley. \u00bfC\u00f3mo analiza Usted esa situaci\u00f3n? \u00bfConsidera que la derogaci\u00f3n es una prioridad para el gobierno?<\/strong><\/p>\n<p><strong>SC<\/strong>: <em>Yo pensaba exactamente lo mismo que vos. Que vas a sacrificar ese derecho de la mujer por una cuesti\u00f3n de coyuntura pero para dar avance estrat\u00e9gico. Pero evidentemente no es as\u00ed<\/em>.<\/p>\n<p><strong>Estamos en la obligaci\u00f3n de levantar nuevamente el debate sobre el aborto<\/strong><\/p>\n<p><em>Entonces yo creo que los hombres y las mujeres que estamos dentro del Frente Sandinista que tenemos una opini\u00f3n en relaci\u00f3n al aborto terap\u00e9utico o no terap\u00e9utico estamos en la obligaci\u00f3n de seguir luchando, de llevar este tema a la mesa del debate y no tener miedo a plantear nuestras opiniones. Estamos en la obligaci\u00f3n a crear las condiciones para que en un momento llegue a ser aprobado nuevamente<\/em>.<\/p>\n<p><em>O sea este tema no me aleja a m\u00ed de los postulados, de la visi\u00f3n del Frente Sandinista ni del gobierno. Yo te digo lo que todos ya sabemos que nuestro partido es un partido donde hay propuestas, donde hay debate. Y los militantes tienen la responsabilidad de expresar y de dar a conocer sus planteamientos<\/em>.<\/p>\n<p><em>Yo he hablado con compa\u00f1eras y con compa\u00f1eros de la base del partido y he llegado a la conclusi\u00f3n que hay un sector importante que est\u00e1 en contra de la personalizaci\u00f3n del aborto. Hay otro sector que no tiene mayor inter\u00e9s en el tema. Y otro sector que est\u00e1 de acuerdo con la personalizaci\u00f3n. Pero no hay ning\u00fan sentido de que te van a estigmatizar porque est\u00e1s planteando el aborto<\/em>.<\/p>\n<p><em>O sea que hay la suficiente libertad para hablarlo. Y yo creo que los que estamos a favor de que ese derecho -no s\u00f3lo de las mujeres sino de las propias familias- se recupere, estamos en la obligaci\u00f3n de ir creando los espacios para hacer nuestros planteamientos<\/em>.<\/p>\n<p><em>Y no debemos de postergarnos, por aquello de pensar que ahorita no se puede porque en este momento hay otras cosas m\u00e1s importantes. En esta situaci\u00f3n no deb\u00e9s esperar que se te plantean las condiciones sino que vos ten\u00e9s que ir creando las condiciones para que estos temas se debaten a nivel de partido. Para que vaya creciendo de manera coherente una propuesta concreta, un planteamiento fundamentado. Y para que sea objeto de discusi\u00f3n a nivel del partido, de la sociedad y del gobierno<\/em>.<\/p>\n<p><em>Yo creo que hay suficientes espacios y apertura en las mentes de la militancia y de la gente que apoya al gobierno para discutir y abordar este tema. Lo que falta es crear las condiciones para que este debate lleve a una toma de decisiones. Y ah\u00ed s\u00ed, obviamente van a jugar un papel algunas condiciones de coyuntura pol\u00edtica<\/em>.<\/p>\n<p><strong>Los grupos de mujeres que hacen oposici\u00f3n al FSLN<\/strong><\/p>\n<p>&#8211; <strong>KJ: Pensando en la coyuntura partidaria, porque Usted dice que considera que dentro del Frente s\u00ed existe una buena parte de la militancia que estuviera o que est\u00e1 a favor de promover esa propuesta de derogar la ley que penaliza el aborto, me gustar\u00eda hablar un poco del hecho de que la mayor\u00eda de los grupos que trabajan por los derechos de las mujeres -o por lo menos los grupos m\u00e1s visibles- no est\u00e1n con el Frente &#8230;<\/strong><\/p>\n<p>&#8211; <strong>SC<\/strong>: <em>Pero no est\u00e1n con el gobierno no por el tema del aborto terap\u00e9utico. Desde antes han estado en contra del Frente por posiciones pol\u00edticas que han llevado a esos grupos a situarse en oposici\u00f3n al partido al que en un momento pasado pertenecieron<\/em>.<\/p>\n<p><em>Porque lo del aborto no necesariamente te aleja. A miles de mujeres no las ha alejado del Frente. Siempre cuando abord\u00e1s el tema encontr\u00e1s diferentes posiciones pero de ninguna manera una exclusi\u00f3n o una estigmatizaci\u00f3n<\/em>.<\/p>\n<p><em>Yo creo que lo que les ha alejado a esos grupos del Frente son sus posiciones pol\u00edticas, posiciones m\u00e1s all\u00e1 del tema del aborto. Y son posiciones pol\u00edticas a que tienen derecho. Ellos tienen derecho de alejarse<\/em>.<\/p>\n<p><em>Pero lo que s\u00ed me parece un abuso es que esa bandera del aborto la esgriman como que fuera la causa de su separaci\u00f3n del Frente. All\u00ed s\u00ed creo que hay una manipulaci\u00f3n de muchos compa\u00f1eros y compa\u00f1eras. Porque la derecha est\u00e1 en contra del aborto terap\u00e9utico y esos grupos marchan con los partidos de derecha. Entonces el tema del aborto no los alej\u00f3 de los partidos de derecha<\/em>.<\/p>\n<p><em>El hecho de que<\/em> [esos grupos de mujeres] <em>all\u00ed est\u00e1n con los partidos de derecha es porque hay coincidencias pol\u00edticas entre s\u00ed. Porque se identifiquen entre s\u00ed<\/em>.<\/p>\n<p><em>Porque ese es el sector que de vez en cuando levanta una campa\u00f1a en contra del aborto de lo m\u00e1s perverso y manipulador. Pero all\u00ed est\u00e1n esos grupos de mujeres marchando con ellos. Seguramente, aunque yo nunca les he visto, reciben financiamiento para sus campa\u00f1as, comparten sus pancartas, sus camisetas<\/em>.<\/p>\n<p>&#8211; <strong>KJ: Entonces, \u00bfUsted no considera que es una desventaja para el Frente el hecho de que esos grupos de mujeres, que son muy visibles &#8230;. ?<\/strong><\/p>\n<p>&#8211;<strong> SC<\/strong>: <em>Y muy inteligentes tambi\u00e9n. Porque dentro de esos grupos hay mujeres muy inteligentes y que han demostrado que est\u00e1n comprometidas con los derechos de la mujer, pero que por distintas razones ya est\u00e1n en la acera contrario<\/em>.<\/p>\n<p>Y s\u00ed creo que ha afectado la imagen del Frente. Y, bueno a ese nivel de decisiones yo no tengo informaci\u00f3n, pero parece que el Frente no ha tenido la voluntad de responder, o sencillamente ha optado por una estrategia de que digan lo que digan yo no voy a responder. Pero s\u00ed creo que la imagen del Frente ha sido afectado a nivel internacional.<\/p>\n<p><strong>Las que est\u00e1n comprometidos con la lucha del pueblo hacen falta dentro del FSLN<\/strong><\/p>\n<p>&#8211; KJ: <strong>Hablando de la militancia del Frente, \u00bfUsted considera una desventaja el hecho de que esas mujeres o esos grupos no est\u00e1n con el partido, como para levantar ese debate sobre el aborto terap\u00e9utico?<\/strong><\/p>\n<p>&#8211; <strong>SC<\/strong>: <em>Yo distingo dos grupos. Est\u00e1n aquellas, que son las m\u00e1s visibles, que est\u00e1n en la palestra p\u00fablica y que toda oportunidad que tienen es para atacar al proyecto pol\u00edtico que est\u00e1 levantando el Frente Sandinista<\/em>.<\/p>\n<p><em>Y despu\u00e9s est\u00e1n aquellas que est\u00e1n comprometidas con la causa de las mujeres, que creen en el derecho de la mujer de decidir, y que se han alejado del Frente pero que no se han destacado por tener una posici\u00f3n anti-sandinista<\/em>.<\/p>\n<p><em>Entonces en el caso de esas \u00faltimas yo creo que s\u00ed es una pena porque son compa\u00f1eras y compa\u00f1eros que pueden aportar mucho al debate y que son tan comprometidos que levanten su bandera a diario. Entonces s\u00ed, creo que no tenerlos dentro para la causa del derecho al aborto terap\u00e9utico es una pena. Es algo que desgasta, que te debilita. Es algo que hace falta<\/em>.<\/p>\n<p><em>Pero al otro nivel, la gente que ya tienen posiciones pol\u00edticas opuestas, \u00bfpara qu\u00e9? Para qu\u00e9 los necesit\u00e1s adentro si en todo caso ir\u00edan en contra de la continuidad de la revoluci\u00f3n que estamos llevando adelante.<br \/>\nSon compa\u00f1eros y compa\u00f1eras que te dicen -\u00abyo, que di mi vida por la revoluci\u00f3n, yo, que di mis horas extras &#8230;\u00bb Entonces \u00bfpor qu\u00e9 los vamos a querer tener dentro si van a estar llorando toda su vida por lo que dieron? Yo creo que esas personas hacen bien en haberse alejado y haber buscado sus propios espacios. Porque dentro no tienen nada que hacer ya<\/em>.<\/p>\n<p><em>Pero s\u00ed hay otros compa\u00f1eros y compa\u00f1eras, incluso algunas personas que yo conozco personalmente, que est\u00e1n muy dolidos por lo que est\u00e1n viendo en relaci\u00f3n a ese tema y por eso han querido alejarse. Son personas que sienten que una vez m\u00e1s el Frente ha castigado los derechos de las mujeres por una cuesti\u00f3n coyuntural<\/em>.<\/p>\n<p>&#8211; <a href=\"https:\/\/www.argenpress.info\/2009\/12\/nicaragua-el-fsln-y-los-derechos-de-la.html\">Fuente: Argenpress<\/a><\/p>\n","protected":false},"excerpt":{"rendered":"<p>Scarlet Cuadra Waters es una periodista originalmente de Bluefields en la Costa Caribe de Nicaragua, con 20 a\u00f1os de experiencia trabajando en medios alternativos. En los a\u00f1os 80 fue la editora de <em>Barricada Internacional<\/em>, la versi\u00f3n internacional del peri\u00f3dico del primer gobierno revolucionario del FSLN. Actualmente Cuadra es la editora de la <em>Revista Correo<\/em>, una revista de la izquierda que trata temas nacionales y regionales. Tambi\u00e9n es la responsable del \u00e1rea de comunicaci\u00f3n para el Proyecto de Desarrollo Integral del barrio Acahualinca, un proyecto financiado por el estado espa\u00f1ol que se trata de mejorar el nivel de vida de las familias que viven y trabajan en el basurero de Managua, La Chureca, y de mejorar las condiciones ambientales del mismo con el sellado paulatino del basurero y un mejor manejo de los deshechos s\u00f3lidos. En esta entrevista Scarlet habla de los derechos de la mujer en Nicaragua y la relaci\u00f3n de ese tema con el FSLN dando su perspectiva sobre la pol\u00edtica pro mujer del gobierno, la penalizaci\u00f3n del aborto terap\u00e9utico y los grupos de mujeres que hacen oposici\u00f3n al Frente [[Ver <a href=\"http:\/\/marina.swarpeca.es\/IMG\/pdf\/Movimiento_autonomo_de_mujeres.pdf\">AWID <em>Association for Women&#8217;s Rights in Development<\/em> 23-10-2009\/<em>Movimiento Aut\u00f3nomo de Mujeres<\/em> 19-11-2009<\/a>.]].<\/p>\n","protected":false},"author":1,"featured_media":778,"comment_status":"closed","ping_status":"open","sticky":false,"template":"","format":"standard","meta":{"footnotes":""},"categories":[32],"tags":[],"_links":{"self":[{"href":"https:\/\/marina.swarpeca.es\/revista\/wp-json\/wp\/v2\/posts\/779"}],"collection":[{"href":"https:\/\/marina.swarpeca.es\/revista\/wp-json\/wp\/v2\/posts"}],"about":[{"href":"https:\/\/marina.swarpeca.es\/revista\/wp-json\/wp\/v2\/types\/post"}],"author":[{"embeddable":true,"href":"https:\/\/marina.swarpeca.es\/revista\/wp-json\/wp\/v2\/users\/1"}],"replies":[{"embeddable":true,"href":"https:\/\/marina.swarpeca.es\/revista\/wp-json\/wp\/v2\/comments?post=779"}],"version-history":[{"count":0,"href":"https:\/\/marina.swarpeca.es\/revista\/wp-json\/wp\/v2\/posts\/779\/revisions"}],"wp:featuredmedia":[{"embeddable":true,"href":"https:\/\/marina.swarpeca.es\/revista\/wp-json\/wp\/v2\/media\/778"}],"wp:attachment":[{"href":"https:\/\/marina.swarpeca.es\/revista\/wp-json\/wp\/v2\/media?parent=779"}],"wp:term":[{"taxonomy":"category","embeddable":true,"href":"https:\/\/marina.swarpeca.es\/revista\/wp-json\/wp\/v2\/categories?post=779"},{"taxonomy":"post_tag","embeddable":true,"href":"https:\/\/marina.swarpeca.es\/revista\/wp-json\/wp\/v2\/tags?post=779"}],"curies":[{"name":"wp","href":"https:\/\/api.w.org\/{rel}","templated":true}]}}