{"id":727,"date":"2009-06-09T06:57:52","date_gmt":"2009-06-09T06:57:52","guid":{"rendered":"https:\/\/marina.swarpeca.es\/revista\/2009\/06\/09\/iii-congreso-internacional-sobre-tratamientos-complementarios-y-alternativos-en-cancer-madrid-31-de-octubre-y-1-de-noviembre-de-2009-09-06-09-2\/"},"modified":"2009-06-09T06:57:52","modified_gmt":"2009-06-09T06:57:52","slug":"iii-congreso-internacional-sobre-tratamientos-complementarios-y-alternativos-en-cancer-madrid-31-de-octubre-y-1-de-noviembre-de-2009-09-06-09-2","status":"publish","type":"post","link":"https:\/\/marina.swarpeca.es\/revista\/iii-congreso-internacional-sobre-tratamientos-complementarios-y-alternativos-en-cancer-madrid-31-de-octubre-y-1-de-noviembre-de-2009-09-06-09-2\/","title":{"rendered":"III Congreso Internacional sobre Tratamientos Complementarios y Alternativos en C\u00e1ncer. Madrid, 31 de octubre y 1 de noviembre de 2009 [09\/06\/09]"},"content":{"rendered":"<p><object width=\"445\" height=\"364\"><param name=\"movie\" value=\"https:\/\/www.youtube.com\/v\/tcP4Nuk64XA&#038;hl=es&#038;fs=1&#038;border=1\"><\/param><param name=\"allowFullScreen\" value=\"true\"><\/param><param name=\"allowscriptaccess\" value=\"always\"><\/param><embed src=\"https:\/\/www.youtube.com\/v\/tcP4Nuk64XA&#038;hl=es&#038;fs=1&#038;border=1\" type=\"application\/x-shockwave-flash\" allowscriptaccess=\"always\" allowfullscreen=\"true\" width=\"445\" height=\"364\"><\/embed><\/object><\/p>\n<p>Son ponentes del Congreso los doctores hind\u00faes Prasanta y Pratip Banerji [[\u00ablos mayores expertos del mundo en el tratamiento homeop\u00e1tico del c\u00e1ncer, con resultados innegables\u00bb]], el m\u00e9dico mexicano Isaac Goiz [[\u00abinternacionalmente conocido por la teor\u00eda del <em>Par Biomagn\u00e9tico<\/em> que ha dado lugar a un m\u00e9todo que permite tratar de forma muy eficaz cualquier enfermedad, c\u00e1ncer incluido\u00bb]], la onc\u00f3loga espa\u00f1ola Natalia Eres [[\u00abpromotora en Espa\u00f1a de la <em>Oncolog\u00eda Integrativa<\/em>\u00ab]], el doctor Diego Armesto [[\u00abcatedr\u00e1tico de Fotoqu\u00edmica Org\u00e1nica y especialista en <em>Terapia Fotodin\u00e1mica<\/em>\u00ab]], el doctor Taher Abbas [[\u00abcardi\u00f3logo espa\u00f1ol que trata patolog\u00edas graves, c\u00e1ncer incluido, ateni\u00e9ndose a los postulados de la <em>Medicina Biol\u00f3gica<\/em>\u00ab]],  el onc\u00f3logo italiano Tullio Simoncini [[\u00abexperto en las posibilidades del bicarbonato s\u00f3dico en el tratamiento del c\u00e1ncer\u00bb]], el venezolano Jos\u00e9 Olalde Rancel [[\u00abcreador de la <em>Medicina Sist\u00e9mica<\/em>, con la que logra espectaculares resultados mediante un tratamiento integral que incluye el uso de plantas adapt\u00f3genas\u00bb]], el ex onc\u00f3logo pedi\u00e1trico Alberto Marti Boch [[\u00absin duda uno de los m\u00e9dicos espa\u00f1oles mejor formados a la hora de abordar de manera hol\u00edstica una patolog\u00eda, c\u00e1ncer incluido\u00bb]], el doctor Raymond Hilu [[\u00abdisc\u00edpulo directo de la internacionalmente conocida Dra. Johanna Budwig y experto en el tratamiento del c\u00e1ncer con hipertermia\u00bb]], el doctor Gottfried Cornelissen [[\u00abespecialista en recuperar el equilibrio org\u00e1nico mediante biorresonancia\u00bb]], el doctor Miguel \u00c1ngel Ib\u00e1\u00f1ez [[\u00abespecializado en el tratamiento del c\u00e1ncer mediante la aplicaci\u00f3n intravenosa de vitamina C a altas dosis mediante goteo\u00bb]], el doctor Juan Carlos P\u00e9rez Olmedo [[\u00abespecialista en tratar tumores mediante Ozonoterapia\u00bb]] y Coral Mateo [[\u00abpresidenta de la <em>Sociedad Espa\u00f1ola de Homeopat\u00eda Veterinaria<\/em>, quien postula que lo que llamamos c\u00e1ncer quiz\u00e1s no sea una enfermedad sino un proceso biol\u00f3gico natural de defensa del organismo\u00bb]].<\/p>\n<p>(9 de junio de 2009)<\/p>\n","protected":false},"excerpt":{"rendered":"<p>Ram\u00f3n Cacabelos [[presidente del Consejo Cient\u00edfico de la <em>WACR<\/em> y \u00abuno de los m\u00e1s reconocidos especialistas europeos en Biotecnolog\u00eda, Gen\u00f3mica, Prote\u00f3mica, Farmacogen\u00f3mica y Farmacogen\u00e9tica del mundo\u00bb]] abre oficialmente, el 31 de octubre de 2009 en el Palacio Municipal de Congresos de Madrid, el <em>III Congreso Internacional sobre Tratamientos Complementarios y Alternativos en C\u00e1ncer<\/em>, organizado por la <a href=\"article419\"><em>WACR<\/em><\/a> (World Association for Cancer Research) y que, dirigido y presentado por Jos\u00e9 Antonio Campoy [[director de <em>Discovery DSalud<\/em> y presidente de la <em>WACR<\/em>]] y Antonio Muro [[vicepresidente de la <em>WACR<\/em>]], cuenta con la participaci\u00f3n de 14 conferenciantes los d\u00edas 31 de octubre y 1 de noviembre, cuyas ponencias junto con el programa completo se anuncian para el pr\u00f3ximo mes.<\/p>\n","protected":false},"author":1,"featured_media":0,"comment_status":"closed","ping_status":"open","sticky":false,"template":"","format":"standard","meta":{"footnotes":""},"categories":[27],"tags":[],"_links":{"self":[{"href":"https:\/\/marina.swarpeca.es\/revista\/wp-json\/wp\/v2\/posts\/727"}],"collection":[{"href":"https:\/\/marina.swarpeca.es\/revista\/wp-json\/wp\/v2\/posts"}],"about":[{"href":"https:\/\/marina.swarpeca.es\/revista\/wp-json\/wp\/v2\/types\/post"}],"author":[{"embeddable":true,"href":"https:\/\/marina.swarpeca.es\/revista\/wp-json\/wp\/v2\/users\/1"}],"replies":[{"embeddable":true,"href":"https:\/\/marina.swarpeca.es\/revista\/wp-json\/wp\/v2\/comments?post=727"}],"version-history":[{"count":0,"href":"https:\/\/marina.swarpeca.es\/revista\/wp-json\/wp\/v2\/posts\/727\/revisions"}],"wp:attachment":[{"href":"https:\/\/marina.swarpeca.es\/revista\/wp-json\/wp\/v2\/media?parent=727"}],"wp:term":[{"taxonomy":"category","embeddable":true,"href":"https:\/\/marina.swarpeca.es\/revista\/wp-json\/wp\/v2\/categories?post=727"},{"taxonomy":"post_tag","embeddable":true,"href":"https:\/\/marina.swarpeca.es\/revista\/wp-json\/wp\/v2\/tags?post=727"}],"curies":[{"name":"wp","href":"https:\/\/api.w.org\/{rel}","templated":true}]}}