{"id":725,"date":"2009-11-30T23:50:44","date_gmt":"2009-11-30T23:50:44","guid":{"rendered":"https:\/\/marina.swarpeca.es\/revista\/2009\/11\/30\/abajo-kraft-los-argentinos-somos-todos-terrabussi-30-11-09\/"},"modified":"2009-11-30T23:50:44","modified_gmt":"2009-11-30T23:50:44","slug":"abajo-kraft-los-argentinos-somos-todos-terrabussi-30-11-09","status":"publish","type":"post","link":"https:\/\/marina.swarpeca.es\/revista\/abajo-kraft-los-argentinos-somos-todos-terrabussi-30-11-09\/","title":{"rendered":"\u00a1Abajo Kraft! \u00a1Los argentinos somos todos Terrabussi! [30\/11\/09]"},"content":{"rendered":"<p>\u00bfQu\u00e9 se entiende por globalizaci\u00f3n?<\/p>\n<p>Depende de la interpretaci\u00f3n que se le quiera dar.<\/p>\n<p>Un ejecutivo de una la multinacional ABB en 1995, la sintetiz\u00f3 con las palabras siguientes: \u201cYo definir\u00eda la Globalizaci\u00f3n como la Libertad de Mi grupo, de Invertir donde Quiera, por el tiempo que Quiera, para producir lo que Quiera, provey\u00e9ndose y vendiendo donde Quiera, teniendo que soportar las Menores Limitaciones posibles en \u201cmateria Laboral y de Convenciones Sociales\u201d.<\/p>\n<p>\u00bfY qu\u00e9 se entiende por multinacional?<\/p>\n<p><a href=\"https:\/\/asgconsultores.com\/diccionario\/letra\/m.htm\">Multinacional<\/a>: Sociedad con empresas de producci\u00f3n o distribuci\u00f3n en diversos pa\u00edses. <\/p>\n<p><a href=\"https:\/\/www.intracen.org\/tfs\/docs\/glossary\/es.htm\">Empresa multinacional, empresa transnacional<\/a>: Empresa que dispone de filiales y plantas fuera del pa\u00eds en la que est\u00e1 asentada. <\/p>\n<p>A prop\u00f3sito de las noticias inducidas, y, a pesar de ellas, a veces s\u00f3lo bastar\u00eda leer noticias por Internet en distintas webs para darnos cuenta que la mentira y el enga\u00f1o tiene patas cortas.<\/p>\n<p>Por ejemplo, son tres anuncios: a, b, c.<\/p>\n<p>\u201ca)- La empresa de ingenier\u00eda sueco-suiza ABB ha experimentado un crecimiento espectacular en el \u00faltimo a\u00f1o, tal como indican sus resultados. Sus ventas han aumentado un 22% hasta casi los 9.000 millones de d\u00f3lares, mientras que el beneficio neto lo ha hecho en un 27% hasta casi los 1.000 millones.<\/p>\n<p>\u201cLa compa\u00f1\u00eda tambi\u00e9n ha experimentado un incremento en su volumen de encargos y, en un art\u00edculo en el peri\u00f3dico <em>Dagens Nyheter<\/em>, Mie-Lotte Bohl, responsable de contrataci\u00f3n, afirmaba que, actualmente, la empresa busca ingenieros en el mercado internacional \u2013especialmente, con experiencia en el campo de la energ\u00eda el\u00e9ctrica- por la fuerte demanda que est\u00e1n teniendo en los \u00faltimos tiempos. Suecia. Red de Oficinas Econ\u00f3micas y Comerciales de Espa\u00f1a en el Exterior 23\/10\/08 Dagen Nyheter Thelocal, se\u201d.<\/p>\n<p>\u201cb) &#8211; La multinacional ABB plantea 130 despidos en Espa\u00f1a, 77 en Catalunya<\/p>\n<p>Barcelona, 10 Jun\/09. (<em>Europa Press<\/em>) &#8211; <\/p>\n<p>La multinacional sueco-suiza Asea Brown Boveri (ABB), dedicada a la fabricaci\u00f3n de bienes y equipos, ha presentado un Expediente de Regulaci\u00f3n de Empleo (ERE) para despedir a 130 trabajadores de sus plantas espa\u00f1olas, 77 de los cuales trabajan en los centros de Sant Quirze del Vall\u00e8s (Barcelona).<\/p>\n<p>\u201cSeg\u00fan explicaron a Europa Press fuentes del comit\u00e9 de empresa, la compa\u00f1\u00eda prev\u00e9 41 despidos en la f\u00e1brica de ABB Motores de Sant Quirze, dedicada a la producci\u00f3n de motores el\u00e9ctricos y que emplea a unas 216 personas. Plantea otros 24 despidos en la planta de rob\u00f3tica de la misma poblaci\u00f3n, que cuenta con una plantilla de 232 personas, tres m\u00e1s en la comercial y nueve en las oficinas de Barcelona.<\/p>\n<p>Sindicatos y directivos de la multinacional mantienen hoy una reuni\u00f3n en Sabadell, en la que el comit\u00e9 prev\u00e9 abordar aspectos como los planes de viabilidad de las factor\u00edas catalanas. Mientras dure el encuentro, la plantilla iniciar\u00e1 sus movilizaciones con una concentraci\u00f3n a las afueras del hotel en el que se re\u00fanen para expresar su rechazo a este recorte.<br \/>\nABB cuenta en Espa\u00f1a con una plantilla de 2.871 personas y el expediente afectar\u00e1 a los 13 centros repartidos por diez comunidades aut\u00f3nomas, aunque Catalunya es la m\u00e1s perjudicada. La multinacional ya comunic\u00f3 a la planta de Vigo otros 20 despidos, la mitad de la plantilla\u201d.<\/p>\n<p>\u201cc) &#8211; Trabajadores de ABB en huelga indefinida ocupan el despacho de Garrigues en Vigo para pedir informaci\u00f3n sobre el ERE<\/p>\n<p>19\/06\/2009 &#8211; 11:06 <em>Eco Diario<\/em><\/p>\n<p>Varias decenas de trabajadores de la planta que la multinacional ABB tiene en Vigo ocuparon el despacho de abogados Garrigues en la ciudad<br \/>\nol\u00edvica, por ser la firma designada por la empresa para negociar el ERE de extinci\u00f3n de empleo que afecta a los empleados de toda Espa\u00f1a.\u201d<\/p>\n<p>Resumiendo:<\/p>\n<p>Desde octubre del 2008 con un beneficio neto de casi 1000 millones de d\u00f3lares, esta multinacional, que tiene repartidas en Espa\u00f1a sus empresas, decide el despido de 133 trabajadores repartidos en 13 centros de las comunidades aut\u00f3nomas. Dir\u00edase que de aut\u00f3nomas s\u00f3lo tienen el nombre porque dependen de una multinacional que hace y deshace porque seguramente ya llegaron all\u00ed, a las aut\u00f3nomas, las manidas leyes de flexibilizaci\u00f3n laboral que no es nada m\u00e1s ni nada menos que la p\u00e9rdida de conquistas sociales adquiridas en a\u00f1os y perdidas en un segundo con la firma de contratos leoninos. Porque no hay que olvidar lo que dijo aquel ejecutivo de la ABB: la Libertad de Mi grupo, de Invertir donde Quiera, por el tiempo que Quiera \u2026 etc \u2026 etc.<\/p>\n<p>En buen castellano: que la improductividad la paguen los empleados as\u00ed al capital, ocioso e improductivo, no se le tocan sus ganancias e intereses que luego ser\u00e1n girados a para\u00edsos fiscales para su correspondiente lavado.<\/p>\n<p>Pero es necesario, para lograrlo el \u201capriete\u201d con distintas argucias.<\/p>\n<p>Por ejemplo y volviendo a Kraft:<\/p>\n<p>1) Febrero:<\/p>\n<p>\u201cKraft anuncia una pol\u00edtica de despidos, disfrazada de planes de retiro voluntario bajo una supuesta reestructuraci\u00f3n, planes en los cuales el trabajador renuncia a su contrato de trabajo supuestamente por voluntad y recibe a cambio una prestaci\u00f3n econ\u00f3mica por encima de lo que le corresponder\u00eda si la Empresa le liquidara su contrato legalmente.\u201d <\/p>\n<p>2) 17 de febrero:<\/p>\n<p>\u201cKraft cita a siete trabajadores del \u00e1rea administrativa en las instalaciones de un prestigioso hotel de la ciudad de Cali, lugar donde procedi\u00f3 a encerrarlos, presionarlos y obligarlos a firmar la renuncia a sus contratos de trabajo.\u201d <\/p>\n<p>3) 28 de abril: <\/p>\n<p>\u201cKraft despide sin justa causa a Luis Fernando Cuellar trabajador afiliado al Sindicato, desconociendo el art\u00edculo 13 de la convenci\u00f3n sobre sanciones y despidos, con lo cual viol\u00f3 los t\u00e9rminos pactados en la convenci\u00f3n y el debido proceso.\u201d<\/p>\n<p>Leyendo los enunciado 1,2 y 3.<\/p>\n<p>\u00bfSe supone que se refieren a Kraft instalada en Argentina?<\/p>\n<p>\u00a1No! Son enunciados que corresponden a Kraft instalada en Colombia all\u00e1 por el a\u00f1o 2005. <\/p>\n<p>Es evidente que la pol\u00edtica es la misma, s\u00f3lo cambian la geograf\u00eda, los<br \/>\nobreros y el nombre de los sindicatos. <\/p>\n<p>Peor a\u00fan, <strong>No Interesa<\/strong> el nombre o logo de la empresa sino lo que se repite como una pesadilla en las familias de obreros y empleados de tantos pa\u00edses.<\/p>\n<p>Michael Moore en una carta de despedida le enrostra a la empresa que arruin\u00f3 a su padre y a su t\u00edo: \u201c<em>Os escribo esta carta en recuerdo de los cientos de miles de trabajadores que durante los \u00faltimos m\u00e1s de 25 a\u00f1os han sido tirados a la basura por General Motors. A muchos les arruinaron sus vidas para siempre. Cayeron en el alcohol o la droga, sus matrimonios se rompieron, algunos se suicidaron. La mayor\u00eda sigui\u00f3 adelante, se mud\u00f3, se mud\u00f3 lejos, se mud\u00f3 afuera. Terminaron trabajando en dos trabajos por la mitad de lo que ganaban en GM. Y maldijeron al presidente de GM por arruinar sus vidas \u2026\u201d<\/em><\/p>\n<p>Por lo tanto digamos nosotros:<\/p>\n<p><strong>\u00a1Abajo Kraft!<\/strong><\/p>\n<p><strong>Los argentinos somos todos Terrabussi!<\/strong><\/p>\n<p>&#8211; <a href=\"https:\/\/cultural.argenpress.info\/2009\/11\/abajo-kraft-los-argentinos-somos-todos.html\">Fuente: Argenpress Cultural<\/a>.<\/p>\n","protected":false},"excerpt":{"rendered":"<p>Terrabussi eran las masitas en el recreo, el turr\u00f3n turco despu\u00e9s de las comidas en casa y, otra vez, las Terrabussi con el caf\u00e9 con leche de la tarde con los amiguitos o los compa\u00f1eros de la escuela que ven\u00edan para hacer los deberes o \u201cel trabajo en equipo\u201d, porque la enciclopedia del hermano mayor no sal\u00eda de la casa. Tambi\u00e9n los que ven\u00edan tra\u00edan las MuM\u00fa o los caramelos de dulce de leche. \u00bfCuando Terrabussi dej\u00f3 de ser Terrabussi?. Fue cuando la mal llamada globalizaci\u00f3n fagocit\u00f3 como un monstruo las empresas locales y las transform\u00f3 en multinacionales. Por supuesto, con la ayuda de gobiernos cipayos.<\/p>\n","protected":false},"author":1,"featured_media":723,"comment_status":"closed","ping_status":"open","sticky":false,"template":"","format":"standard","meta":{"footnotes":""},"categories":[33],"tags":[],"_links":{"self":[{"href":"https:\/\/marina.swarpeca.es\/revista\/wp-json\/wp\/v2\/posts\/725"}],"collection":[{"href":"https:\/\/marina.swarpeca.es\/revista\/wp-json\/wp\/v2\/posts"}],"about":[{"href":"https:\/\/marina.swarpeca.es\/revista\/wp-json\/wp\/v2\/types\/post"}],"author":[{"embeddable":true,"href":"https:\/\/marina.swarpeca.es\/revista\/wp-json\/wp\/v2\/users\/1"}],"replies":[{"embeddable":true,"href":"https:\/\/marina.swarpeca.es\/revista\/wp-json\/wp\/v2\/comments?post=725"}],"version-history":[{"count":0,"href":"https:\/\/marina.swarpeca.es\/revista\/wp-json\/wp\/v2\/posts\/725\/revisions"}],"wp:featuredmedia":[{"embeddable":true,"href":"https:\/\/marina.swarpeca.es\/revista\/wp-json\/wp\/v2\/media\/723"}],"wp:attachment":[{"href":"https:\/\/marina.swarpeca.es\/revista\/wp-json\/wp\/v2\/media?parent=725"}],"wp:term":[{"taxonomy":"category","embeddable":true,"href":"https:\/\/marina.swarpeca.es\/revista\/wp-json\/wp\/v2\/categories?post=725"},{"taxonomy":"post_tag","embeddable":true,"href":"https:\/\/marina.swarpeca.es\/revista\/wp-json\/wp\/v2\/tags?post=725"}],"curies":[{"name":"wp","href":"https:\/\/api.w.org\/{rel}","templated":true}]}}