{"id":720,"date":"2009-11-27T15:14:33","date_gmt":"2009-11-27T15:14:33","guid":{"rendered":"https:\/\/marina.swarpeca.es\/revista\/2009\/11\/27\/hoy-viernes-27-de-noviembre-dia-internacional-sin-compras-accion-de-calle-en-calle-mercaderes-de-pamplona-a-las-5-30h-y-a-las-8-no-te-consumas-de-xucrut-teatre-27-11-09\/"},"modified":"2009-11-27T15:14:33","modified_gmt":"2009-11-27T15:14:33","slug":"hoy-viernes-27-de-noviembre-dia-internacional-sin-compras-accion-de-calle-en-calle-mercaderes-de-pamplona-a-las-5-30h-y-a-las-8-no-te-consumas-de-xucrut-teatre-27-11-09","status":"publish","type":"post","link":"https:\/\/marina.swarpeca.es\/revista\/hoy-viernes-27-de-noviembre-dia-internacional-sin-compras-accion-de-calle-en-calle-mercaderes-de-pamplona-a-las-5-30h-y-a-las-8-no-te-consumas-de-xucrut-teatre-27-11-09\/","title":{"rendered":"Hoy viernes 27 de noviembre, D\u00eda Internacional Sin Compras, acci\u00f3n de calle en calle Mercaderes de Pamplona, a las 5.30h. Y a las 8 \u00a1No te consumas! de Xucrut Teatre [27\/11\/09]"},"content":{"rendered":"<p><em>Etiketaren atzean<\/em>: artea, pentsakera, salaketa, sarean egindako lana.<\/p>\n<p><strong>Badakizu zer dagoen zure arropak duen etiketaren atzean?<\/strong><\/p>\n<p>\u00ab<em>Gaur egungo arropagintza industriaren egoerak, oso globalizatuta eta oso entrepresa gutxiren menpe, lantegietan dauden langile asko eta askorentzat izugarrizko eragina du. Gero eta lantegi gehiago daude eta batez ere Asian, Ertamerikan eta Afrikako Iparrean aurki ditzakegu.<\/p>\n<p>Setemek- Arropa Garbia Kanpainak (AGK) erosten dugun arropa, moda, merkealdiak, entrepreseen publizitateren inguruan dagoen azpijokuari buruzko gogoeta izatera eta ezagutzera gonbidatzen zaitu, arroparen kontsumo arduratsuago eduki dezagun<\/em>\u00ab. <\/p>\n<p><strong>Mi\u00e9rcoles 2 de diciembre, Casa de la Juventud, 19.00h: Cineforum<\/strong><\/p>\n<p>Documental <em>Golpeados pero no vencidos<\/em> seguido de <em>Debate sobre la explotaci\u00f3n laboral en las maquilas de Honduras<\/em> con Reyna Elizabethe Dom\u00ednguez, Secretaria del Sindicato Jitrajerzees afiliado a la CGT Honduras, de la empresa textil Jerzeesh proveedora de la marca \u00abFruit of the Loom\u00bb.<\/p>\n<p><strong>Viernes 11 de diciembre: Civivox Iturrama, 20.00h: Teatro<\/strong><\/p>\n<p><em>La maquila en mi cabeza<\/em> de Los Dobles (Navarra).<\/p>\n<p><strong>Viernes 18 de diciembre: Civivox Iturrama, 20.00h: Teatro<\/strong> <\/p>\n<p><em>XL Town<\/em> de Pikor Teatro (Euskadi).<\/p>\n<p>&#8211; <em> <strong>Teatro<\/strong> <\/em>: entrada gratuita, previa retirada de invitaci\u00f3n en la taquilla del Civivox desde las 19.00 horas del mismo d\u00eda en que se representa cada obra.<\/p>\n<p>&#8211; <strong>Desde el d\u00eda 26 de noviembre hasta el d\u00eda 18 de diciembre: Exposici\u00f3n Fotogr\u00e1fica, de 8.00 a 20.00 horas<\/strong>: <em>100% Attawassoul<\/em>. Sala Multiusos de la Residencia de la Universidad P\u00fablica de Navarra-UPNA, calle Sadar 26. <\/p>\n","protected":false},"excerpt":{"rendered":"<p>\u00ab<em>Para reflexionar sobre el consumismo en estas fechas prenavide\u00f1as<\/em>\u00bb Setem, Ocsi, Reas Navarra, Ekologistak Martxan, Kalaska y Dale la vuelta-Bira beste aldera invitan a participar en la acci\u00f3n de calle que, en el D\u00eda Internacional Sin Compras, tiene lugar esta tarde, a partir de las 17.30 horas, en la calle Mercaderes de Iru\u00f1ea-Pamplona.<\/p>\n<p>&#8211; Tambi\u00e9n hoy, a las 20.00 horas, en Civivox Iturrama <em>Xucrut Teatre<\/em>, de Catalunya, pone en escena <em>\u00a1No te consumas!<\/em> [[<strong>Sinopsis<\/strong>: Tres protagonistas: Nuria, Manel y Luc\u00eda. Tres despertares, tres maneras de comer, de moverse, de comprar, de relacionarse, de querer y quererse, de dormir y de despertarse &#8230; Y es en el despertar cuando empieza todo, el descanso otorgado durante la noche da paso al tic-tac que no se para; el mensaje es inequ\u00edvoco: debe\u00admos volver al frente. Una reflexi\u00f3n sobre nuestros tiempos y ritmos, la relaci\u00f3n con nuestras decisiones, prioridades, valores y, \u00bfpor qu\u00e9 no?, nuestros consumos. R\u00ede mientras reflexionas sobre el ritmo de la vida y el consumo.]].<\/p>\n<p>Ambas actividades forman parte, a su vez, de la campa\u00f1a <a href=\"http:\/\/herbogeminis.com\/IMG\/pdf\/Folleto_Traslaetiqueta_CRL-SETEM.pdf\">\u00ab<em>Ropa limpia-Tras la etiqueta<\/em><\/a>\u00ab, que incluye actividades de cine, teatro, exposici\u00f3n fotogr\u00e1fica, &#8230;, y con la que Setem Nafarroa pone en com\u00fan reflexiones que sirvan en la toma de decisiones a la hora de efectuar nuestras compras m\u00e1s comunes y habituales de ropa, para avanzar en la direcci\u00f3n de un consumo m\u00e1s responsable. Para lo cual resulta necesario pararse a pensar, siquiera un momento, sobre lo que se esconde tras la ropa que consumimos, la moda, la publicidad, las marcas, las rebajas, &#8230;, en definitiva, cu\u00e1l es la situaci\u00f3n de la industria textil en el presente y en qu\u00e9 condiciones trabajan en ella miles de personas en todo el planeta.<\/p>\n","protected":false},"author":1,"featured_media":719,"comment_status":"closed","ping_status":"open","sticky":false,"template":"","format":"standard","meta":{"footnotes":""},"categories":[27],"tags":[],"_links":{"self":[{"href":"https:\/\/marina.swarpeca.es\/revista\/wp-json\/wp\/v2\/posts\/720"}],"collection":[{"href":"https:\/\/marina.swarpeca.es\/revista\/wp-json\/wp\/v2\/posts"}],"about":[{"href":"https:\/\/marina.swarpeca.es\/revista\/wp-json\/wp\/v2\/types\/post"}],"author":[{"embeddable":true,"href":"https:\/\/marina.swarpeca.es\/revista\/wp-json\/wp\/v2\/users\/1"}],"replies":[{"embeddable":true,"href":"https:\/\/marina.swarpeca.es\/revista\/wp-json\/wp\/v2\/comments?post=720"}],"version-history":[{"count":0,"href":"https:\/\/marina.swarpeca.es\/revista\/wp-json\/wp\/v2\/posts\/720\/revisions"}],"wp:featuredmedia":[{"embeddable":true,"href":"https:\/\/marina.swarpeca.es\/revista\/wp-json\/wp\/v2\/media\/719"}],"wp:attachment":[{"href":"https:\/\/marina.swarpeca.es\/revista\/wp-json\/wp\/v2\/media?parent=720"}],"wp:term":[{"taxonomy":"category","embeddable":true,"href":"https:\/\/marina.swarpeca.es\/revista\/wp-json\/wp\/v2\/categories?post=720"},{"taxonomy":"post_tag","embeddable":true,"href":"https:\/\/marina.swarpeca.es\/revista\/wp-json\/wp\/v2\/tags?post=720"}],"curies":[{"name":"wp","href":"https:\/\/api.w.org\/{rel}","templated":true}]}}