{"id":714,"date":"2009-11-24T23:10:01","date_gmt":"2009-11-24T23:10:01","guid":{"rendered":"https:\/\/marina.swarpeca.es\/revista\/2009\/11\/24\/movilizaciones-campesinas-contra-la-organizacion-mundial-de-comercio-la-organizacion-mundial-de-crisis-24-11-09\/"},"modified":"2009-11-24T23:10:01","modified_gmt":"2009-11-24T23:10:01","slug":"movilizaciones-campesinas-contra-la-organizacion-mundial-de-comercio-la-organizacion-mundial-de-crisis-24-11-09","status":"publish","type":"post","link":"https:\/\/marina.swarpeca.es\/revista\/movilizaciones-campesinas-contra-la-organizacion-mundial-de-comercio-la-organizacion-mundial-de-crisis-24-11-09\/","title":{"rendered":"Movilizaciones campesinas contra la Organizaci\u00f3n Mundial de Comercio: \u00abla Organizaci\u00f3n Mundial de Crisis\u00bb [24\/11\/09]"},"content":{"rendered":"<p>En Europa, las exigencias de la OMC son el origen de la pol\u00edtica ultraliberal de la Comisi\u00f3n Europea que expone a su poblaci\u00f3n agr\u00edcola a correr grandes riesgos de quiebra. <\/p>\n<p>La reciente huelga de la leche, seguida por ganaderos en 21 paises europeos est\u00e1 directamente relacionada con el abandono de las cuotas lecheras impuestas por la OMC. <\/p>\n<p>En Suiza, desde mediados de septiembre, muchos son los agricultores que han comenzado \u00abla revuelta campesina\u00bb con el objetivo de denunciar la fragilidad en los precios de la producci\u00f3n y la influencia de los intermediarios. <\/p>\n<p>En la India, el campesinado tambi\u00e9n se encuentra al borde de la quiebra. Son decenas de miles de campesinos, hombres y mujeres, quienes desde comienzos de septiembre han inundado las calles de Delhi para enfrentar el gobierno a sus propias contradicciones. Mientras que de un lado, el ministro de comercio promete proteger la agricultura en la India, aprueba de otro lado una base de negociaciones en la OMC que pone en peligro los medios de subsistencia de m\u00e1s de 2\/3 de la poblaci\u00f3n en dicho pa\u00eds. <\/p>\n<p>En Corea, campesinos y campesinas viven las mismas dificultades de los productores de leche en Europa o de los campesinos en la India, puesto que el precio del arroz no llega a cubrir los costes de producci\u00f3n.<\/p>\n<p>Los lideres, hombres y mujeres, de estas luchas estar\u00e1n presentes en Ginebra para llevar su mensaje de desesperanza y revuelta de los miles de campesinos que representan, hasta los o\u00eddos de los ministros de los pa\u00edses miembros de la OMC. <\/p>\n<p>A su vez, presentar\u00e1n igualmente sus alternativas a las crisis actuales, basadas en <strong>la soberan\u00eda alimentaria<\/strong>, esto es, el derecho de producir localmente y de manera sustentable para la alimentaci\u00f3n de sus comunidades.<\/p>\n<p><strong>Invitaci\u00f3n para los medios de comunicaci\u00f3n<\/strong><\/p>\n<p>&#8211; <strong>27 de noviembre a las 15h30<\/strong>, 25 rue des Gares. Conferencia de prensa introductoria, presentaci\u00f3n de la delegaci\u00f3n de La V\u00eda Campesina en Ginebra y de sus objetivos.<\/p>\n<p>&#8211; <strong>28 de noviembre<\/strong>, participaci\u00f3n de la delegaci\u00f3n de La V\u00eda Campesina y de los campesinos de Uniterre que se movilizar\u00e1n en tractores con ocasi\u00f3n de la gran manifestaci\u00f3n de los movimientos sociales. Salida a las 14h de Place Neuve.<\/p>\n<p>&#8211; <strong>30 de noviembre al 2 de diciembre<\/strong>: todos los d\u00edas, entre las 12h y las 14h, presencia de la delegaci\u00f3n de La V\u00eda Campesina bajo la tienda situada en el cruce de la rue de Varembe y de l&#8217;avenue de France. Acciones simb\u00f3licas y posibilidad de entrevistas. Contacto :Valentina Hemmeler Ma\u00efga. Tel : +41 796721407<\/p>\n<p>&#8211; <strong>30 de noviembre<\/strong>: de 9h a 13h, la delegaci\u00f3n de La V\u00eda Campesina acompa\u00f1ar\u00e1 la marcha fluvial organizada por pescadores.<\/p>\n<p>&#8211; <strong>1 de diciembre<\/strong>: jornada sobre agricultura. Conferencia de prensa a 10h, 25 rue des gares, para anunciar las acciones del d\u00eda.<\/p>\n<p>&#8211; 2 de diciembre: 14h , 25 rue des gares, Conferencia de Prensa de las mujeres de La V\u00eda Campesina y de la Marcha Mundial de Mujeres.<\/p>\n<p><strong>Personas de contacto para la prensa<\/strong><\/p>\n<p>&#8211; Valentina Hemmeler (Uniterre \/ Via Campesina): +41 79 672 14 07 \u2013 v.hemmeler@uniterre.ch<\/p>\n<p>&#8211; Solenne Piriou (La Via Campesina) : + 41 76 752 73 62 \u2013 solenne.piriou@gmail.com<\/p>\n<p><strong>Lista de la delegaci\u00f3n disponible para las entrevistas<\/strong><\/p>\n<p>&#8211; Sra Yoon Geum Sum, Corea del Sur. Organizaci\u00f3n: KWPA (Asociaci\u00f3n Coreana de Mujeres Campesinas). Miembro del Comit\u00e9 de Coordinaci\u00f3n Internacional de La V\u00eda Campesina. Ella estar\u00e1 en Ginebra a partir del 27\/11\/09, acompa\u00f1ada de una delegaci\u00f3n de una decena de personas de la KPL (Liga Coreana de Campesinos) y de la KWPA.<\/p>\n<p>&#8211; Sr Yudhvir Singh, Sr Satnam Singh Cheema y Sr Kannaiyan Subramaniam. India. Organizaci\u00f3n: BKU (Bharatiya Kisan Union) y SICCFM (South Indian Coordination Committee of Farmers Movements). El Sr. Yudhvir Singh es miembro del Comit\u00e9 de Coordinaci\u00f3n Internacional de La V\u00eda Campesina y estar\u00e1 presente a partir del 28\/11\/09. El Sr. Subramaniam llegar\u00e1 a Ginebra el 26\/11\/09<\/p>\n<p>&#8211; Sra. Alphonsine Nguba, Rep\u00fablica Democr\u00e1tica del Congo. Organizaci\u00f3n: COPACO (Confederaci\u00f3n Campesina del Congo). Miembro del Comit\u00e9 de Coordinaci\u00f3n Internacional de La V\u00eda Campesina. Ella llegar\u00e1 a Ginebra el 26\/11\/09.<\/p>\n<p>&#8211; Sr. Cecep Risnandar. Indonesia. Organizaci\u00f3n SPI (Sindicato de Campesinos de Indonesia). Presente en Ginebra a partir del 27\/11\/09. Estar\u00e1 acompa\u00f1ado de la Sra. Zubaidah y del Sr. Muhamad Karim La Moha.<\/p>\n<p>&#8211; Sr. Junichi Shiraishi, Japon, presidente de NOUMINREN (Movimiento de Familias Campesina Japonesas). Estar\u00e1 acompa\u00f1ado de otras 7 personas de la regi\u00f3n de Hokkaido, entre ellas 4 j\u00f3venes que llegar\u00e1n el 27\/11\/09 al final del d\u00eda.<\/p>\n<p>&#8211; Sra. Claude Girod, Francia, Conf\u00e9d\u00e9ration Paysanne, miembro de la Comisi\u00f3n Internacional sobre Soberan\u00eda Alimentaria y Comercio de La V\u00eda Campesina. Estar\u00e1 en Ginebra a partir del 28 de noviembre.<\/p>\n<p>&#8211; Sr. Pierre Andr\u00e9 Tombez, Suiza. Uniterre, presidente de Uniterre y miembro del Comit\u00e9 de Coordinaci\u00f3n Europeo de La V\u00eda Campesina.<\/p>\n<p><strong>P\u00e1gina Web<\/strong><\/p>\n<p>&#8211; <a href=\"https:\/\/viacampesina.org\/\">V\u00eda Campesina<\/a><\/p>\n<p>&#8211; <a href=\"https:\/\/www.uniterre.ch\">Uniterre<\/a><\/p>\n<p><em> <strong>La V\u00eda Campesina es un movimiento internacional que re\u00fane a millones de campesinos, peque\u00f1os productores, sin tierra, mujeres rurales y trabajadores agr\u00edcolas alrededor del mundo. Nuestro movimiento est\u00e1 conformado por 148 organizaciones miembros activas en 69 pa\u00edses en Asia, Africa, Europa y las Am\u00e9ricas<\/strong> <\/em>. <\/p>\n<p><em> <strong>Uniterre es una uni\u00f3n de agricultores suizos que cuenta con 2.000 miembros. Defiende a todos los agricultores, independientemente de su tama\u00f1o o de su sistema de producci\u00f3n. Uniterre es el miembro suizo de la V\u00eda Campesina<\/strong> <\/em>.<\/p>\n<p>&#8211; <a href=\"https:\/\/www.viacampesina.org\/main_sp\/index.php?option=com_content&#038;task=view&#038;id=907&#038;Itemid=1\">Fuente: La V\u00eda Campesina<\/a>.<\/p>\n<hr \/>\n<hr \/>\n<p><em>Comunicado de prensa de La V\u00eda Campesina<\/em><\/p>\n<p><em>19 de noviembre de 2009<\/em><\/p>\n<p><strong>Crisis alimentaria: El G8 demuestra total falta de voluntad pol\u00edtica<\/strong>  <\/p>\n<p>(<em>Roma, 18 de noviembre del 2009<\/em>) <strong>La evidente ausencia de los jefes de estado de los pa\u00edses del G8 durante la \u00abCumbre Mundial de Seguridad Alimentaria\u00bb, sostenida en Roma entre el 16 y el 18 de noviembre, ha sido una de las causas principales del fracaso total de esta cumbre. No se tomaron medidas concretas para erradicar el hambre, detener la especulaci\u00f3n sobre los alimentos o frenar la expansi\u00f3n de los agrocombustibles. No se adoptaron ning\u00fan tipo de medidas para evitar los efectos devastadores de la agricultura corporativa industrial o para apoyar a la producci\u00f3n local campesina<\/strong>.<\/p>\n<p><img loading=\"lazy\" decoding=\"async\" class=\" aligncenter size-full wp-image-713\" src=\"https:\/\/marina.swarpeca.es\/revista\/wp-content\/uploads\/2009\/11\/via_campesina2.gif\" alt=\"via_campesina2.gif\" align=\"center\" width=\"150\" height=\"54\" \/><\/p>\n<p>La cumbre demostr\u00f3 que no le interesaba tomar el desaf\u00edo de un cambio radical y desesperadamente necesario dentro de las pol\u00edticas alimentarias y agr\u00edcolas, garantizando el acceso y el control por parte de campesinos y peque\u00f1os agricultores, hombres y mujeres, sobre los recursos productivos a trav\u00e9s de una aut\u00e9ntica reforma agraria. La ausencia de los jefes de estado del G8 permite ver una tremenda falta de responsabilidad para resolver esta cada vez m\u00e1s profunda crisis del hambre.<\/p>\n<p><em>La V\u00eda Campesina<\/em> exige mayor inversi\u00f3n dentro de las pol\u00edticas p\u00fablicas basadas en la soberan\u00eda alimentaria que promueve la agricultura y la producci\u00f3n de alimentos a peque\u00f1a escala. Debe priorizarse el apoyo a aquellas personas que producen alimentos de una manera sustentable para las comunidades locales, en lugar de favorizar los cultivos de exportaci\u00f3n, los agrocombustibles o tecnolog\u00edas como los transg\u00e9nicos, impulsados por las corporaciones transnacionales. La agricultura debe excluirse de cualquier acuerdo de libre comercio para permitir a los pa\u00edses proteger de manera efectiva su libre producci\u00f3n local alimentaria.<\/p>\n<p><em>La V\u00eda Campesina<\/em> apoya firmemente el reformado <em>Comit\u00e9 de la FAO de Seguridad Alimentaria Mundial<\/em> (CFS). Contrariamente a los mecanismos establecidos al exterior del sistema de las Naciones Unidas, al menos este espacio respeta la regla b\u00e1sica de la democracia, esto es, el principio de \u201c<em>un pa\u00eds, un voto<\/em>\u201d y otorga un nuevo espacio a la Sociedad Civil. Todos los fondos que se dispongan para apoyar soluciones para la crisis alimentaria deben ser puestos bajo la responsabilidad del renovado CFS. Sin embrago, en lugar de demostrar su apoyo pleno al CFS, los pa\u00edses del \u00abG8\u00bb han optado por establecer un fondo fiduciario bajo el control del \u00abBanco Mundial\u00bb. Una propuesta proveniente de esta instituci\u00f3n sugiere que el uso de estos fondos debe ser decidido por un comit\u00e9 de donantes compuesto por los mismos pa\u00edses donantes, el coordinador del Grupo de Tareas de Alto Nivel y el director de gesti\u00f3n del Banco Mundial. En la pr\u00e1ctica, esto significa que dos bur\u00f3cratas junto con los pa\u00edses donantes ser\u00e1n los encargados de decidir donde debe ir el dinero. Esto nos demuestra una escandalosa falta de transparencia y democracia, totalmente opuesta a la ret\u00f3rica expresada por el Grupo de Tareas de Alto Nivel y del Banco Mundial sobre estos temas.<\/p>\n<p>De manera general, las pol\u00edticas del Banco Mundial, junto con las de la \u00abOMC\u00bb y el \u00abFMI\u00bb, han contribuido de forma creciente a la destrucci\u00f3n de la seguridad alimentaria a nivel global. No podemos esperar que sean estas instituciones quienes aporten las soluciones.<\/p>\n<p><em>La V\u00eda Campesina<\/em> sostiene que ha llegado el momento en el que dichas instituciones reconozcan sus enormes fracasos y dejen la tarea en manos de otros actores. La V\u00eda Campesina junto con muchos otros movimientos sociales y ONGs est\u00e1n proponiendo soluciones y est\u00e1n siendo actores principales dentro de este crucial proceso de cambio. Exigimos a nuestro gobiernos que nos permitan la plena participaci\u00f3n en la definici\u00f3n de pol\u00edticas y esperamos su apoyo dentro de este proceso. Los gobiernos deben de comprometerse a poner en marcha pol\u00edticas efectivas en la erradicaci\u00f3n del hambre en nuestras sociedades de la manera m\u00e1s r\u00e1pida posible.<\/p>\n<p>&#8211; <a href=\"https:\/\/www.viacampesina.org\/main_sp\/index.php?option=com_content&#038;task=view&#038;id=905&#038;Itemid=38\">Fuente: La V\u00eda Campesina<\/a>.<\/p>\n","protected":false},"excerpt":{"rendered":"<p>Del 27 de noviembre al 3 de diciembre pr\u00f3ximos, el movimiento internacional de La V\u00eda Campesina junto con Uniterre estar\u00e1n presentes en Ginebra con ocasi\u00f3n de la 7\u00aa Conferencia de la Organizaci\u00f3n Mundial del Comercio (OMC). Una treintena de delegados y delegadas provenientes de \u00c1frica, Asia y Europa recordar\u00e1n a los correspondientes ministros que van a reunirse sus responsabilidades dentro del actual caos alimentario, financiero y clim\u00e1tico. El balance de las pol\u00edticas de la OMC y de los acuerdos de libre comercio es catastr\u00f3fico, sobre todo para el campesinado en el mundo. El ciclo de Doha \u2013llamado ciclo del desarrollo- es sin m\u00e1s, un ciclo de desarrollo de crisis. Pascal Lamy, director general de la OMC no ha cesado de presentar las pol\u00edticas de su organizaci\u00f3n como una soluci\u00f3n milagro para las econom\u00edas del mundo. Tras 15 a\u00f1os de oposici\u00f3n a las pol\u00edticas de la OMC, campesinos y campesinas en todo el mundo han rebautizado esta instituci\u00f3n, la OMC, como la \u00abOrganizaci\u00f3n Mundial de las Crisis\u00bb.<\/p>\n","protected":false},"author":1,"featured_media":712,"comment_status":"closed","ping_status":"open","sticky":false,"template":"","format":"standard","meta":{"footnotes":""},"categories":[5],"tags":[],"_links":{"self":[{"href":"https:\/\/marina.swarpeca.es\/revista\/wp-json\/wp\/v2\/posts\/714"}],"collection":[{"href":"https:\/\/marina.swarpeca.es\/revista\/wp-json\/wp\/v2\/posts"}],"about":[{"href":"https:\/\/marina.swarpeca.es\/revista\/wp-json\/wp\/v2\/types\/post"}],"author":[{"embeddable":true,"href":"https:\/\/marina.swarpeca.es\/revista\/wp-json\/wp\/v2\/users\/1"}],"replies":[{"embeddable":true,"href":"https:\/\/marina.swarpeca.es\/revista\/wp-json\/wp\/v2\/comments?post=714"}],"version-history":[{"count":0,"href":"https:\/\/marina.swarpeca.es\/revista\/wp-json\/wp\/v2\/posts\/714\/revisions"}],"wp:featuredmedia":[{"embeddable":true,"href":"https:\/\/marina.swarpeca.es\/revista\/wp-json\/wp\/v2\/media\/712"}],"wp:attachment":[{"href":"https:\/\/marina.swarpeca.es\/revista\/wp-json\/wp\/v2\/media?parent=714"}],"wp:term":[{"taxonomy":"category","embeddable":true,"href":"https:\/\/marina.swarpeca.es\/revista\/wp-json\/wp\/v2\/categories?post=714"},{"taxonomy":"post_tag","embeddable":true,"href":"https:\/\/marina.swarpeca.es\/revista\/wp-json\/wp\/v2\/tags?post=714"}],"curies":[{"name":"wp","href":"https:\/\/api.w.org\/{rel}","templated":true}]}}