{"id":711,"date":"2009-11-20T11:23:18","date_gmt":"2009-11-20T11:23:18","guid":{"rendered":"https:\/\/marina.swarpeca.es\/revista\/2009\/11\/20\/sabado-21-11-2009-jornada-fitoterapia-para-las-afecciones-del-aparato-respiratorio-en-facultad-de-farmacia-de-la-universidad-complutense-de-madrid-20-11-09\/"},"modified":"2021-03-01T22:39:04","modified_gmt":"2021-03-01T22:39:04","slug":"sabado-21-11-2009-jornada-fitoterapia-para-las-afecciones-del-aparato-respiratorio-en-facultad-de-farmacia-de-la-universidad-complutense-de-madrid-20-11-09","status":"publish","type":"post","link":"https:\/\/marina.swarpeca.es\/revista\/sabado-21-11-2009-jornada-fitoterapia-para-las-afecciones-del-aparato-respiratorio-en-facultad-de-farmacia-de-la-universidad-complutense-de-madrid-20-11-09\/","title":{"rendered":"S\u00e1bado 21-11-2009: \u00abJornada Fitoterapia para las afecciones del aparato respiratorio\u00bb en Facultad de Farmacia de la Universidad Complutense de Madrid [20\/11\/09]"},"content":{"rendered":"<p><strong>Programa de la Jornada<\/strong><\/p>\n<p>&#8211; 09,00-09,30 h. Entrega de documentaci\u00f3n.<\/p>\n<p>&#8211; 09,30-09,45 h. Apertura de la Jornada: Irene Iglesias Peinado (Vicedecana Facultad Farmacia UCM), Luis Gonz\u00e1lez (Secretario del COF Madrid), Salvador Ca\u00f1igueral Folcar\u00e1 (Presidente de SEFIT).<\/p>\n<p>&#8211; 09,45-10,30 h. <em>Fisiopatolog\u00eda de las afecciones respiratorias<\/em>: Ignacio Bachiller Rodr\u00edguez, m\u00e9dico de Oviedo.<\/p>\n<p>&#8211; 10,30-11,15 h. <em>Expectorantes y antis\u00e9pticos respiratorios<\/em>: Roser Vila Casanovas, Universidad de Barcelona.<\/p>\n<p>&#8211; 11,15-11,45 h. Pausa caf\u00e9.<\/p>\n<p>&#8211; 11,45-12,30 h. <em>Antitusivos, antiinflamatorios, antiespasm\u00f3dicos, etc.<\/em>: Pilar G\u00f3mez-Serranillos, Universidad Complutense de Madrid.<\/p>\n<p>&#8211; 12,30-14,00 h: Comunicaciones orales \u00abla industria informa\u00bb:<\/p>\n<p>* <em><a href=\"https:\/\/marina.swarpeca.es\/revista\/sauco\/\">Sambucol\u00ae<\/a>, un nuevo producto para el bienestar respiratorio invernal<\/em>: Jos\u00e9 Lu\u00eds L\u00f3pez Larramendi, farmac\u00e9utico de Madrid.<\/p>\n<p>* <em>Estudio cl\u00ednico multic\u00e9ntrico para evaluar la eficacia y tolerabilidad de un spray de <a href=\"https:\/\/marina.swarpeca.es\/revista\/equinacea-purpurea\/\">equin\u00e1cea<\/a> y <a href=\"https:\/\/marina.swarpeca.es\/revista\/salvia\/\">salvia<\/a> (Echinacea Spray\u00ae), comparado con un spray de clorhexidina y lidoca\u00edna en el tratamiento del dolor agudo de garganta<\/em>: Andrea Tapia Hummel, Laboratorios Bioforce de Barcelona.<\/p>\n<p>* <em>Colaboraci\u00f3n entre abejas y plantas medicinales para el tratamiento de afecciones respiratorias: <a href=\"https:\/\/marina.swarpeca.es\/revista\/propolis-o-propoleo\/\">pr\u00f3polis<\/a> y <a href=\"https:\/\/marina.swarpeca.es\/revista\/jalea-real\/\">jalea real<\/a><\/em>: M\u00aa Teresa Ortega Hern\u00e1ndez-Agero, Universidad Complutense de Madrid.<\/p>\n<p>* <em><a href=\"https:\/\/marina.swarpeca.es\/revista\/helicriso-o-sol-de-oro\/\">Helichrysum italicum<\/a> en el tratamiento de las afecciones de las v\u00edas respiratorias altas<\/em>: Albert Sala Llinares, Laboratorios Eladiet de Barcelona.<\/p>\n<p>&#8211; 14,00-15,00 h. Comida (incluida en la inscripci\u00f3n).<\/p>\n<p>&#8211; 15,00-15,30 h. Comunicaciones orales: Uso tradicional:<\/p>\n<p>* <em>Afecciones respiratorias: plantas empleadas en la medicina tradicional navarra<\/em>: <a href=\"https:\/\/marina.swarpeca.es\/revista\/al-menos-el-11-de-las-plantas-vasculares-de-navarra-posee-usos-medicinales-tradicionales-19-08-09\/\">Silvia Akerreta<\/a>, Rita Yolanda Cavero, Mar\u00eda Isabel Calvo Mart\u00ednez, Universidad de Navarra, Pamplona.<\/p>\n<p>* <em>Plantas utilizadas popularmente en la comarca de Los Serranos (Valencia) para el tratamiento de las afecciones respiratorias<\/em>: Isabel Mart\u00ednez Sol\u00eds, Universidad CEU Cardenal  Herrera de Valencia.<\/p>\n<p>&#8211; 15,30-16,15 h. <em>Drogas inmunoestimulantes: <a href=\"https:\/\/marina.swarpeca.es\/revista\/equinacea-eficaz-en-gripe-a-y-sin-los-efectos-de-antivirales-y-vacunas\/\">Equin\u00e1cea<\/a><\/em>: Ester Risco Rodr\u00edguez, profesora de Farmacolog\u00eda y Farmacognosia de la Universidad de Barcelona.<\/p>\n<p>&#8211; 16,15-16,45 h. <em>Exposici\u00f3n de casos cl\u00ednicos: <a href=\"https:\/\/marina.swarpeca.es\/revista\/problemas-respiratorios-de-otono-e-invierno\/\">Fitoterapia de las afecciones respiratorias<\/a><\/em>: \u00c1ngel Borruel Omenat, m\u00e9dico de Huesca.<\/p>\n<p>&#8211; 16,45-17,15 h. Caf\u00e9.<\/p>\n<p>&#8211; 17,15-17,45 h. Comunicaciones orales: Las plantas medicinales como fuente de nuevos medicamentos para las afecciones respiratorias.<\/p>\n<p>* <em>Nuevas tendencias en el tratamiento del asma con principios activos derivados de plantas<\/em>: Nuria Acero de Mesa, Universidad CEU San Pablo de Madrid.<\/p>\n<p>* <em>La fitoterapia y los principios activos vegetales en el tratamiento del <a href=\"https:\/\/marina.swarpeca.es\/revista\/cancer-prevencion-e-inmunidad\/\">c\u00e1ncer<\/a> de pulm\u00f3n<\/em>:<br \/>\nDolores Mu\u00f1oz Mingarro, Universidad CEU San Pablo de Madrid.<\/p>\n<p>&#8211; 17,45-18,30 h. <em>Atenci\u00f3n farmac\u00e9utica en enfermedades respiratorias<\/em>: M\u00aa Jos\u00e9 Alonso Osorio, Vocal\u00eda de Plantas Medicinales del Colegio de Farmac\u00e9uticos de Barcelona.<\/p>\n<p>&#8211; 18,30-19,00 h. Clausura de la Jornada.<\/p>\n<p>&#8211; 19,00-20,00 h. Asamblea (s\u00f3lo asociados).<\/p>\n<p>&#8211; 22,00 h. Cena (Restaurante Carlota, metro Metropolitano. Reserva a trav\u00e9s del formulario de inscripci\u00f3n)<\/p>\n<p><strong>Cuotas de inscripci\u00f3n<\/strong> (incluye la comida en la cafeter\u00eda de la facultad)<\/p>\n<p>&#8211; Miembros de las entidades organizadoras o colaboradoras: 90 \u20ac<\/p>\n<p>&#8211; No socios: 120 \u20ac<\/p>\n<p>&#8211; Estudiantes: 50 \u20ac<\/p>\n<p>&#8211; Estudiantes miembros de SEFIT: 25,00 \u20ac<\/p>\n<p>&#8211; Cena de clausura, precio por comensal (ver formulario de inscripci\u00f3n): 30,00 \u20ac. El Restaurante Carlota tiene una disponibilidad de 60 plazas. Por ello a partir del d\u00eda 15 es necesario consultar si hay disponibilidad.<\/p>\n<p>&#8211; Los inscritos  a la Jornada recibir\u00e1n gratuitamente:<\/p>\n<p>* un ejemplar del libro <em>Medicina Naturista: Mitos y realidades<\/em>, cortes\u00eda del autor, Dr. Gabriel Contreras.<\/p>\n<p>* el \u00faltimo n\u00famero de la <em>Revista de Fitoterapia<\/em>, cortes\u00eda de SEFIT.<\/p>\n<p>&#8211; <a href=\"https:\/\/marina.swarpeca.es\/revista\/IMG\/pdf\/informacion_jornada_SEFIT.pdf\">Formulario de inscripci\u00f3n y tr\u00edptico informativo<\/a>.<\/p>\n<p><strong>Transporte p\u00fablico<\/strong>\t<\/p>\n<p>&#8211; Autobuses: L\u00ednea F (Cuatro Caminos), L\u00ednea G (Moncloa), L\u00ednea 82 (Moncloa), L\u00ednea U (Ciudad Universitaria).<\/p>\n<p>&#8211; Metro: L\u00ednea 6 (parada Ciudad Universitaria).<\/p>\n<p>&#8211; [Fuente: SEFIT->https:\/\/www.fitoterapia.net\/sefit\/actividades\/index.html<br \/>\nwww.fitoterapia.net\/sefit\/actividades].<\/p>\n","protected":false},"excerpt":{"rendered":"<p>El s\u00e1bado 21 de noviembre, a las 9 de la ma\u00f1ana, comienza en la Facultad de Farmacia de la Universidad Complutense de Madrid (Plaza de Ram\u00f3n y Cajal, s\/n, Madrid) la Jornada sobre <em>Fitoterapia para las afecciones respiratorias y del sistema inmune<\/em> que organizan la Sociedad Espa\u00f1ola de Fitoterapia (SEFIT), la Facultad de Farmacia de la Universidad Complutense de Madrid y el Instituto de Estudios sobre Fitoterapia (INFITO) con la colaboraci\u00f3n de la Facultad de Farmacia de la Universidad CEU San Pablo, el Colegio Oficial de Farmac\u00e9uticos de Madrid y la Comisi\u00f3n de M\u00e9dicos Naturistas del Colegio Oficial de M\u00e9dicos de Madrid. Componen el Comit\u00e9 Organizador M\u00aa Emilia Carretero, Pilar G\u00f3mez-Serranillos, Teresa Ortega, Olga Palomino y Bernat Vanaclocha. Y son ponentes Nuria Acero de Mesa, M\u00aa Jos\u00e9 Alonso Osorio, Ignacio Bachiller Rodr\u00edguez, \u00c1ngel Borruel Omenat, Mar\u00eda Isabel Calvo Mart\u00ednez, Pilar G\u00f3mez-Serranillos, Jos\u00e9 Lu\u00eds L\u00f3pez Larramendi, , Isabel Mart\u00ednez Sol\u00eds, Dolores Mu\u00f1oz Mingarro, M\u00aa Teresa Ortega Hern\u00e1ndez-Agero, Ester Risco Rodr\u00edguez, Albert Sala Llinares, Andrea Tapia Hummel y Roser Vila Casanovas. Plazas limitadas.<\/p>\n","protected":false},"author":1,"featured_media":710,"comment_status":"closed","ping_status":"open","sticky":false,"template":"","format":"standard","meta":{"footnotes":""},"categories":[27],"tags":[],"_links":{"self":[{"href":"https:\/\/marina.swarpeca.es\/revista\/wp-json\/wp\/v2\/posts\/711"}],"collection":[{"href":"https:\/\/marina.swarpeca.es\/revista\/wp-json\/wp\/v2\/posts"}],"about":[{"href":"https:\/\/marina.swarpeca.es\/revista\/wp-json\/wp\/v2\/types\/post"}],"author":[{"embeddable":true,"href":"https:\/\/marina.swarpeca.es\/revista\/wp-json\/wp\/v2\/users\/1"}],"replies":[{"embeddable":true,"href":"https:\/\/marina.swarpeca.es\/revista\/wp-json\/wp\/v2\/comments?post=711"}],"version-history":[{"count":10,"href":"https:\/\/marina.swarpeca.es\/revista\/wp-json\/wp\/v2\/posts\/711\/revisions"}],"predecessor-version":[{"id":3079,"href":"https:\/\/marina.swarpeca.es\/revista\/wp-json\/wp\/v2\/posts\/711\/revisions\/3079"}],"wp:featuredmedia":[{"embeddable":true,"href":"https:\/\/marina.swarpeca.es\/revista\/wp-json\/wp\/v2\/media\/710"}],"wp:attachment":[{"href":"https:\/\/marina.swarpeca.es\/revista\/wp-json\/wp\/v2\/media?parent=711"}],"wp:term":[{"taxonomy":"category","embeddable":true,"href":"https:\/\/marina.swarpeca.es\/revista\/wp-json\/wp\/v2\/categories?post=711"},{"taxonomy":"post_tag","embeddable":true,"href":"https:\/\/marina.swarpeca.es\/revista\/wp-json\/wp\/v2\/tags?post=711"}],"curies":[{"name":"wp","href":"https:\/\/api.w.org\/{rel}","templated":true}]}}