{"id":700,"date":"2009-11-18T04:49:33","date_gmt":"2009-11-18T04:49:33","guid":{"rendered":"https:\/\/marina.swarpeca.es\/revista\/2009\/11\/18\/grippe-a-nouvel-epouvantail-politico-mediatique-aubaine-financiere-et-mesures-liberticides-18-11-09\/"},"modified":"2009-11-18T04:49:33","modified_gmt":"2009-11-18T04:49:33","slug":"grippe-a-nouvel-epouvantail-politico-mediatique-aubaine-financiere-et-mesures-liberticides-18-11-09","status":"publish","type":"post","link":"https:\/\/marina.swarpeca.es\/revista\/grippe-a-nouvel-epouvantail-politico-mediatique-aubaine-financiere-et-mesures-liberticides-18-11-09\/","title":{"rendered":"Grippe A: Nouvel \u00e9pouvantail politico-m\u00e9diatique, aubaine financi\u00e8re et mesures liberticides [18\/11\/09]"},"content":{"rendered":"<p>La grippe A H1N1 est une maladie respiratoire aig\u00fce contagieuse, provoqu\u00e9e par un virus de la grippe A de sous type H1N1 r\u00e9apparu en 2009 sous une nouvelle forme g\u00e9n\u00e9tique transmissible d\u2019humaine \u00e0 humaine. Il contient des g\u00e8nes de plusieurs virus d\u2019origine porcine, aviaire et humaine. <\/p>\n<p>Au niveau mondial, la mortalit\u00e9 est statistiquement faible, la majorit\u00e9 des malades n\u2019ont pr\u00e9sent\u00e9 que des sympt\u00f4mes b\u00e9nins. La gu\u00e9rison a \u00e9t\u00e9 rapide et compl\u00e8te. En France au 20 octobre 2009, 33 personnes porteuses du virus sont d\u00e9c\u00e9d\u00e9es dont 8 en m\u00e9tropole selon l\u2019Institut de veille sanitaire. <\/p>\n<p>Pourtant Roselyne Bachelot a annonc\u00e9 que l\u2019\u00e9tat fran\u00e7ais a d\u00e9j\u00e0 d\u00e9pens\u00e9 1,5 milliards d\u2019euros dans la lutte et la pr\u00e9vention contre la grippe A. C\u2019est \u00e9trange comme les caisses de l\u2019Etat sont pleines pour certaines \u00aburgences\u00bb et pas d\u2019autres &#8230; 94 millions de doses de vaccins ont \u00e9t\u00e9 achet\u00e9es aupr\u00e8s des groupes pharmaceutiques: Sanofi, Novartis, GSK &#8230; <\/p>\n<p>Pour m\u00e9moire Roselyne Bachelot a travaill\u00e9 au moins 12 ans au service de l\u2019industrie pharmaceutique (de 1969 \u00e0 1976 pour ICI pharma, de 1984 \u00e0 1989 pour Soguipharm) \u2026 Rappelons que les laboratoires pharmaceutiques craignent pour leurs b\u00e9n\u00e9fices. Ils doivent faire face \u00e0 de nombreux d\u00e9fis: expiration des brevets, comp\u00e9tivit\u00e9 des g\u00e9n\u00e9riques, innovation et retours sur investissements dans la recherche et le d\u00e9veloppement faibles, durcissement des crit\u00e8res d\u2019homologation, difficult\u00e9s financi\u00e8res des r\u00e9gimes publics et priv\u00e9s de remboursements des d\u00e9penses maladies \u2026 Bref les laboratoires pharmaceutiques ne cracheraient pas sur du cash \u2026 Ca tombe bien H1N1 d\u00e9boule: l\u2019Allemagne a command\u00e9 50 millions de doses de vaccins, la Grande Bretagne 132, la Belgique 12,5, l\u2019Espagne 37, l\u2019Italie 48 &#8230; <\/p>\n<p>Le groupe anarchiste jes futuro, laisse \u00e0 d\u2019autres le soin de remonter la cha\u00eene politico sanitaire dans lesquels s\u2019enchev\u00eatrent: les int\u00e9r\u00eats priv\u00e9s de l\u2019industrie pharmaceutique, les int\u00e9r\u00eats de personnalit\u00e9s politiques, et les plans de carri\u00e8res des bureaucrates de l\u2019oms \u2026 Mais citons un extrait d\u2019un rapport de la cour des comptes de 2001 qui ne pr\u00e9sage rien de bon: \u00abLa politique du m\u00e9dicament est inf\u00e9od\u00e9e aux lobbies pharmaceutiques\u00bb. <\/p>\n<p>Ce qui nous int\u00e9resse c\u2019est l\u2019instrumentalisation faite par le pouvoir de la grippe A en cas de niveau 6, en France: par exemple la circulaire DGT 2009\/16 du 03 juillet 2009 dans le domaine du travail et la circulaire du 31 juillet 2009 \u00e9manant du secr\u00e9taire g\u00e9n\u00e9ral des services judiciaires. <\/p>\n<p>La circulaire DGT 2009\/16 incite les dirigeantes d\u2019entreprises, \u00e0 anticiper les cons\u00e9quences d\u2019une pand\u00e9mie pour leur soci\u00e9t\u00e9 (diminution des effectifs pr\u00e9sents sur le lieu de travail, indisponibilit\u00e9 simultan\u00e9e de plusieurs dirigeantes, &#8230;). Elle encourage l\u2019\u00e9laboration d\u2019un Plan de Continuit\u00e9 de l\u2019Activit\u00e9. <\/p>\n<p>Le patron peut adapter l\u2019organisation de son entreprise et le travail des salari\u00e9es via la n\u00e9gociation avec les instances repr\u00e9sentatives du personnel (accord d\u2019entreprise ou d\u2019\u00e9tablissement) ou \u00e0 d\u00e9faut par d\u00e9cision unilat\u00e9rale apr\u00e8s avis du comit\u00e9 d\u2019entreprise ou des d\u00e9l\u00e9gu\u00e9es du personnel. On imagine ce que pourraient devenir les conditions de travail des salari\u00e9es quand le patron aura d\u00e9finitivement les pleins droits ou quand on demandera aux r\u00e9pr\u00e9sentantes du personnel de choisir en pleine hyst\u00e9rie de niveau 6 entre les int\u00e9r\u00eats de leurs coll\u00e8gues et le patriotisme d\u2019entreprise! On rappelle aux patrons des articles du code du travail parmi les plus pourris ou on l\u2019am\u00e9nage &#8230; <\/p>\n<p>Quelques exemples: <\/p>\n<p>Dans la mesure o\u00fb l\u2019employeur a mis en oeuvre les dispositions pr\u00e9vues par le code du travail et les recommandations nationales visant \u00e0 assurer la sant\u00e9 et la s\u00e9curit\u00e9 des personnes, \u00able droit individuel de retrait des salari\u00e9s ne peut en principe s\u2019exercer\u00bb. Hors aucune disposition l\u00e9gale n\u2019interdit aux salari\u00e9es d\u2019exercer leur droit de retrait m\u00eame si les r\u00e8gles sont appliqu\u00e9es. Seul un juge est comp\u00e9tent pour \u00e9valuer la situation a posteriori. <\/p>\n<p>Le volume horaire et le nombre des t\u00e2ches peuvent augmenter par d\u00e9cision unilat\u00e9rale de l\u2019employeur. Le refus de l\u2019employ\u00e9e sauf s\u2019il\/elle est prot\u00e9g\u00e9e peut justifier un licenciement. <\/p>\n<p>En situation 5B ou 6 modification ou am\u00e9nagement de l\u2019ex\u00e9cution de la prestation du travail sont \u00abin\u00e9vitables\u00bb et demandent quelques sacrifices: <\/p>\n<p>&#8211; suspension du repos hebdomadaire (de 35h cons\u00e9cutives: 24h de repos hebdomadaire);<\/p>\n<p>-article L3132- 4 du code du travail);<\/p>\n<p>* d\u00e9rogation au repos quotidien de 11h cons\u00e9cutives (article D 3131-5); <\/p>\n<p>* d\u00e9rogation, \u00e0 la dur\u00e9e maximale hebdomadaire absolue de 48 h (dans la limite de 60h) (artcle L 3121-25), \u00e0 la dur\u00e9e maximale quotidienne de 8 heures des travailleurs-ses de nuit, pr\u00eat de main d\u2019oeuvre &#8230; <\/p>\n<p>S\u2019agissant des mesures parmi les plus importantes, telles que la d\u00e9rogation \u00e0 la dur\u00e9e maximale journali\u00e8re en cas de surcroit temporaire d\u2019activit\u00e9, ou la d\u00e9rogation \u00e0 la dur\u00e9e hebdomadaire maximum de 48h, l\u2019employeur serait encore dans l\u2019obligation de recevoir une autorisation administrative mais la circulaire invite l\u2019administration du travail \u00e0 \u00abfaire preuve de souplesse et de r\u00e9activit\u00e9\u00bb. <\/p>\n<p>La ciculaire DGT 2009\/16 est d\u00e9crite comme \u00abun phare dans la nuit, un document de r\u00e9f\u00e9rence pour aider les entreprises \u00e0 anticiper la pand\u00e9mie\u00bb &#8211; \u00e0 exploiter co\u00fbte que co\u00fbte oui!!. <\/p>\n<p>Maintenant voyons les effets de la grippe A H1N1 sur la justice. La circulaire du 31 juillet 2009 pr\u00e9voit en cas de pand\u00e9mie aggrav\u00e9e: de faire juger les mineures par le tribunal correctionnel, de confier toutes les audiences p\u00e9nales \u00e0 un seul magistrat, de r\u00e9duire les droits des personnes gard\u00e9es \u00e0 vue en particulier celui de s\u2019entretenir avec un avocat qui pourrait \u00eatre diff\u00e9r\u00e9 \u00e0 la 24 \u00e8me heure (!), de prolonger les d\u00e9lais de d\u00e9tention provisoire de 4 \u00e0 6 mois (!!) sans audience ni d\u00e9bat devant le juge des libert\u00e9s et de la d\u00e9tention. <\/p>\n<p>Que ce soit une simple grippette ou un agent de l\u2019apocalypse la grippe AH1N1 permet et permettra peut \u00eatre beaucoup de choses: des fortunes vont se faire sur le dos des contribuables, l\u2019\u00e9tat d\u2019urgence autorisera tous les d\u00e9bordements dans le monde du travail et dans la vie quotidienne. La \u00abFrance d\u2019en bas\u00bb celle qui a besoin de travailler pour vivre, celle qui a le plus souvent \u00e0 faire avec la Loi avec la Prison se retrouvera plus en difficult\u00e9 encore. Mais cela se fera avec son approbation &#8230;si \u00abla peste\u00bb et la peur font bien \u00ableur ouvrage\u00bb. Car la peur peut faire taire tout esprit critique et paralyser toute contestation. La peur et sa contagion \u00e9motionnelle sont des leviers int\u00e9ressants pour le pouvoir afin: de d\u00e9tourner l\u2019attention du peuple de sa triste condition, pour mettre en place une strat\u00e9gie plus s\u00e9curitaire &#8230; vers une d\u00e9mocratie blind\u00e9e une \u00abd\u00e9mokrature\u00bb. <\/p>\n<p>C\u2019est la peur qui a fabriqu\u00e9 des Bush, des Poutine, des Sharon, des Berlusconi, des le Pen et des &#8230; Sarkozy. <\/p>\n<p>L\u2019ins\u00e9curit\u00e9 c\u2019est l\u2019Etat! <\/p>\n<p>D\u00e9grippons le mouvement social!<\/p>\n<p><a href=\"https:\/\/groupeanarchistejesfuturo.over-blog.com\/\">Groupe anarchiste jes futuro<\/a> Lannion Octobre 2009<\/p>\n<p><strong> <em>1  Commentaire sous cet article<\/em> <\/strong><\/p>\n<p><strong>Qui commande notre politique sanitaire et ruine la securit\u00e9 sociale<\/strong> <\/p>\n<p><strong>Dynasties aux commande de notre politique sanitaire qui ruine la securit\u00e9 sociale et notre sant\u00e9 pour le plus grand profit des labos?<\/strong><\/p>\n<p>Je vous conseille de lire attentivement les enquetes de \u00abpharmacritique\u00bb, cela a l\u2019air un peu touffu au d\u00e9but mais tres vite les manipulateurs et leurs ficelles apparaissent clairement.<\/p>\n<p>Du site Pharmacritique Droit medical.com nous dit dans son article \u00abM\u00e9dicaments et argent\u00bb: \u00abC\u2019est sur un blog ind\u00e9pendant que Droit-medical.com a souhait\u00e9 attirer l\u2019attention des internautes. Il s\u2019agit de Pharmacritique, h\u00e9berg\u00e9 par le journal 20minutes.fr.\u00bb Des sujets tout aussi pertinents qu\u2019impertinents, relevant des actualit\u00e9s li\u00e9es \u00e0 la sant\u00e9 o\u00f9 sont point\u00e9es du doigt les incoh\u00e9rences d\u2019un syst\u00e8me privil\u00e9giant les int\u00e9r\u00eats financiers.<\/p>\n<p><a href=\"https:\/\/www.droit-medical.com\/actualites\/4-evolution\/236-pharmacritique-blog-qui-derange#ixzz0V6olJFH6\">Read more<\/a><\/p>\n<p>C\u2019est ainsi que vous apprendrez quelles dynasties sont aux commandes de notre politique sant\u00e9 qui aujourd\u2019hui ruine la s\u00e9cu, ravage notre sant\u00e9, mais remplit cyniquement les caisses des labos pharmaceutique.<\/p>\n<p>Ils ne s\u2019en vantent pas mais leurs noms nous sont tres familiers \u2026 alors un petit tour sur pharmacritiques pour savoir qui est<\/p>\n<p>I\u00b0) Aux commandes des labos voir \u00abPharmacritique\u00bb <\/p>\n<p>*Roselyne Bachelot: Ministre de la Sant\u00e9<\/p>\n<p>24.09.2009 Roselyne Bachelot a pass\u00e9 au moins 12 ans au service de l\u2019industrie pharmaceutique. Source de conflits d\u2019int\u00e9r\u00eats, par exemple dans la <a href=\"https:\/\/pharmacritique.20minutes-blogs.fr\/archive\/2009\/09\/24\/roselyne-bachelot-a-passe-20-ans-au-service-de-l-industrie-p.html#more\">vaccination massive contre la grippe A H1N1?<\/a><\/p>\n<p>*La famille Sarkozy:<\/p>\n<p>Nicolas Sarkozy le pr\u00e9sident (Ou le pillage par les labos des r\u00e9sultats de la recherche financ\u00e9e par le contribuable grace au \u00abpartenariat public-priv\u00e9\u00bb <a href=\"https:\/\/pharmacritique.20minutes-blogs.fr\/archive\/2009\/03\/05\/alzheimer-nouvelle-fondation-de-cooperation-scientifique-mai.html\">organis\u00e9 par le Pr\u00e9sident<\/a> [[<strong>Op\u00e9ration Sarkozy: comment la CIA a plac\u00e9 un de ses agents \u00e0 la pr\u00e9sidence de la R\u00e9publique fran\u00e7aise<\/strong> par <em>Thierry Meyssan<\/em>, <strong>Voltaire<\/strong>net.org, 19 juillet 2008<\/p>\n<p><img loading=\"lazy\" decoding=\"async\" class=\" aligncenter size-full wp-image-699\" src=\"https:\/\/marina.swarpeca.es\/revista\/wp-content\/uploads\/2009\/11\/sarkozy_bush.jpg\" alt=\"sarkozy_bush.jpg\" align=\"center\" width=\"400\" height=\"312\" srcset=\"https:\/\/marina.swarpeca.es\/revista\/wp-content\/uploads\/2009\/11\/sarkozy_bush.jpg 400w, https:\/\/marina.swarpeca.es\/revista\/wp-content\/uploads\/2009\/11\/sarkozy_bush-300x234.jpg 300w\" sizes=\"(max-width: 400px) 100vw, 400px\" \/><\/p>\n<p>Nicolas Sarkozy doit \u00eatre jug\u00e9 \u00e0 son action et non pas d\u2019apr\u00e8s sa personnalit\u00e9. Mais lorsque son action surprend jusqu\u2019\u00e0 ses propres \u00e9lecteurs, il est l\u00e9gitime de se pencher en d\u00e9tail sur sa biographie et de s\u2019interroger sur les alliances qui l\u2019ont conduit au pouvoir. Thierry Meyssan a d\u00e9cid\u00e9 d\u2019\u00e9crire la v\u00e9rit\u00e9 sur les origines du pr\u00e9sident de la R\u00e9publique fran\u00e7aise. Toutes les informations contenues dans cet article sont v\u00e9rifiables, \u00e0 l\u2019exception de deux imputations, signal\u00e9es par l\u2019auteur qui en assume seul la responsabilit\u00e9.<\/p>\n<p>(&#8230;) Pour comprendre comment un homme en qui tous s\u2019accordent aujourd\u2019hui \u00e0 voir l\u2019agent des \u00c9tats-Unis et d\u2019Isra\u00ebl a pu devenir le chef du parti gaulliste, puis le pr\u00e9sident de la R\u00e9publique fran\u00e7aise, il nous faut revenir en arri\u00e8re. Tr\u00e8s en arri\u00e8re. Il nous faut emprunter une longue digression au cours de laquelle nous pr\u00e9senterons les protagonistes qui trouvent aujourd\u2019hui leur revanche.<\/p>\n<p><a href=\"https:\/\/www.voltairenet.org\/article157210.html#nh1\">Pour lire l&#8217;article original, en fran\u00e7ais<\/a> <\/p>\n<p><a href=\"https:\/\/www.voltairenet.org\/article157660.html#article157660\">Para leerlo en castellano<\/a><\/p>\n<p><a href=\"https:\/\/www.voltairenet.org\/article157821.html\">To read it in english<\/a>.]].<\/p>\n<p>Fran\u00e7ois Sarkozy: et Sanofi-Aventis (labo n\u00ba 1 mondial en mati\u00e8re de profit pour l\u2019ann\u00e9e 2009)->https:\/\/pharmacritique.20minutes-blogs.fr\/archive\/2009\/03\/05\/alzheimer-nouvelle-fondation-de-cooperation-scientifique-mai.html]<\/p>\n<p>\u00abNotons aussi un nom familier et tr\u00e8s engag\u00e9, lui aussi pr\u00e9sent: il s\u2019agit du Dr Fran\u00e7ois Sarkozy, qui a d\u00e9laiss\u00e9 la p\u00e9diatrie au nom de son amour pour l\u2019industrie pharmaceutique et pour la g\u00e9riatrie. Cet amour l\u2019a m\u00eame pouss\u00e9 \u00e0 fonder une cha\u00eene de t\u00e9l\u00e9vision sur internet appel\u00e9e <em>LongeviTV<\/em>. Dont l\u2019un des financeurs \/ sponsors est Sanofi Aventis.<\/p>\n<p>Annon\u00e7ant la future cha\u00eene de t\u00e9l\u00e9vision, et avec l\u2019attitude critique qu\u2019on lui conna\u00eet, <em>Le Figaro<\/em> titrait le 16 avril 2008 \u00ab<em>Fran\u00e7ois Sarkozy, un parcours sans faute dans la sant\u00e9<\/em>\u00ab.<\/p>\n<p>On y apprenait la reconversion \u00ab<em>dans le conseil en strat\u00e9gie et en organisation,<\/em> [puisque Fran\u00e7ois Sarkozy] <em>vient de prendre la pr\u00e9sidence d\u2019AEC Partners, important cabinet \u0153uvrant dans le domaine de la sant\u00e9, dont il est associ\u00e9 depuis 2001<\/em>\u00ab. <em>Le Figaro<\/em> nous apprend \u00ab<em>que l\u2019industrie pharmaceutique<\/em> [le] <em>happa rapidement<\/em>\u00ab, ce qui est naturel pour celui qui se reconna\u00eet \u00ab<em>une \u00e2me d\u2019entrepreneur<\/em>\u00ab: \u00ab<em>De Roussel Uclaf \u00e0<\/em> [Sanofi] <em>Aventis en passant par Hoechst Marion Roussel, dipl\u00f4me de l\u2019Insead en poche aussi, il y a imprim\u00e9 sa marque en France et \u00e0 l\u2019international durant dix ans. Il est aussi depuis 2005 vice-pr\u00e9sident du conseil de la soci\u00e9t\u00e9 de biotech cot\u00e9e Bio Alliance Pharma<\/em> [[C\u2019est la <strong>Bio Alliance Pharma<\/strong> qui a fait parler d\u2019elle au moment des l\u2019aventure des pieds nickel\u00e9s engag\u00e9s dans le soit-disant sauvetage des enfants du Darfour en maquillant des enfants du Tchad en orphelins du Darfour: <a href=\"https:\/\/www.prs12.com\/spip.php?article4552\">gauchemip.org<\/a>.]]\u00bb. On peut dire donc que, c\u00f4t\u00e9 strat\u00e9gie, il s\u2019y conna\u00eet.<\/p>\n<p>05.03.2009 Plan Alzheimer et conflits d\u2019int\u00e9r\u00eats: les Sarkozy, Sanofi, recherche publique, franchises m\u00e9dicales &#8230; <a href=\"https:\/\/pharmacritique.20minutes-blogs.fr\/archive\/2009\/03\/05\/alzheimer-nouvelle-fondation-de-cooperation-scientifique-mai.html\">Les deniers publics feront les profits priv\u00e9s<\/a><\/p>\n<p>L\u2019un des principaux sympt\u00f4mes de la maladie d\u2019Alzheimer, c\u2019est une alt\u00e9ration de la m\u00e9moire. Exer\u00e7ons-l\u00e0 un peu, alors. Pour voir Sanofi profits Journal des Finances.gif comment les maillons de la cha\u00eene politico-sanitaire s\u2019enchev\u00eatrent avec les gros int\u00e9r\u00eats priv\u00e9s de l\u2019industrie pharmaceutique, et ce depuis la famille Sarkozy jusqu\u2019\u00e0 notre firme nationale, Sanofi Aventis. L\u2019imbrication est parfois directe, parfois par maillons interpos\u00e9s, comme il se doit dans tout r\u00e9seau.<\/p>\n<p>La maladie d\u2019Alzheimer ne semble pas avoir \u00e9t\u00e9 choisie par hasard par Nicolas Sarkozy, mais ce n\u2019est pas la premi\u00e8re fois que des initiatives pr\u00e9sidentielles confortent les int\u00e9r\u00eats \u00e9conomiques priv\u00e9s de ses proches \u2026<\/p>\n<p><strong>J\u2019ajouterai une info trouv\u00e9 ailleurs que dans pharmacritique<\/strong><\/p>\n<p>&#8211; Guillaume Sarkozy aux commandes de la mutuelle \u00abM\u00e9d\u00e9ric\u00bb (ou Ruinons la s\u00e9cu et d\u00e9remboursons pour les plus grands profits des mutuelles priv\u00e9es, surtout celles dirig\u00e9es par le frerot).<\/p>\n<p>\u00abAncien vice-pr\u00e9sident de la CNAM. Il est membre de la Fondation Concorde (Think Tank). Le premier septembre 2006, il succ\u00e8de \u00e0 R\u00e9gis de Laroulli\u00e8re et devient le d\u00e9l\u00e9gu\u00e9 g\u00e9n\u00e9ral du Groupe M\u00e9d\u00e9ric, troisi\u00e8me Institution paritaire de protection sociale compl\u00e9mentaire en France. En 2008, il est le nouveau pr\u00e9sident du Monde Pr\u00e9voyance, Depuis le 30 juin 2008, il est le d\u00e9l\u00e9gu\u00e9 g\u00e9n\u00e9ral du Groupe Malakoff M\u00e9d\u00e9ric, issu de la fusion de deux acteurs historiques de la protection sociale compl\u00e9mentaire, M\u00e9d\u00e9ric et le Groupe Malakoff\u00bb.<\/p>\n<p>Nous ne ferons que citer en passant Olivier Sarkozy homme d\u2019affaire franco-am\u00e9ricain. Il est le demi-fr\u00e8re du Pr\u00e9sident fran\u00e7ais Nicolas Sarkozy et est \u00e0 la direction du Groupe Carlyle.<\/p>\n<p>****Et aux commandes de l\u2019information medicale des m\u00e9decins et de la population: voir Pharmacritique.<\/p>\n<p>&#8211; <a href=\"https:\/\/pharmacritique.20minutes-blogs.fr\/archive\/2009\/03\/05\/alzheimer-nouvelle-fondation-de-cooperation-scientifique-mai.html\">Gerard Kouchner<\/a> <\/p>\n<p>Mais les conflits d\u2019int\u00e9r\u00eats, c\u2019est une habitude chez nous, dans ce pays plein de dynasties, malgr\u00e9 les apparences r\u00e9publicaines. Bernard Kouchner et G\u00e9rard Kouchner en sant\u00e9 les illustrent eux aussi tr\u00e8s bien. L\u2019un ministre -de la sant\u00e9 ou autre-, l\u2019autre patron de la presse m\u00e9dicale publicitaire et gratuite, dont Pharmacritique a comment\u00e9 la qualit\u00e9 et l\u2019ind\u00e9pendance (sic) dans la note \u00ab<em>Presse m\u00e9dicale: nos g\u00e9n\u00e9ralistes sont en bonnes mains pour le lavage pharmaceutique du cerveau. Jugez par vous-m\u00eames<\/em>\u00bb <a href=\"https:\/\/pharmacritique.20minutes-blogs.fr\/archive\/2009\/03\/05\/alzheimer-nouvelle-fondation-de-cooperation-scientifique-mai.html\">Voir Pharmacritique<\/a><\/p>\n<p>Nous verrons ce que pense G\u00e9rard Kouchner -\u00e0 la t\u00eate d\u2019un empire de presse et de communication qui comprend aussi le journal susmentionn\u00e9, ainsi que Le Quotidien du Pharmacien, Le G\u00e9n\u00e9raliste, etc.\u2013 des reproches faits \u00e0 cette presse cadeau\u2026<\/p>\n<p>C\u2019est un sacr\u00e9 soutien qu\u2019a la presse m\u00e9dicale, et solide qui plus est, vu les profits record des firmes et les sommes investies dans la formation et l\u2019information des m\u00e9decins g\u00e9n\u00e9ralistes, estim\u00e9es \u00e0 23.000 euros (par an et par g\u00e9n\u00e9raliste) par les rapports de l\u2019IGAS (Inspection g\u00e9n\u00e9rale des affaires sociales)! Aucun usager ne pourra plus dire qu\u2019il ne sait pas pourquoi son m\u00e9decin lui prescrit le dernier m\u00e9dicament miracle, hyper cher, certes, mais r\u00e9-vo-lu-tion-naire! Puisque cette liste -qui n\u2019est pas compl\u00e8te, car elle ne porte que sur cette s\u00e9rie de pages sp\u00e9ciales\u2013 nous dit qui porte la culotte, tire les ficelles et chaperonne attentivement nos soignants, \u00e0 coups de publicit\u00e9s dans le Quotidien du M\u00e9decin et autres Panorama du m\u00e9decin, Le G\u00e9n\u00e9raliste, Impact m\u00e9decine, etc.<\/p>\n<p><strong>Qui est Gerard Kouchner?<\/strong><\/p>\n<p>Je n\u2019ai pas racont\u00e9 cette anecdote pour rien (et pas seulement pour faire un clin d\u2019\u0153il \u00e0 mon g\u00e9n\u00e9raliste ;-)). Il se trouve qu\u2019un G. Kouchner Pharmaceutiques.pngm\u00e9decin vient de m\u2019envoyer un lien tr\u00e8s int\u00e9ressant \u2026<\/p>\n<p>G\u00e9rard Kouchner, fr\u00e8re de Bernard Kouchner dans cette R\u00e9publique cens\u00e9e avoir aboli les dynasties, est le Pr\u00e9sident du Syndicat National de la Presse Medicale (SNPM), mais aussi le Pr\u00e9sident du Medec, que Pharmacritique consid\u00e8re comme un parangon de vertus d\u2019ind\u00e9pendance &#8230; Je renvoie \u00e0 notre note tr\u00e8s claire au sujet du Medec et de sa raison d\u2019\u00eatre, avec mes excuses pour ne pas avoir nomm\u00e9 M. Kouchner, dont je ne connaissais pas l\u2019existence \u00e0 cette \u00e9poque. Mauvais travail, autant pour Pharmacritique ! \ud83d\ude09<\/p>\n<p>Mais commen\u00e7ons par les pr\u00e9sentations, parce qu\u2019elles montrent de quel empire de business et de communication la presse cadeau (M\u00e9dicale) fait partie: Thermalies, composante du groupe de Kouchner, pr\u00e9sente celui-ci: m\u00e9decin, puis \u00abchef des informations m\u00e9dicales au Quotidien du M\u00e9decin, avant de fonder, en 1983, les \u00c9ditions de l\u2019Interligne (\u00c9ditions m\u00e9dicales et scientifiques)\u00bb. Depuis 2004, Kouchner est pr\u00e9sident de CMP Medica France. \u00abCe groupe, filiale du groupe anglais cot\u00e9 en bourse, UBM (United Business Media) est le leader fran\u00e7ais de la communication m\u00e9dicale B to B. Ses activit\u00e9s extr\u00eamement diversifi\u00e9es sont organis\u00e9es autour de trois grands p\u00f4les de comp\u00e9tences:<\/p>\n<p>&#8211; les bases de donn\u00e9es de M\u00e9dicaments, avec le Vidal,<\/p>\n<p>&#8211; un p\u00f4le presse m\u00e9dicale et pharmaceutique, \u00e9diteurs de 3 titres majeurs: Le Quotidien du M\u00e9decin, Le Quotidien du Pharmacien et Le G\u00e9n\u00e9raliste.<\/p>\n<p>&#8211; un p\u00f4le \u00ab\u00e9v\u00e8nements\u00bb qui regroupe \u00e0 la fois Le Medec, 1er congr\u00e8s fran\u00e7ais de M\u00e9decine G\u00e9n\u00e9rale, H\u00f4pital Expo et G\u00e9roCadeaux aux m\u00e9decins Carlat.jpgnt Expo, et le salon des Thermalies\u00bb.<\/p>\n<p><em>27 octobre 2009 09:54, par caduc\u00e9e<\/em> <\/p>\n<p>&#8211; <a href=\"https:\/\/lille.indymedia.org\/article17957.html\">Link: Lille Indymedia<\/a><\/p>\n","protected":false},"excerpt":{"rendered":"<p>Sur-m\u00e9diatis\u00e9e la menace d\u2019une grippe exterminatrice inqui\u00e8te les populations du monde entier. La Banque Mondiale s\u2019alarme et \u00e9value \u00e0 3000 milliards de dollars le co\u00fbt d\u2019une pand\u00e9mie de la gravit\u00e9 de la grippe espagnole de 1918-1920. Pourtant la grippe A H1N1 s\u2019av\u00e8re moins dangereuse que la grippe saisonni\u00e8re. Pourtant elle garde le devant de la sc\u00e8ne \u00e9clipsant au passage les famines, les guerres, le sida, la crise \u00e9conomique mondiale, la question sociale &#8230; <\/p>\n","protected":false},"author":1,"featured_media":698,"comment_status":"closed","ping_status":"open","sticky":false,"template":"","format":"standard","meta":{"footnotes":""},"categories":[32],"tags":[],"_links":{"self":[{"href":"https:\/\/marina.swarpeca.es\/revista\/wp-json\/wp\/v2\/posts\/700"}],"collection":[{"href":"https:\/\/marina.swarpeca.es\/revista\/wp-json\/wp\/v2\/posts"}],"about":[{"href":"https:\/\/marina.swarpeca.es\/revista\/wp-json\/wp\/v2\/types\/post"}],"author":[{"embeddable":true,"href":"https:\/\/marina.swarpeca.es\/revista\/wp-json\/wp\/v2\/users\/1"}],"replies":[{"embeddable":true,"href":"https:\/\/marina.swarpeca.es\/revista\/wp-json\/wp\/v2\/comments?post=700"}],"version-history":[{"count":0,"href":"https:\/\/marina.swarpeca.es\/revista\/wp-json\/wp\/v2\/posts\/700\/revisions"}],"wp:featuredmedia":[{"embeddable":true,"href":"https:\/\/marina.swarpeca.es\/revista\/wp-json\/wp\/v2\/media\/698"}],"wp:attachment":[{"href":"https:\/\/marina.swarpeca.es\/revista\/wp-json\/wp\/v2\/media?parent=700"}],"wp:term":[{"taxonomy":"category","embeddable":true,"href":"https:\/\/marina.swarpeca.es\/revista\/wp-json\/wp\/v2\/categories?post=700"},{"taxonomy":"post_tag","embeddable":true,"href":"https:\/\/marina.swarpeca.es\/revista\/wp-json\/wp\/v2\/tags?post=700"}],"curies":[{"name":"wp","href":"https:\/\/api.w.org\/{rel}","templated":true}]}}