{"id":684,"date":"2009-11-16T02:34:03","date_gmt":"2009-11-16T02:34:03","guid":{"rendered":"https:\/\/marina.swarpeca.es\/revista\/2009\/11\/16\/nosotros-somos-la-solucion-16-de-noviembre-accion-de-medios-ante-la-fao\/"},"modified":"2009-11-16T02:34:03","modified_gmt":"2009-11-16T02:34:03","slug":"nosotros-somos-la-solucion-16-de-noviembre-accion-de-medios-ante-la-fao","status":"publish","type":"post","link":"https:\/\/marina.swarpeca.es\/revista\/nosotros-somos-la-solucion-16-de-noviembre-accion-de-medios-ante-la-fao\/","title":{"rendered":"\u00abNosotros somos la soluci\u00f3n: 16 de noviembre, acci\u00f3n de medios ante la FAO\u00bb"},"content":{"rendered":"<p>Pero para ello se requieren pol\u00edticas adecuadas y justas. Las directrices pol\u00edticas deber\u00edan enfocarse hacia un verdadero apoyo a la agricultura familiar. Se reclama con urgencia que la tierra vuelva a las manos de los peque\u00f1os agricultores. Una verdadera reforma agraria \u2013pendiente desde hace tantas d\u00e9cadas- har\u00eda mucho m\u00e1s por el clima que el mejor tratado que surja en Copenhague!<\/p>\n<p>Sabemos lo que hay que hacer: no es posible que m\u00e1s de mil millones de personas padezcan hambre! Y la mayor\u00eda, el 80%, son productores y productoras de alimentos a peque\u00f1a escala, Pueblos Ind\u00edgenas, trabajadores y trabajadoras rurales que no pueden vivir de su trabajo. <\/p>\n<p>Necesitamos tambi\u00e9n pol\u00edticas p\u00fablicas que sit\u00faen en el centro, y con una participaci\u00f3n activa, a quienes producimos los alimentos que el mundo consume. Se deben adoptar medidas que hagan posible la soberan\u00eda alimentaria de los pueblos. Que promuevan el derecho de los pueblos a controlar sus recursos naturales. <\/p>\n<p>En la apertura del Foro tanto el Alcalde de Roma, Sr. Gianni Alemano como el Director General de la FAO, Sr. Jacques Diouf han reconocido que la crisis alimentaria y clim\u00e1tica tiene respuesta en los movimientos rurales. Ahora, en la Cumbre Mundial, tienen la oportunidad de demostrarnos que creen en sus propias palabras.<\/p>\n<p>Para reclamar nuestros derechos y para mostrar que podemos alimentar y enfriar al planeta, m\u00e1s de 500 representates de la sociedad civil de todos los pa\u00edses organizaremos un evento contundente e imaginativo frente a los Jefes de Estado.<\/p>\n<p>Les esperamos en las carpas en frente de la FAO para un encuentro con los medios de comunicaci\u00f3n: en Plaza de Porta Capena. <\/p>\n<p><strong>NO m\u00e1s OGM<\/strong><\/p>\n<p><strong>NO a la especulaci\u00f3n financiera con los alimentos<\/strong><\/p>\n<p><strong>NO al nuevo acaparamiento de tierras<\/strong><\/p>\n<p><strong>NO al cultivo de agrocombustibles<\/strong><\/p>\n<p><strong>NO a la pesca industrial<\/strong><\/p>\n<p><strong>El sistema de Produccion Alimentaria de los Pueblos Ind\u00edgenas como aporte para el futuro!<\/strong><\/p>\n<p><strong>\u00a1\u00a1\u00a1Por la Soberan\u00eda Alimentaria, ahora!!!<\/strong><\/p>\n<p>Contactos para la prensa: 349 0068499 \/ 3348962734<\/p>\n<p>&#8211; <a href=\"https:\/\/peoplesforum2009.foodsovereignty.org\/es\/nosotros_somos_la_solucion_16_de_noviembre_accion_de_medios_de_delante_del_fao\">Fuente: Soberan\u00eda Alimentaria de los Pueblos<\/a>.<\/p>\n<hr \/>\n<hr \/>\n<p><em>People&#8217;s Food Sovereignty, 15 November 2009<\/em><\/p>\n<p><strong>Food producers speak out against the global hijack of their food production resources<\/strong><\/p>\n<p>Small food producers have been saying for years that they can easily feed the world if they are given control over local land, water and biodiversity. Yet, as the number of hungry people in the world continues to grow vertiginously, small farmers, pastoralists, fisherfolk and indigenous peoples are being robbed of this control on an even heavier scale.<\/p>\n<p><a href=\"https:\/\/peoplesforum2009.foodsovereignty.org\/es\/food_producers_speak_out_against_the_global_hijack_of_their_food_production_resources\">Read more<\/a>. <\/p>\n<hr \/>\n<hr \/>\n<p><em>15 November 2009<\/em> <\/p>\n<p><strong>Dal Forum risposte alla Nestl\u00e9<\/strong><\/p>\n<p>Andrea Ferrante, presidente dell&#8217;Associazione Italiana Agricoltura Biologica risponde: \u00ab<em>La Nestl\u00e9 \u00e8 uno degli attori principali del deprezzamento dei prodotti agricoli fatti dai contadini, e dunque uno dei responsabili dell&#8217;impossibilit\u00e0 dei produttori del Sud del mondo di commercializzare i loro prodotti sul mercato locale. Valga un esempio su tutti: il caso del latte in polvere venduto dalla multinazionale nei paesi in via di sviluppo<\/em>\u00ab.<\/p>\n<p><a href=\"https:\/\/peoplesforum2009.foodsovereignty.org\/es\/dal_forum_risposte_alla_nestle\">Read more<\/a>.<\/p>\n<hr \/>\n<hr \/>\n<p><em>15 November 2009<\/em><\/p>\n<p><strong>El Desierto<\/strong><\/p>\n<p>Al norte de Chile hay un desierto enorme, Atacama, el m\u00e1s \u00e1rido del Planeta. Aqu\u00ed en Roma se encuentra una de sus pobladoras, Florencia Arostica, representando a la organizaci\u00f3n <em>Anamuri<\/em>, la Asociaci\u00f3n Nacional de Mujeres Rurales e Ind\u00edgenas. Me dice que en sus tierras o llueve cada diez a\u00f1os o no llueve nunca.<\/p>\n<p><a href=\"https:\/\/peoplesforum2009.foodsovereignty.org\/es\/el_desierto\">Read more<\/a>.<\/p>\n<hr \/>\n<hr \/>\n<p><em>15 November 2009<\/em><\/p>\n<p><strong>Indigenous Peoples Make Urgent Appeal for Food Sovereignty<\/strong><\/p>\n<p>(Rome, Italy) Indigenous Peoples arrived in Rome on Friday to participitate in the Global Indigenous Peoples&#8217; Food Sovereignty Forum, taking place from November 13th to 16th. The Forum is a part of \u201c<em>People&#8217;s Food Sovereignty Now!<\/em>\u201d, the Civil Society Organizations&#8217; forum, parallel to the United Nations World Summit on Food Security, from November 16th to 18th at the headquarters of the UN Food and Agricultural Organization.<\/p>\n<p><a href=\"https:\/\/peoplesforum2009.foodsovereignty.org\/es\/indigenous_peoples_make_urgent_appeal_for_food_sovereignty\">Read more<\/a>.<\/p>\n<hr \/>\n<hr \/>\n<p><em>15 November 2009<\/em><\/p>\n<p><strong>Land grabbing in Madagascar<\/strong><\/p>\n<p><em>Ralava Beboarimisa: Collectif pour la Defense des Terres Malgaches (TANY)<\/em><\/p>\n<p>\u201c<em>Lo scorso anno, in Madagascar la multinazionale coreana Daewoo ha ottenuto dal governo la cessione in leasing per 99 anni di 1.3 milioni di ettari di terra, la met\u00e0 della superficie agricola del paese. L&#8217;intenzione della compagnia era di inpiantare monoculture di mais e alberi di palma per farne agrocombustibili e materie prime da importare in Corea.<\/p>\n<p>Il governo non aveva avvisato la popolazione di questo accordo in corso, e lo abbiamo saputo soltanto da un articolo del \u201cFinancial Times\u201d. Diverse associazioni si sono messe insieme per protestare contro questo accordo: intanto, per un problema di carattere culturale.<\/p>\n<p>Accanto ad ogni citt\u00e0 in Madagascar ci sono delle aree con le sepolture dei nostri antenati, che per noi sono sacre, dove svolgiamo le cerimonie religiose. Molte di queste aree sono nei terreni che la compagnia coreana vuole acquistare<\/em>.<\/p>\n<p><a href=\"https:\/\/peoplesforum2009.foodsovereignty.org\/es\/land_grabbing_in_madagascar\">Read more<\/a>.<\/p>\n<hr \/>\n<hr \/>\n<p><em>15 November 2009<\/em><\/p>\n<p><strong>En Roma las alianzas se consolidan<\/strong><\/p>\n<p>\u00ab<em>En este Foro de los Pueblos por la Soberan\u00eda Alimentaria<\/em> -explica Paul Nicholson de <em>La V\u00eda Campesina<\/em>&#8211; <em>estoy palpando un clima y una voluntad de alianzas de la sociedad civil, realmente estremecedor<\/em>\u00ab. M\u00e1s de 140 personas de los cinco continentes de muy diferentes colectivos est\u00e1n trabajando durante dos d\u00edas en un espacio de debates y reflexi\u00f3n sobre la creaci\u00f3n de redes y alianzas.<\/p>\n<p><a href=\"https:\/\/peoplesforum2009.foodsovereignty.org\/es\/en_roma_las_alianzas_se_consolidan\">Read more<\/a>.<\/p>\n<hr \/>\n<hr \/>\n<p><em>15 November 2009<\/em><\/p>\n<p><strong>Sobre los pescadores en roma<\/strong> <\/p>\n<p>El mar se calienta. Eso dicen los expertos en el cambio clim\u00e1tico. Y seguro que es cierto. Aqu\u00ed en Roma, a\u00fan sin costa a la vista, se detectan las tensiones y dificultades que en los \u00faltimos a\u00f1os dificultan, y mucho, el vivir de las comunidades de pescadores. Son muchas las intervenciones en todos los espacios del <em>Foro de los Pueblos por la Soberan\u00eda Alimentaria<\/em> de los representantes de la pesca artesanal que hasta aqu\u00ed llegaron.<\/p>\n<p><a href=\"https:\/\/peoplesforum2009.foodsovereignty.org\/es\/sobre_los_pescadores_en_roma\">Read more<\/a>.<\/p>\n<hr \/>\n<hr \/>\n<p><em>15 November 2009<\/em> <\/p>\n<p><strong> Why is Windel angry?<\/strong><\/p>\n<p>Coming from the mountainous areas of Northern Luzon in the Philippines, Windel Bolinget from the <em>Cordilleras Peoples\u2019 Alliance<\/em> observes the ongoing destruction of the indigenous peoples lands for dams, mining and logging, which also leads to militarization of the region. This does not only violate the rights of the indigenous peoples to self determination and is a threat to their survival. It also contributes to global warming and therefore to more vulnerability to food insecurity. Although being an agricultural country, the Philippines have been hit hard by the food crises and high food prices, reducing the access to food for many people. He sees sustainable agriculture and traditional knowledge as an alternative to the \u201c<em>bankrupt, destructive capitalist systems<\/em>\u201d. \u201c<em>We have to know our enemies, who control the means to produce food<\/em>\u201d, he says. \u201c<em>But we also have to know our allies<\/em>\u201d. Because global warming, negative impacts on agriculture and rising food prices don\u2019t affect only indigenous peoples, they hit poor urban consumers hard too.<\/p>\n<hr \/>\n<hr \/>\n<p><em>15 November 2009<\/em><\/p>\n<p><strong>From the Forum answers to the Nestl\u00e9<\/strong><\/p>\n<p>\u201c<em>We were food sufficient, but when big companies like \u201cNestle\u201d and others enter into the food business, we are facing food crisis. And therefore our demand is that such companies should get out from business. We can manage on our own without any support from them<\/em>\u201d. <\/p>\n<p><em>Anil K. Singh, South Asian Network for Social &#038; Agricultural Development<\/em><\/p>\n<hr \/>\n<hr \/>\n<p><em>15 November 2009<\/em><\/p>\n<p><strong>From the Forum answers to Nestl\u00e9<\/strong><\/p>\n<p>\u201c<em>When back in the 1970s the Swiss NGO Berne Declaration blamed Nestle that it would \u201ckill babies\u201d because of its infant formula, a Swiss judge ruled in favour of Nestle and fined Berne Declaration for defamation, but he also declared: \u2018Yes, Nestle does kill babies, but they don\u2019t do it intentionally<\/em>\u201d.<\/p>\n<p><em>Pat Mooney, etc Group<\/em><\/p>\n<hr \/>\n<hr \/>\n<p><em>15 November 2009<\/em><\/p>\n<p><strong>Desde el Foro respuestas a la Nestl\u00e9<\/strong> <\/p>\n<p>El pasado d\u00eda 12 en la reuni\u00f3n de di\u00e1logo entre la FAO y el sector privado, en Mil\u00e1n, gener\u00f3 algunas delegaciones que no podemos obviar. En concreto el Presidente de Nestl\u00e9, la compa\u00f1\u00eda de alimentos m\u00e1s grande del mundo, Sr. Peter Brabeck-Letmathe denunci\u00f3 que \u00ab<em>es desalentador ver con qu\u00e9 facilidad un grupo de bien intencionados y bien alimentados activistas pueden decidir sobre las nuevas tecnolog\u00edas en detrimento de los que est\u00e1n muriendo de hambre<\/em>\u00ab.<\/p>\n<p><a href=\"https:\/\/peoplesforum2009.foodsovereignty.org\/es\/desde_el_foro_respuestas_a_la_nestle\">Read more<\/a>.<\/p>\n<hr \/>\n<hr \/>\n<p><em>15 November 2009<\/em><\/p>\n<p><strong>Los Jovenes del Mundo Rural<\/strong><\/p>\n<p>En una de las carpas sembradas en los campos del antiguo matadero de Roma, se han reunido j\u00f3venes de todos los continentes para debatir sobre su futuro en el mundo rural.<\/p>\n<p><a href=\"https:\/\/peoplesforum2009.foodsovereignty.org\/es\/los_jovenes_del_mundo_rural\">Read more<\/a>. <\/p>\n<hr \/>\n<hr \/>\n<p><em>15 November 2009<\/em><\/p>\n<p><strong>From the Forum answers to Nestl\u00e9<\/strong> <\/p>\n<p>\u201cNestl\u00e9 should be ashamed because it is the practices of claiming ownership over genetic resources and producing seeds that don\u2019t reproduce generation after generation do more harm to society than good in a manner that has not proven to be more productive, safer for human consumption and safe for the environment\u201d.<\/p>\n<p><em>Debra Harry, Indigenous Peoples Council on Biocolonialism<\/em><\/p>\n<hr \/>\n<hr \/>\n<p><em>15 November 2009<\/em><\/p>\n<p><strong>Viene el lobo<\/strong><\/p>\n<p><em>Galicia Hoxe<\/em> <\/p>\n<p>Asunci\u00f3n Carandell, compa\u00f1era del poeta Jos\u00e9 Agust\u00edn Goytisolo, me dec\u00eda recientemente que deb\u00edamos \u201c<em>buscar alg\u00fan m\u00e9dico que supiera escribir de una forma muy expresiva lo que es el hambre<\/em>\u201d. Bernard Shaw escribi\u00f3 \u201c<em>que el escalofr\u00edo de la pobreza nunca deja de recorrerte los huesos<\/em>\u201d, y sin pretender ser yo quien le d\u00e9 la respuesta acertada a Asunci\u00f3n \u2013nac\u00ed en la orilla que se nutre de las otras riberas- quiz\u00e1s, el hambre, sea algo parecido a eso, un escalofr\u00edo permanente.<\/p>\n<p><a href=\"https:\/\/peoplesforum2009.foodsovereignty.org\/es\/viene_el_lobo\">Read more<\/a>.<\/p>\n<hr \/>\n<hr \/>\n<p><em>15 November 2009<\/em><\/p>\n<p><strong>This is the place where to go during the World Summit on Food Security<\/strong><\/p>\n<p>While the heads of state and governments will meet in the stately buildings of the UN-Organisation for Food and Agriculture, FAO, getting all the attention of the media, just one Metro station away there are hundreds of people from all over the world gathering, who have from their own experiences the stories about real hunger, about land grabbing and eviction, about discrimination because they are women and about the neglect of their knowledge and their traditions.<\/p>\n<p><a href=\"https:\/\/peoplesforum2009.foodsovereignty.org\/es\/this_is_the_place_where_to_go_during_the_world_summit_on_food_security\">Read more<\/a>.<\/p>\n<hr \/>\n<hr \/>\n<p><em>3 November 2009<\/em><\/p>\n<p><strong>The Civil Society Forum: People\u2019s Food Sovereignty Now! welcomes support from Brazil<\/strong><\/p>\n<p>For the first time ever, a country from the South has made a financial contribution to a Civil Society forum in Rome. The government of Brazil has just contributed $40.000 to the Civil Society Forum: People\u2019s Food Sovereignty Now! that will be held in parallel to the World Summit for Food Security.<\/p>\n<p>Sofia Monsalve, member of the International Steering Committee responsible for the organization of the Civil Society Forum, and of FIAN (FoodFirst Information and Action Network) said \u00ab<em>The generous grant from Brazil to the forum is most welcome. It is in recognition of the support given by social movements and other CSOs to countries of the South that have been defending a democratic space in the UN&#8217;s food governance system<\/em>\u00bb.<\/p>\n<p><a href=\"https:\/\/peoplesforum2009.foodsovereignty.org\/es\/the_civil_society_forum_people_s_food_sovereignty_now_welcomes_support_from_brazil\">Read more<\/a>. <\/p>\n<hr \/>\n<hr \/>\n<p><em>4 November 2009<\/em><\/p>\n<p><strong>Foro de la Sociedad Civil paralelo a la cumbre de la FAO<\/strong><\/p>\n<p><strong>\u00a1Paremos la crisis, cambiemos el sistema alimentario!<\/strong><\/p>\n<p>Del 13 al 17 noviembre se reunir\u00e1n en Roma m\u00e1s de 400 delegados (el n\u00famero depender\u00e1 de la disponibilidad de fondos de 70 pa\u00edses diferentes en representaci\u00f3n de organizaciones de peque\u00f1os productores de alimentos, organizaciones de agricultores, pescadores, pueblos ind\u00edgenas, trabajadores rurales y de la alimentaci\u00f3n, juventud rural, mujeres y grupos transhumantes, adem\u00e1s de habitantes de ciudades afectados por la inseguridad alimentaria y ONG, con motivo de una iniciativa paralela a la Cumbre Mundial sobre Seguridad Alimentaria organizada por la FAO. El Foro de la Sociedad Civil: <strong>Soberan\u00eda Alimentaria de los Pueblos Ahora!<\/strong> est\u00e1 auspiciado por un Comit\u00e9 de Pilotaje Internacional (CPI) formado por diversas Organizaciones de la Sociedad Civil (OSC) que representan a los productores de alimentos y a los pueblos afectados.<\/p>\n<p><a href=\"https:\/\/peoplesforum2009.foodsovereignty.org\/es\/foro_de_la_sociedad_civil_paralelo_a_la_cumbre_de_la_fao\">Read more<\/a>. <\/p>\n<hr \/>\n<hr \/>\n<p><em>9 November 2009<\/em> <\/p>\n<p><strong>S\u00f3lo falta una semana para dar inicio al Foro, demos un vistazo al programa<\/strong><\/p>\n<p>Queda s\u00f3lo una semana para la apertura del CSO Foro: Soberan\u00eda Alimentaria de los Pueblos ahora! En el Foro participar\u00e1n alrededor de 600 personas, incluidos delegados y delegadas y observadores y observadoras, que se encontrar\u00e1n en Roma del 13 al 17 Noviembre para debatir las causas de la actual crisis en el sistema agroalimentario, haciendo visible la necesidad de poner en el centro de los debates a el miliardo y medio de hombres y mujeres que producen los alimentos para los consumidores.<\/p>\n<p>El programa del Foro incluye sesiones plenarias, talleres tem\u00e1ticos y asambleas de grupos an\u00e1logos. Mientras las sesiones plenarias se ocupan de adoptar el plan de acci\u00f3n, los documentos y las declaraciones del foro, los talleres y las asambleas permiten profundizar en los temas, adem\u00e1s de ser una ocasi\u00f3n para que grupos espec\u00edficos organicen sus propias discusiones tem\u00e1ticas.<\/p>\n<p><a href=\"https:\/\/peoplesforum2009.foodsovereignty.org\/es\/solo_falta_una_semana_para_dar_inicio_al_foro_demos_un_vistazo_al_programa\">Read more<\/a>.<\/p>\n<hr \/>\n<hr \/>\n<p><em>14 November 2009<\/em><\/p>\n<p><strong>La construcci\u00f3n de la Soberan\u00eda Alimentaria radica en la democratizaci\u00f3n de la toma de decisiones<\/strong><\/p>\n<p>La apertura del Foro cont\u00f3 ayer 13 de noviembre de 2009 con la presencia de Oliver de Schutter, Relator Especial de las Naciones Unidas para el Derecho a la Alimentaci\u00f3n. Olivier present\u00f3 con optimismo la nueva arquitectura de la gobernanza frente al problema del hambre en el mundo, que toma al Comit\u00e9 de Seguridad Alimentaria (CSA) como figura central. <\/p>\n<p>La reforma del CSA permitir\u00e1 superar la falta de coordinaci\u00f3n que se ha detectado en los a\u00f1os pasados entre los diferentes actores, manteniendo el control de las decisiones en los Gobiernos de los Estados, y por tanto, en el esquema un pa\u00eds un voto. El nuevo CSA deber\u00e1 marcar directrices claras en las que podr\u00e1n participar -y \u00e9sta es la gran novedad- la sociedad civil, el sector privado y las otras entidades internacionales. Por eso Oliver ha advertido delante del Foro de la sociedad civil la necesidad de mantenerse constantemente alerta, para que las directrices pol\u00edticas aprobadas sean despu\u00e9s aplicadas. En este sentido el Relator puso hincapi\u00e9 en que la gesti\u00f3n de los fondos financieros recaer\u00e1 mayoritariamente en el Banco Mundial, lo que nos muestra ya una total falta de conexi\u00f3n entre quienes marcan las directrices y quienes despu\u00e9s podr\u00e1n ejecutarlas.<\/p>\n<p><a href=\"https:\/\/peoplesforum2009.foodsovereignty.org\/es\/la_construccion_de_la_soberania_alimentaria_radica_en_la_democratizacion_de_la_toma_de_decisiones\">Read more<\/a>.<\/p>\n<hr \/>\n<hr \/>\n<p><em>11 November 2009<\/em><\/p>\n<p><strong>\u00a1La Tierra Madre de la colina del Campidoglio bendecir\u00e1 la lucha de la gente para la Soberan\u00eda Alimentaria!<\/strong> <\/p>\n<p>El viernes, 13 de noviembre, a las 7 de la tarde, en el antiguo corazon de la ciudad de Roma los pueblos ind\u00edgenas de todo el mundo subir\u00e1n la colina Campidoglio para recibir la bendici\u00f3n de la Tierra de Madre a su lucha. S\u00edmbolos y tradiciones de los pueblos acerca de nuestro alimento, de la vida futura en el planeta y de todos los seres que lo habitamos. \u00c9sta ser\u00e1 la M\u00edstica (la conmemoraci\u00f3n) de la ceremonia de apertura del <em>Foro de Sociedad Civil Soberan\u00eda Alimentaria de los Pueblos Ahora!<\/em>.<\/p>\n<p>La ma\u00f1ana despu\u00e9s, el 14 de noviembre a las 10h tendr\u00e1 lugar la apertura formal del Foro Soberan\u00eda de Alimento de los Pueblos Ahora! con la participaci\u00f3n del Alcalde de Roma Gianni Alemanno y el Director General de FAO Jack Diouf. De las 10h a las 11h, en la Citt\u00e0 dell&#8217;altra economia, Largo Dino Frisullo (ex-Mattatoio, Testaccio, Roma). La sesi\u00f3n est\u00e1 abierta al p\u00fablico.<\/p>\n<p><a href=\"https:\/\/peoplesforum2009.foodsovereignty.org\/es\/la_tierra_madre_de_la_colina_del_campidoglio_bendecira_la_lucha_de_la_gente_para_la_soberania_alimen\">Read more<\/a>.<\/p>\n<hr \/>\n<hr \/>\n<p><a href=\"https:\/\/peoplesforum2009.foodsovereignty.org\/es\/el_foro_de_los_pueblos\">El Foro de los Pueblos<\/a>.<\/p>\n<p><a href=\"https:\/\/peoplesforum2009.foodsovereignty.org\/es\/objectivos_y_principios\">Objetivos y principios<\/a>.<\/p>\n<p><a href=\"https:\/\/peoplesforum2009.foodsovereignty.org\/es\/los_organizadores\">Los Organizadores<\/a>.<\/p>\n<p><strong>Los participantes<\/strong><\/p>\n<p><a href=\"https:\/\/peoplesforum2009.foodsovereignty.org\/es\/criterios_de_participacion\">Criterios de participaci\u00f3n<\/a>.<\/p>\n<p><a href=\"https:\/\/peoplesforum2009.foodsovereignty.org\/es\/expresion_de_interes\">Expresi\u00f3n de Inter\u00e9s<\/a>.<\/p>\n<p><strong>Documentos del Foro<\/strong><\/p>\n<p><strong>Programa del Foro<\/strong><\/p>\n<p><a href=\"https:\/\/peoplesforum2009.foodsovereignty.org\/es\/documentos_preparatorios\">Documentos Preparatorios<\/a>:<\/p>\n<p>&#8211; <a href=\"https:\/\/peoplesforum2009.foodsovereignty.org\/sites\/peoplesforum2009.foodsovereignty.org\/files\/Quien_decide_sobre_la_alimentacion_y_agricultura.pdf\">Tema1_Quien decide sobre alimentacion agricultura.pdf 120.42 KB<\/a>. <\/p>\n<p>&#8211; <a href=\"https:\/\/peoplesforum2009.foodsovereignty.org\/sites\/peoplesforum2009.foodsovereignty.org\/files\/Quien_controla_los_recursos_de_produccion_de_alimentos.pdf\">Tema2_Quien controla los recursos de produccion.pdf 92.25 KB<\/a>.<\/p>\n<p>&#8211; <a href=\"https:\/\/peoplesforum2009.foodsovereignty.org\/sites\/peoplesforum2009.foodsovereignty.org\/files\/Que_alimentos_se_producen_como_y_para_el_beneficio_de_quien.pdf\">Tema3_Que alimentos se producen como y para el beneficio de quien.pdf 119.74 KB<\/a>. <\/p>\n<p>&#8211; <a href=\"https:\/\/peoplesforum2009.foodsovereignty.org\/sites\/peoplesforum2009.foodsovereignty.org\/files\/Quien_necesita_acceso_a_los_alimentos.pdf\">Tema4_Quien necesita acceso a los alimentos.pdf 81.6 KB<\/a>. <\/p>\n<p><a href=\"https:\/\/peoplesforum2009.foodsovereignty.org\/es\/grupos_de_trabajo\">Grupos de trabajo<\/a>.<\/p>\n<p><a href=\"https:\/\/peoplesforum2009.foodsovereignty.org\/es\/asembleas\">Asembleas<\/a>.<\/p>\n<p><a href=\"https:\/\/peoplesforum2009.foodsovereignty.org\/es\/contribucion_al_proceso_de_preparacion\">Proceso de Preparaci\u00f3n<\/a>.<\/p>\n<p>Practical Information<\/p>\n<p>Comidas y Alojamiento<\/p>\n<p>Acreditaci\u00f3n para la FAO<\/p>\n<p>Lugar y Mapas<\/p>\n<p>Contacts<\/p>\n<p><a href=\"https:\/\/peoplesforum2009.foodsovereignty.org\/es\/media\">Media<\/a>.<\/p>\n<p><a href=\"https:\/\/peoplesforum2009.foodsovereignty.org\/es\/press_releases\">Comunicados de Prensa<\/a>.<\/p>\n<p><a href=\"https:\/\/peoplesforum2009.foodsovereignty.org\/es\/photos\">Fotos<\/a>.<\/p>\n<p><a href=\"https:\/\/peoplesforum2009.foodsovereignty.org\/es\/videos\">Videos<\/a>.<\/p>\n<p><a href=\"https:\/\/peoplesforum2009.foodsovereignty.org\/es\/contacts_0\">Contacts<\/a>.<\/p>\n<p>&#8211; <strong>Enlaces<\/strong><\/p>\n<p><img loading=\"lazy\" decoding=\"async\" class=\" aligncenter size-full wp-image-682\" src=\"https:\/\/marina.swarpeca.es\/revista\/wp-content\/uploads\/2009\/11\/banner_soberania_alimentaria.jpg\" alt=\"banner_soberania_alimentaria.jpg\" align=\"center\" width=\"425\" height=\"89\" srcset=\"https:\/\/marina.swarpeca.es\/revista\/wp-content\/uploads\/2009\/11\/banner_soberania_alimentaria.jpg 425w, https:\/\/marina.swarpeca.es\/revista\/wp-content\/uploads\/2009\/11\/banner_soberania_alimentaria-300x63.jpg 300w\" sizes=\"(max-width: 425px) 100vw, 425px\" \/><br \/>\n<a href=\"https:\/\/www.foodsovereignty.org\/new\/index.php?language=en\">IPC Food Sovereignty<\/a>.<\/p>\n<p><img loading=\"lazy\" decoding=\"async\" class=\" aligncenter size-full wp-image-683\" src=\"https:\/\/marina.swarpeca.es\/revista\/wp-content\/uploads\/2009\/11\/FAO-banner-es.png\" alt=\"FAO-banner-es.png\" align=\"center\" width=\"240\" height=\"40\" \/><br \/>\n<a href=\"https:\/\/www.fao.org\/wsfs\/cumbre-mundial\/es\/\">FAO: Cumbre Mundial sobre la Seguridad Alimentaria<\/a>.<\/p>\n<p>(16 de noviembre de 2009)<\/p>\n","protected":false},"excerpt":{"rendered":"<p>Para reclamar nuestros derechos y para mostrar que podemos alimentar y enfriar al planeta, m\u00e1s de 500 representantes de la sociedad civil de todos los pa\u00edses organizaremos un evento contundente e imaginativo frente a los Jefes de Estado. Les esperamos en las carpas en frente de la FAO para un encuentro con los medios de comunicaci\u00f3n, en Plaza de Porta Capena: lunes 16 de Noviembre de 2009, 12:30 pm \/\/ Los peque\u00f1os productores y productoras de alimentos \u2013como los Pueblos Ind\u00edgenas\u2013 somos m\u00e1s de 1.500 millones de personas y proveemos m\u00e1s del 75% de los alimentos que el planeta consume. Y podr\u00edamos asegurar el 100% de la alimentaci\u00f3n con la agricultura y ganader\u00eda campesina y la pesca artesanal. Lejos de lo que se nos dice, la agricultura a peque\u00f1a escala garantiza producciones suficientes, sin un uso desmesurado del petr\u00f3leo como se utiliza en la agricultura industrializada. Por eso Nettie Weibe, de <em>La V\u00eda Campesina<\/em>, explica que con su agricultura y un comercio local, pueden enfriar el Planeta.<\/p>\n","protected":false},"author":1,"featured_media":681,"comment_status":"closed","ping_status":"open","sticky":false,"template":"","format":"standard","meta":{"footnotes":""},"categories":[5],"tags":[],"_links":{"self":[{"href":"https:\/\/marina.swarpeca.es\/revista\/wp-json\/wp\/v2\/posts\/684"}],"collection":[{"href":"https:\/\/marina.swarpeca.es\/revista\/wp-json\/wp\/v2\/posts"}],"about":[{"href":"https:\/\/marina.swarpeca.es\/revista\/wp-json\/wp\/v2\/types\/post"}],"author":[{"embeddable":true,"href":"https:\/\/marina.swarpeca.es\/revista\/wp-json\/wp\/v2\/users\/1"}],"replies":[{"embeddable":true,"href":"https:\/\/marina.swarpeca.es\/revista\/wp-json\/wp\/v2\/comments?post=684"}],"version-history":[{"count":0,"href":"https:\/\/marina.swarpeca.es\/revista\/wp-json\/wp\/v2\/posts\/684\/revisions"}],"wp:featuredmedia":[{"embeddable":true,"href":"https:\/\/marina.swarpeca.es\/revista\/wp-json\/wp\/v2\/media\/681"}],"wp:attachment":[{"href":"https:\/\/marina.swarpeca.es\/revista\/wp-json\/wp\/v2\/media?parent=684"}],"wp:term":[{"taxonomy":"category","embeddable":true,"href":"https:\/\/marina.swarpeca.es\/revista\/wp-json\/wp\/v2\/categories?post=684"},{"taxonomy":"post_tag","embeddable":true,"href":"https:\/\/marina.swarpeca.es\/revista\/wp-json\/wp\/v2\/tags?post=684"}],"curies":[{"name":"wp","href":"https:\/\/api.w.org\/{rel}","templated":true}]}}