{"id":680,"date":"2009-11-15T20:49:12","date_gmt":"2009-11-15T20:49:12","guid":{"rendered":"https:\/\/marina.swarpeca.es\/revista\/2009\/11\/15\/mundo-la-lucha-contra-el-hambre-debe-contar-con-aquellos-que-la-sufren-15-11-09\/"},"modified":"2009-11-15T20:49:12","modified_gmt":"2009-11-15T20:49:12","slug":"mundo-la-lucha-contra-el-hambre-debe-contar-con-aquellos-que-la-sufren-15-11-09","status":"publish","type":"post","link":"https:\/\/marina.swarpeca.es\/revista\/mundo-la-lucha-contra-el-hambre-debe-contar-con-aquellos-que-la-sufren-15-11-09\/","title":{"rendered":"Mundo: La lucha contra el hambre debe contar con aquellos que la sufren [15\/11\/09]"},"content":{"rendered":"<p><em> <strong>Fotograf\u00eda: Servindi<\/strong> <\/em><\/p>\n<p>El viernes, 13 de noviembre, en la pl. Campidoglio, en el centro de Roma, se celebr\u00f3 el acto de apertura del encuentro, dedicado a los pueblos originarios, representantes de las comunidades maor\u00ed, mapuche y dakota, entre otros, nos recordaron que \u201c<em>nosotros no vendemos la madre tierra<\/em>\u201d y que \u201c<em>la lucha contra el hambre no se puede llevar a cabo sin contar con aquellos y aquellas que la sufren y quienes trabajan con la tierra<\/em>\u201d.<\/p>\n<p>Cuatro van a ser los ejes tem\u00e1ticos del Foro. El primero analizar\u00e1 el <strong>monopolio existente en la cadena agroalimentaria, en manos de unas pocas empresas multinacionales que acaban determinando nuestro modelo alimentario<\/strong>, as\u00ed como el papel de las instituciones internacionales, supeditadas a estos intereses corporativos.<\/p>\n<p>Un segundo eje de trabajo abordar\u00e1 la creciente <strong>privatizaci\u00f3n de los recursos naturales<\/strong>: la tierra, el agua, las semillas, las zonas pesqueras tradicionales, la agrodiversidad \u2026 En concreto, una preocupaci\u00f3n central en el Foro es la creciente din\u00e1mica de acaparaci\u00f3n de tierras por parte de empresas privadas o Estados que compran tierra a pa\u00edses terceros para asegurarse la producci\u00f3n de alimentos y\/o la especulaci\u00f3n con los mismos a costa del derecho a la alimentaci\u00f3n de las poblaciones de estos territorios.<\/p>\n<p>Las <strong>pol\u00edticas gubernamentales e internacionales agrarias, pesqueras y ganaderas, y su apoyo incondicional a la agroindustria<\/strong>, ser\u00e1 otro de los ejes centrales, as\u00ed como las <strong>alternativas que se plantean desde los distintos movimientos sociales<\/strong>.<\/p>\n<p>* \u00bfQu\u00e9 agricultura puede enfriar el planeta?<\/p>\n<p>* \u00bfQu\u00e9 solidaridad entre el campo y la ciudad?<\/p>\n<p>* \u00bfQu\u00e9 modelos alternativos de comercializaci\u00f3n?<\/p>\n<p>* \u00bfCu\u00e1l es el papel de mujeres, campesinado, pastores, comunidades rurales en la construcci\u00f3n de la soberan\u00eda alimentaria?<\/p>\n<p>\u00c9stas son algunas de las cuestiones a abordar en un tercer eje de trabajo.<\/p>\n<p>Finalmente, el <strong>acceso a los alimentos<\/strong> es otra tem\u00e1tica central. Hoy, la crisis alimentaria es resultado de la imposibilidad de amplias capas de la poblaci\u00f3n para poder adquirir comida.<\/p>\n<p>Se trata de un problema de acceso, a pesar del discurso oficial de las instituciones internacionales y de las empresas que nos quieren hacer creer que se trata de un problema de producci\u00f3n, que ser\u00e1 resuelto con una nueva revoluci\u00f3n verde, m\u00e1s agricultura industrial, transg\u00e9nicos, etc. Frente a la creciente descampesinizaci\u00f3n del campo, \u00bfc\u00f3mo vamos a alimentar al planeta? Frente a la privatizaci\u00f3n de los recursos naturales, \u00bfcomo reapropiarnos de nuestros sistemas agr\u00edcolas y alimentarios?<\/p>\n<p>Los participantes, organizados en <strong>cuatro grupos de trabajo<\/strong>, abordaran cada una de estas problem\u00e1ticas para plantear <strong>alternativas y propuestas concretas de acci\u00f3n que ser\u00e1n presentadas en la cumbre mundial sobre seguridad alimentaria de la FAO<\/strong>. El Foro de los Movimientos Sociales ya ha empezado, el futuro de la alimentaci\u00f3n a\u00fan est\u00e1 en nuestras manos.<\/p>\n<p>&#8211; <a href=\"https:\/\/www.servindi.org\/actualidad\/19010?utm_source=feedburner&#038;utm_medium=email&#038;utm_campaign=Feed%3A+Servindi+(Servicio+de+Informaci%C3%B3n+Indigena)&#038;utm_content=Yahoo!+Mail\">Fuente: Servindi<\/a>.<\/p>\n","protected":false},"excerpt":{"rendered":"<p>M\u00e1s de 600 delegados y delegadas de organizaciones campesinas, pescadores, consumidores cr\u00edticos, pastores, mujeres, j\u00f3venes \u2026 se dan cita estos d\u00edas en Roma en el <em>Foro de los Movimientos Sociales<\/em> para debatir y establecer estrategias conjuntas de acci\u00f3n para enfrentar la grave crisis alimentaria que afecta a m\u00e1s de mil millones de personas en todo el planeta, uno de cada seis habitantes, especialmente en los pa\u00edses del Sur. El Foro paralelo a la cumbre de la FAO en Roma se celebra coincidiendo con la cumbre mundial sobre seguridad alimentaria 2009 de la Organizaci\u00f3n de las Naciones Unidas para la Agricultura y la Alimentaci\u00f3n, FAO, que empezar\u00e1 la pr\u00f3xima semana.<\/p>\n","protected":false},"author":1,"featured_media":679,"comment_status":"closed","ping_status":"open","sticky":false,"template":"","format":"standard","meta":{"footnotes":""},"categories":[33],"tags":[],"_links":{"self":[{"href":"https:\/\/marina.swarpeca.es\/revista\/wp-json\/wp\/v2\/posts\/680"}],"collection":[{"href":"https:\/\/marina.swarpeca.es\/revista\/wp-json\/wp\/v2\/posts"}],"about":[{"href":"https:\/\/marina.swarpeca.es\/revista\/wp-json\/wp\/v2\/types\/post"}],"author":[{"embeddable":true,"href":"https:\/\/marina.swarpeca.es\/revista\/wp-json\/wp\/v2\/users\/1"}],"replies":[{"embeddable":true,"href":"https:\/\/marina.swarpeca.es\/revista\/wp-json\/wp\/v2\/comments?post=680"}],"version-history":[{"count":0,"href":"https:\/\/marina.swarpeca.es\/revista\/wp-json\/wp\/v2\/posts\/680\/revisions"}],"wp:featuredmedia":[{"embeddable":true,"href":"https:\/\/marina.swarpeca.es\/revista\/wp-json\/wp\/v2\/media\/679"}],"wp:attachment":[{"href":"https:\/\/marina.swarpeca.es\/revista\/wp-json\/wp\/v2\/media?parent=680"}],"wp:term":[{"taxonomy":"category","embeddable":true,"href":"https:\/\/marina.swarpeca.es\/revista\/wp-json\/wp\/v2\/categories?post=680"},{"taxonomy":"post_tag","embeddable":true,"href":"https:\/\/marina.swarpeca.es\/revista\/wp-json\/wp\/v2\/tags?post=680"}],"curies":[{"name":"wp","href":"https:\/\/api.w.org\/{rel}","templated":true}]}}