{"id":658,"date":"2009-11-09T00:31:25","date_gmt":"2009-11-09T00:31:25","guid":{"rendered":"https:\/\/marina.swarpeca.es\/revista\/2009\/11\/09\/zonas-libres-de-transgenicos-luces-y-sombras\/"},"modified":"2009-11-09T00:31:25","modified_gmt":"2009-11-09T00:31:25","slug":"zonas-libres-de-transgenicos-luces-y-sombras","status":"publish","type":"post","link":"https:\/\/marina.swarpeca.es\/revista\/zonas-libres-de-transgenicos-luces-y-sombras\/","title":{"rendered":"Zonas Libres de Transg\u00e9nicos: Luces y Sombras"},"content":{"rendered":"<p>Irlanda es el noveno pa\u00eds de la UE \u201cLibre de Transg\u00e9nicos\u201d. La legalidad europea no permite estas declaraciones aunque 14 Estados quieren cambiar \u00e9sto. Francia, Austria, Grecia, Luxemburgo, Hungr\u00eda, Italia, Polonia y Alemania han prohibido total o parcialmente los cultivos transg\u00e9nicos. En unos casos se trata de moratoria (aplazamiento de autorizaci\u00f3n). En otros de prohibici\u00f3n reducida a los transg\u00e9nicos comerciales (ma\u00edz de Monsanto MON-810) o ampliada a los experimentales (caso de Irlanda). <\/p>\n<p>Irlanda siempre ha impedido los cultivos transg\u00e9nicos comerciales. El \u00fanico cultivo experimental fue paralizado por una protesta en 1998, primer a\u00f1o de autorizaci\u00f3n europea. El car\u00e1cter insular de Irlanda y los vientos del atl\u00e1ntico occidental constituyen una ventajosa barrera a los desplazamientos de polen transg\u00e9nico procedente de pa\u00edses cercanos.  <\/p>\n<p>La Plataforma por una Irlanda Libre de transg\u00e9nicos considera clara la decisi\u00f3n del gobierno, aunque espera a su desarrollo legislativo. Pide que las producciones ganaderas que han incluido alimentaci\u00f3n transg\u00e9nica en alg\u00fan periodo de la vida del animal no tengan derecho a la certificaci\u00f3n \u201clibre de transg\u00e9nicos\u201d, como pasa en Alemania. Las asociaciones ganaderas afirman que estas medidas facilitar\u00e1n la eliminaci\u00f3n de los piensos transg\u00e9nicos en la dieta del vacuno y ovino irland\u00e9s, teniendo en cuenta que la abundancia de pastos requiere de poco pienso. <\/p>\n<p>Debemos felicitarnos por la decisi\u00f3n de Irlanda, pero estar prevenidos ante el doble car\u00e1cter de las Zonas Libres de Transg\u00e9nicos. Buscan proteger a su territorio, sus consumidores y sus productos. Pero al no cuestionar la producci\u00f3n transg\u00e9nica fuera de su territorio, facilitan la coexistencia pac\u00edfica de pa\u00edses transg\u00e9nicos y no transg\u00e9nicos en el mercado global.  La simple defensa de \u201cuna alimentaci\u00f3n sin transg\u00e9nicos\u201d, lejos de frenar el avance mundial de los transg\u00e9nicos, estimula su implantaci\u00f3n en algunos pa\u00edses. El miedo a los transg\u00e9nicos potencia un mercado exclusivo \u201clibre de transg\u00e9nicos\u201d. El gobierno irland\u00e9s y la plataforma \u201cIrlanda Libre de Transg\u00e9nicos\u201d valoran la prohibici\u00f3n en Irlanda como una ventaja competitiva para sus exportaciones de carne de calidad libre de transg\u00e9nicos.<\/p>\n<p>&#8211; <a href=\"https:\/\/www.nodo50.org\/lagarbancitaecologica\/garbancita\/index.php?option=com_content&#038;view=article&#038;id=366:zonas-libres-de-trangenicos-luces-y-sombras&#038;catid=56:transgenicos-agrocombustibles&#038;Itemid=74\">Fuente: Pilar Galindo. Grupos Autogestionados de Konsumo (GAKs)<\/a>.<\/p>\n<p>(9 noviembre 2009)<\/p>\n","protected":false},"excerpt":{"rendered":"<p>La Rep\u00fablica de Irlanda se ha proclamado \u201c<em>Zona Libre de Transg\u00e9nicos<\/em>\u201d y va a introducir un logo \u201c<em>libre de transg\u00e9nicos<\/em>\u201d para todo tipo de alimentos incluidos carne, aves, huevos, pescado, crust\u00e1ceos y productos l\u00e1cteos, para evitar el vac\u00edo legal del etiquetado de los alimentos transg\u00e9nicos reducido a los vegetales. <\/p>\n","protected":false},"author":1,"featured_media":0,"comment_status":"closed","ping_status":"open","sticky":false,"template":"","format":"standard","meta":{"footnotes":""},"categories":[33],"tags":[],"_links":{"self":[{"href":"https:\/\/marina.swarpeca.es\/revista\/wp-json\/wp\/v2\/posts\/658"}],"collection":[{"href":"https:\/\/marina.swarpeca.es\/revista\/wp-json\/wp\/v2\/posts"}],"about":[{"href":"https:\/\/marina.swarpeca.es\/revista\/wp-json\/wp\/v2\/types\/post"}],"author":[{"embeddable":true,"href":"https:\/\/marina.swarpeca.es\/revista\/wp-json\/wp\/v2\/users\/1"}],"replies":[{"embeddable":true,"href":"https:\/\/marina.swarpeca.es\/revista\/wp-json\/wp\/v2\/comments?post=658"}],"version-history":[{"count":0,"href":"https:\/\/marina.swarpeca.es\/revista\/wp-json\/wp\/v2\/posts\/658\/revisions"}],"wp:attachment":[{"href":"https:\/\/marina.swarpeca.es\/revista\/wp-json\/wp\/v2\/media?parent=658"}],"wp:term":[{"taxonomy":"category","embeddable":true,"href":"https:\/\/marina.swarpeca.es\/revista\/wp-json\/wp\/v2\/categories?post=658"},{"taxonomy":"post_tag","embeddable":true,"href":"https:\/\/marina.swarpeca.es\/revista\/wp-json\/wp\/v2\/tags?post=658"}],"curies":[{"name":"wp","href":"https:\/\/api.w.org\/{rel}","templated":true}]}}