{"id":65,"date":"2008-12-05T03:12:34","date_gmt":"2008-12-05T03:12:34","guid":{"rendered":"https:\/\/marina.swarpeca.es\/revista\/2008\/12\/05\/oligoterapia-y-fitoterapia-en-trastornos-respiratorios-reumaticos-y-alergicos\/"},"modified":"2021-03-01T22:38:59","modified_gmt":"2021-03-01T22:38:59","slug":"oligoterapia-y-fitoterapia-en-trastornos-respiratorios-reumaticos-y-alergicos","status":"publish","type":"post","link":"https:\/\/marina.swarpeca.es\/revista\/oligoterapia-y-fitoterapia-en-trastornos-respiratorios-reumaticos-y-alergicos\/","title":{"rendered":"Oligoterapia y fitoterapia en trastornos respiratorios, reum\u00e1ticos y al\u00e9rgicos"},"content":{"rendered":"<p>En el invierno \u2013\u00bbper\u00edodo de ca\u00edda del estado de latencia\u00bb- destacan como m\u00e1s comunes los problemas respiratorios, por una bajada de la inmunidad, y los problemas reum\u00e1ticos, propios del fr\u00edo y la humedad.<\/p>\n<p>El invierno, que disminuye una parte de la energ\u00eda de todo ser vivo, afecta m\u00e1s especialmente a las personas con menos energ\u00eda vital: \u00abA quien tiene mucha energ\u00eda no le supone mayor problema pero, a quien anda escaso, al darle una bajada lo va a notar mucho m\u00e1s\u00bb. Desde la oligoterapia catal\u00edtica, por tanto, el invierno es la temporada m\u00e1s dura para la <em> <strong>di\u00e1tesis 4<\/strong> <\/em> o anergia, terreno a tratar con cobre-oro-plata (<em> <strong>Cu-Au-Ag<\/strong> <\/em>), oligoelementos tambi\u00e9n utilizados a\u00fan cuando la persona no presente comportamientos an\u00e9rgicos pero s\u00ed una sintomatolog\u00eda cr\u00f3nica o con tendencia a cronificarse.<\/p>\n<p>As\u00ed pues, cobran fuerza los problemas relacionados con la inmunidad y la energ\u00eda vital frente a las infecciones (bacterias, g\u00e9rmenes, virus&#8230; ): \u00abComo vivimos m\u00e1s hacia el interior, los mecanismos de defensa m\u00e1s superficiales se debilitan un poco\u00bb.<\/p>\n<p>En las di\u00e1tesis m\u00e1s j\u00f3venes o menos evolucionadas, prosigue <em>Goyo<\/em>, hay ya una tendencia al llegar el invierno a ciertos padecimientos. Por ejemplo, la fragilidad respiratoria de la <em> <strong>di\u00e1tesis 2<\/strong> <\/em> o hiporreactiva, con una sintomatolog\u00eda de bronquitis, faringitis, pleuritis, rinitis, sinusitis, &#8230;, al pasar a la di\u00e1tesis 4 tienden a su cronificaci\u00f3n, y muchas de estas enfermedades cr\u00f3nicas se agudizan o dan m\u00e1s la cara en invierno.<\/p>\n<p>A continuaci\u00f3n pasa revista a las afecciones m\u00e1s representativas, para se\u00f1alar que el asma cr\u00f3nica o bronquial no al\u00e9rgica, la <em> <strong>bronquitis<\/strong> <\/em>, mejora con los oligoelementos <em> <strong>Cu-Au-Ag<\/strong> <\/em> y azufre (<em> <strong>S<\/strong> <\/em>) y plantas que estimulan el sistema inmunitario como equin\u00e1cea, tomillo y ajedrea: \u00abCon cuidado los hipertensos, pues la ajedrea puede subir la tensi\u00f3n arterial, y precauci\u00f3n en los ancianos\u00bb.<\/p>\n<p>En las <em> <strong>anginas<\/strong> <\/em> que supuran, cavernosas, de los ni\u00f1os, son \u00fatiles <em> <strong>Cu-Au-Ag<\/strong> <\/em>, gluconato de cobre (<em> <strong>Cu<\/strong> <\/em>) y bismuto (<em> <strong>Bi<\/strong> <\/em>), y en fitoterapia equin\u00e1cea y agrimonia, tambi\u00e9n prop\u00f3leo, as\u00ed como: \u00abMasajear todo el meridiano de pulm\u00f3n, desde la palma de la mano por todo el brazo\u00bb.<\/p>\n<p>Para la <em> <strong>sinusitis<\/strong> <\/em> cr\u00f3nica, adem\u00e1s de <em> <strong>Cu-Au-Ag<\/strong> <\/em>, en los per\u00edodos m\u00e1s agudos puede tomarse <em> <strong>Cu<\/strong> <\/em> varias veces al d\u00eda y gluconato de azufre (<em> <strong>S<\/strong> <\/em>). Y entre las plantas resultan apropiadas, por un lado las inmunomoduladoras o estimulantes de las defensas (equin\u00e1cea), y por otro las de acci\u00f3n antis\u00e9ptica muy potente (aceite esencial de tomillo, casi antiv\u00edrico, y de niaouli, fluidificante y antis\u00e9ptico de la mucosa nasal). Igualmente, ginkgo biloba, como fluidificante de todo lo que es viscoso, gran antioxidante, \u00fatil en Alzheimer, demencia senil y enfermedades con envejecimiento precoz acelerado.<\/p>\n<p><em>Goyo<\/em> afirma al respecto: \u00abSi la gente tomara m\u00e1s <a href=\"https:\/\/marina.swarpeca.es\/revista\/antioxidantes\/\">antioxidantes<\/a> (selenio, zinc, cobalto, azufre, vitaminas A, C y E, ginkgo biloba), menos problemas tendr\u00eda, dada su acci\u00f3n preventiva frente al c\u00e1ncer de cualquier tipo y otras enfermedades degenerativas como Alzheimer, Parkinson, etc., y tambi\u00e9n como coadyuvante al menos en las autoinmunes (esclerosis m\u00faltiple, artritis reumatoide, &#8230;)\u00bb.<\/p>\n<p>En la <em> <strong>gripe<\/strong> <\/em>: \u00abSi a los primeros s\u00edntomas (escalofr\u00edos, malestar general, &#8230;) se inicia la ingesta de gluconato de cobre, hasta 6 dosis diarias (1 dosis = 2 ml.) durante unos d\u00edas, en un 75% de los casos la gripe no durar\u00e1 m\u00e1s de 4 d\u00edas, y en el 25% restante al menos disminuir\u00e1 considerablemente la sintomatolog\u00eda, sin tener que sufrir malestares, dolores, un estado de apaleamiento, &#8230;\u00bb\u00b7. Al tomar Cu por primera vez, previene <em>Goyo<\/em>, es posible que la persona lo vomite, debiendo esperar uno o dos d\u00edas antes de que su organismo lo admita.<\/p>\n<p>Para hacer frente a la <em> <strong>otitis<\/strong> <\/em>, oligoterapia similar a la gripe, junto con manganeso cobre (<em> <strong>Mn- Cu<\/strong> <\/em>) cuando es de repetici\u00f3n, los oligoelementos <em> <strong>Cu-Au-Ag<\/strong> <\/em> si la otitis es supurada, y en todo caso gluconato de azufre. Asimismo, y en uso externo, aceite esencial de niaouli en un algod\u00f3n.<\/p>\n<p><strong>Re\u00famas invernales<\/strong><\/p>\n<p>Entre ellos y en primer lugar la <a href=\"https:\/\/marina.swarpeca.es\/revista\/reuma-artritis-y-artrosis\/\">artrosis<\/a>, que tiende a agravarse con la humedad y el fr\u00edo: \u00abM\u00e1s que dolores muchas veces hay reumatismos progresivos, deformantes o anquilosantes, propios del terreno hiporreactivo a tratar con <em> <strong>Mn-Cu<\/strong> <\/em>. En personas an\u00e9rgicas, sin apenas reacci\u00f3n de congesti\u00f3n ni dolor, cobre-oro-plata\u00bb. Otros oligoelementos \u00fatiles son magnesio (<em> <strong>Mg<\/strong> <\/em>), manganeso (<em> <strong>Mn<\/strong> <\/em>), potasio (<em> <strong>K<\/strong> <\/em>), f\u00f3sforo (<em> <strong>P<\/strong> <\/em>) y fl\u00faor (<em> <strong>F<\/strong> <\/em>), siempre con aporte de azufre, y sin olvidarse de los antioxidantes.  En el campo de la fitoterapia, cola de caballo (remineralizante), harpagofito (antiinflamatorio), sauce (analg\u00e9sico), ulmaria (por su riqueza en salicilatos) y algas (por sus propiedades remineralizantes).<\/p>\n<p>Si a la artrosis se une una insuficiencia circulatoria de las extremidades, se obtiene mejor\u00eda utilizando ginkgo biloba. Para favorecer la circulaci\u00f3n de retorno y como t\u00f3nicos venosos tambi\u00e9n son \u00fatiles rusco, casta\u00f1o de indias y hamamelis.<\/p>\n<p>En uso externo, como moduladores de la inflamaci\u00f3n si la hay con dolor, se aconseja \u00e1rnica y cal\u00e9ndula, en forma de compresas calientes de infusiones, extractos o en pomadas que  las contengan como ingredientes.<\/p>\n<p>Para la <a href=\"https:\/\/marina.swarpeca.es\/revista\/reuma-artritis-y-artrosis\/\">artritis<\/a>, tambi\u00e9n de temporada, adem\u00e1s del tratamiento similar a la artrosis, son recomendables oligoelementos que act\u00faan sobre la inflamaci\u00f3n (manganeso (Mn) o manganeso-cobalto (Mn-Co) por la hiperreactividad que puede haber al manganeso), gluconato de cobre (como antineur\u00edtico y antiinflamatorio) y azufre. En cuanto a la fitoterapia, resultan beneficiosas las mismas plantas que para la artrosis.<\/p>\n<p>Por \u00faltimo la <em> <strong>artritis reumatoide<\/strong> <\/em>, autoinmune especialmente en personas muy hiperreactivas: \u00abFrente a esa reacci\u00f3n tan exagerada, manganeso, cobre-oro-plata por el desgaste que sufre, \u00e1cidos grasos poliinsaturados (onagra, borraja, &#8230;), jugo de cereales (verde de cebada) por su poder alcalinizante y antioxidante, y los citados antioxidantes\u00bb.<\/p>\n<p><strong>Primavera: comienza un nuevo ciclo<\/strong><\/p>\n<p>\u00abComo el final de una \u00e9poca coincide con el comienzo de otra, y al invierno le sigue la primavera, desde el punto de vista de la oligoterapia de alguna forma estar\u00edan m\u00e1s alborotadas las personas hiperreactivas de la <em> <strong>di\u00e1tesis 1<\/strong> <\/em>, hep\u00e1ticos funcionales seg\u00fan la medicina tradicional china, para la cual la primavera es elemento madera e h\u00edgado\u00bb.<\/p>\n<p><em>Goyo<\/em> propone tratar las <em> <strong>alergias<\/strong> <\/em> (conjuntivitis, rinitis, asma, &#8230;) con manganeso, azufre, y f\u00f3sforo para evitar o frenar la reactivaci\u00f3n al manganeso. En las urticarias el gluconato de azufre es un buen desensibilizador cut\u00e1neo. Y dentro de la fitoterapia son \u00fatiles grosellero negro, helenio, marrubio, llant\u00e9n, fumaria, pensamiento o viola, y especialmente para las urticarias ortiga.<\/p>\n<p>Para disipar posibles dudas con respecto a la ingesta del <a href=\"https:\/\/marina.swarpeca.es\/revista\/polen\/\">polen<\/a> de las abejas: \u00abSuele ser preventivo de las alergias primaverales, no tiene nada que ver el polen ingerido por v\u00eda digestiva con el polen que se encuentra en suspensi\u00f3n en el ambiente. Muy raras veces sobreviene intolerancia al polen por v\u00eda digestiva. Habr\u00eda que comenzar a tomarlo mucho antes, en el oto\u00f1o\/invierno\u00bb.<\/p>\n<p>A la hora de afrontar el dolor de cabeza o <em> <strong>migra\u00f1a primaveral<\/strong> <\/em>, que de igual modo suele afectar especialmente a los hep\u00e1ticos funcionales o hiperreactivos: \u00abSiempre manganeso y gluconato de azufre. Tambi\u00e9n conviene llevar a cabo en primavera una depuraci\u00f3n del h\u00edgado, que puede mejorar o evitar casi todas las alteraciones molestas propias de la \u00e9poca\u00bb. Entre las diversas plantas susceptibles de ser utilizadas a tal efecto, se proponen desmodium, fumaria y diente de le\u00f3n.<\/p>\n<p>Gregorio G\u00f3mez diferencia entre la <em> <strong>astenia invernal<\/strong> <\/em>, propia de las personas an\u00e9rgicas, y la primaveral de las hiperreactivas. La astenia de la persona an\u00e9rgica, aunque pueda tener momentos de una mayor vitalidad y energ\u00eda, hasta de euforia, suele ser total y durar todo el d\u00eda, y se trata con oligoterapia a base de Cu-Au-Ag y plantas como eleuterococo, ginseng, y romero si no hay hipertensi\u00f3n. Cuando adem\u00e1s se asocia un s\u00edndrome de ansiedad, se a\u00f1ade <em> <strong>litio catal\u00edtico<\/strong> <\/em>: \u00abMuy diferente de las sales de litio u otros f\u00e1rmacos que pueden llegar a ser peligrosos\u00bb. La astenia de la persona hiperreactiva, en cambio, que se acent\u00faa mucho en primavera, es especialmente matinal, mejora con el ejercicio f\u00edsico, incluso con euforia vespertina o nocturna, y debe tratarse con los oligoelementos manganeso y azufre.<\/p>\n<p><em>Goyo<\/em> afirma, para concluir: \u00abLa oligoterapia catal\u00edtica es una medicina funcional, obteni\u00e9ndose buenos resultados. Para otro tipo de alteraciones o problemas, s\u00f3lo puede actuar como coadyuvante en algunas ocasiones\u00bb.<\/p>\n<p><a href=\"https:\/\/marina.swarpeca.es\/revista\/diatesis-y-oligoterapia\/\">Di\u00e1tesis y oligoterapia<\/a><\/p>\n<p>La di\u00e1tesis es una disposici\u00f3n a padecer determinadas patolog\u00edas, que no necesariamente debe sufrir la persona, en funci\u00f3n de factores hereditarios, inmunol\u00f3gicos y comportamentales. La oligoterapia, que utiliza como catalizadores dosis muy peque\u00f1as de elementos minerales para activar distintos procesos metab\u00f3licos, permite tratar esa predisposici\u00f3n y corregir trastornos funcionales antes de que lleguen a constituirse como patolog\u00edas org\u00e1nicas. <\/p>\n<p>Remitimos adem\u00e1s, como b\u00e1sica, a la <em> <strong>Enciclopedia de medicina funcional y oligoterapia<\/strong> <\/em> (coordinada por Alfredo Embid, Asociaci\u00f3n de Medicinas Complementarias de Madrid). Recordamos aqu\u00ed y ahora las alteraciones y s\u00edntomas de las di\u00e1tesis m\u00e1s sensibles al invierno y la primavera. Por \u00faltimo, algunos oligoelementos relevantes al efecto.<\/p>\n<p>La <em> <strong>di\u00e1tesis 4<\/strong> <\/em> (anergia) presenta astenia global y profunda, hipersensibilidad al fr\u00edo y al invierno y disminuci\u00f3n de la vitalidad y de la capacidad defensiva frente a la infecci\u00f3n (afecciones v\u00edricas, infecciones agudas y subagudas recidivantes, otitis supuradas, anginas purulentas, reumatismo articular agudo, cefalea psic\u00f3gena, &#8230;). Como oligoelementos para tratarlas, cobre-oro-plata (<em> <strong>Cu-Au-Ag<\/strong> <\/em>).<\/p>\n<p>La <em> <strong>di\u00e1tesis 2<\/strong> <\/em> (hiporreactiva), por su parte, sensibilidad respiratoria especialmente bronquial y pulmonar (-<em>itis<\/em> respiratorias y asma no al\u00e9rgico) y una tendencia a reumatismos progresivos, deformantes o anquilosantes poco dolorosos. Se trata con los oligoelementos manganeso-cobre (<em> <strong>Mn-Cu<\/strong> <\/em>).<\/p>\n<p>La <em> <strong>di\u00e1tesis 1<\/strong> <\/em> (hiperreactiva) presenta, en cambio, astenia matinal y migra\u00f1as oft\u00e1lmicas y digestivas en la frente y sienes, eccemas al\u00e9rgicos, urticaria, asma al\u00e9rgico, rinitis repetitivas al\u00e9rgicas y alteraciones hep\u00e1ticas. Como oligoelemento, el manganeso (<em> <strong>Mn<\/strong> <\/em>).<\/p>\n<p>Cobre (<em> <strong>Cu<\/strong> <\/em>): acci\u00f3n antiv\u00edrica, antiinflamatoria y antineur\u00edtica. Protector de la mucosa g\u00e1strica. Influye favorablemente en el metabolismo, almacenamiento y mantenimiento del hierro en las anemias ferrop\u00e9nicas.<\/p>\n<p>Azufre (<em> <strong>S<\/strong> <\/em>): gran drenador del h\u00edgado, v\u00edas hep\u00e1ticas y biliares, y de las mucosas. Muy importante para la piel y gran desensibilizador cut\u00e1neo. Buenos resultados en las intolerancias alimenticias.<\/p>\n<p>F\u00f3sforo (<em> <strong>P<\/strong> <\/em>): \u00fatil en espasmof\u00edlia e hipoparatiroidismo o espasmos de todo tipo, problemas del metabolismo del calcio, que tiende a disminuir su cantidad en sangre aumentando la densidad \u00f3sea, suelen aparecer dolores musculares y espasmos de los miembros (sin poder cerrar o abrir las manos, los pies, los p\u00e1rpados) o cataratas por el dep\u00f3sito de calcio en el cristalino.<\/p>\n<p>(art\u00edculo publicado en Conocer Arganzuela n\u00ba 100, enero de 2001)<\/p>\n","protected":false},"excerpt":{"rendered":"<p>D. Gregorio G\u00f3mez, <em>Goyo<\/em>, natur\u00f3pata, nos propone c\u00f3mo tratar con oligoelementos y plantas los problemas respiratorios (bronquitis, anginas, sinusitis, gripe, otitis) y reum\u00e1ticos (artrosis, artritis, artritis reumatoide), agudizados por lo general en esta \u00e9poca invernal, as\u00ed como las alergias y molestias asociadas (migra\u00f1a, astenia) que, en breve y como todos los a\u00f1os, afectar\u00e1n a gran n\u00famero de personas. El invierno, final de un ciclo, es a la vez principio de otro que enseguida comenzar\u00e1 con la primavera.<\/p>\n","protected":false},"author":1,"featured_media":64,"comment_status":"closed","ping_status":"open","sticky":false,"template":"","format":"standard","meta":{"footnotes":""},"categories":[10],"tags":[],"_links":{"self":[{"href":"https:\/\/marina.swarpeca.es\/revista\/wp-json\/wp\/v2\/posts\/65"}],"collection":[{"href":"https:\/\/marina.swarpeca.es\/revista\/wp-json\/wp\/v2\/posts"}],"about":[{"href":"https:\/\/marina.swarpeca.es\/revista\/wp-json\/wp\/v2\/types\/post"}],"author":[{"embeddable":true,"href":"https:\/\/marina.swarpeca.es\/revista\/wp-json\/wp\/v2\/users\/1"}],"replies":[{"embeddable":true,"href":"https:\/\/marina.swarpeca.es\/revista\/wp-json\/wp\/v2\/comments?post=65"}],"version-history":[{"count":4,"href":"https:\/\/marina.swarpeca.es\/revista\/wp-json\/wp\/v2\/posts\/65\/revisions"}],"predecessor-version":[{"id":2791,"href":"https:\/\/marina.swarpeca.es\/revista\/wp-json\/wp\/v2\/posts\/65\/revisions\/2791"}],"wp:featuredmedia":[{"embeddable":true,"href":"https:\/\/marina.swarpeca.es\/revista\/wp-json\/wp\/v2\/media\/64"}],"wp:attachment":[{"href":"https:\/\/marina.swarpeca.es\/revista\/wp-json\/wp\/v2\/media?parent=65"}],"wp:term":[{"taxonomy":"category","embeddable":true,"href":"https:\/\/marina.swarpeca.es\/revista\/wp-json\/wp\/v2\/categories?post=65"},{"taxonomy":"post_tag","embeddable":true,"href":"https:\/\/marina.swarpeca.es\/revista\/wp-json\/wp\/v2\/tags?post=65"}],"curies":[{"name":"wp","href":"https:\/\/api.w.org\/{rel}","templated":true}]}}