{"id":631,"date":"2009-10-27T02:34:22","date_gmt":"2009-10-27T02:34:22","guid":{"rendered":"https:\/\/marina.swarpeca.es\/revista\/2009\/10\/27\/octubre-de-2009-informe-situacion-de-los-derechos-humanos-en-el-noroeste-argentino-en-2008-27-10-09\/"},"modified":"2009-10-27T02:34:22","modified_gmt":"2009-10-27T02:34:22","slug":"octubre-de-2009-informe-situacion-de-los-derechos-humanos-en-el-noroeste-argentino-en-2008-27-10-09","status":"publish","type":"post","link":"https:\/\/marina.swarpeca.es\/revista\/octubre-de-2009-informe-situacion-de-los-derechos-humanos-en-el-noroeste-argentino-en-2008-27-10-09\/","title":{"rendered":"Octubre de 2009: Informe. Situaci\u00f3n de los derechos humanos en el Noroeste argentino en 2008 [27\/10\/09]"},"content":{"rendered":"<p><a href=\"https:\/\/marina.swarpeca.es\/revista\/IMG\/pdf\/Informe_publicat.pdf\">Informe: <em>Situaci\u00f3n de los derechos humanos en el Noroeste argentino en 2008<\/em><\/a>.<\/p>\n<p><strong>\u00cdndice del Informe<\/strong><\/p>\n<p>Presentaci\u00f3n                                                                                                5<\/p>\n<p>1. Naturaleza y prop\u00f3sito de la misi\u00f3n                                                                               6<\/p>\n<p>Metodolog\u00eda                                                                                                                     7<\/p>\n<p>2. Situaci\u00f3n socioecon\u00f3mica, cultural y legislativa de Argentina                                           9<\/p>\n<p>2.1 Situaci\u00f3n socioecon\u00f3mica general                                                                               9<\/p>\n<p>2.2 Pobreza, indigencia y desnutrici\u00f3n infantil                                                                   11<\/p>\n<p>2.3 Concentraci\u00f3n de la riqueza                                                                                      13<\/p>\n<p>2.4 Avance de la frontera agropecuaria                                                                            17<\/p>\n<p>2.5 Poblaci\u00f3n rural y conflicto por la tierra                                                                        21<\/p>\n<p>2.6 Argentina y los pueblos originarios                                                                             30<\/p>\n<p>2.7 Argentina y el derecho a la alimentaci\u00f3n adecuada                                                     39<\/p>\n<p>2.8 Impactos de la miner\u00eda a gran escala                                                                         43<\/p>\n<p>3. Informes anteriores de derechos humanos 50<\/p>\n<p>3.1 Food First Information &#038; Action Network (FIAN) 2003 50<\/p>\n<p>3.2 Food First Information &#038; Action Network (FIAN) 2004 52<\/p>\n<p>3.2.1 FIAN Santiago del Estero 52<\/p>\n<p>3.2.2 FIAN Mendoza 53<\/p>\n<p>3.2.3 Denuncias de hechos comprobados en este informe 54<\/p>\n<p>3.3 Informe C\u00e1tedra UNESCO de Sostenibilidad al Parlamento argentino 55<\/p>\n<p>4. Conflicto por la imposici\u00f3n de un modelo cultural y agroindustrial 57<\/p>\n<p>4.1 Provincia de Santiago del Estero 57<\/p>\n<p>4.1.1 Resumen ejecutivo 57<\/p>\n<p>4.1.2 Informe de Situaci\u00f3n jur\u00eddica del MOCASE Via Campesina 2007 58<\/p>\n<p>4.1.3 Conclusi\u00f3n Provincia de Santiago del Estero 76<\/p>\n<p>4.2 Provincia de C\u00f3rdoba 77<\/p>\n<p>4.2.1 Resumen ejecutivo 77<\/p>\n<p>4.2.2 Informe de Situaci\u00f3n jur\u00eddica del Movimiento Campesino de C\u00f3rdoba 79<\/p>\n<p>4.2.3 Conclusi\u00f3n de la Provincia de C\u00f3rdoba 90<\/p>\n<p>4.3 Provincia de Mendoza 91<\/p>\n<p>4.3.1 Resumen ejecutivo 91<\/p>\n<p>4.3.2 Informe de Situaci\u00f3n jur\u00eddica de la UST 94<\/p>\n<p>4.3.3 Conclusi\u00f3n de la provincia de Mendoza 99<\/p>\n<p>5. Conflicto sobre la explotaci\u00f3n de los recursos mineros 101<\/p>\n<p>5.1 Sector minero en Argentina 101<\/p>\n<p>5.1.1 Situaci\u00f3n jur\u00eddica de la miner\u00eda argentina 102<\/p>\n<p>5.1.2 Incentivos para la inversi\u00f3n extranjera 103<\/p>\n<p>5.1.3 Destino de la nueva producci\u00f3n: las exportaciones 105<\/p>\n<p>5.1.4 Principales proyectos mineros y las empresas transnacionales 106<\/p>\n<p>5.2. Impactos socioambientales de la miner\u00eda 108<\/p>\n<p>5.2.1 Drenajes \u00e1cidos de roca 108<\/p>\n<p>5.2.2 Contaminaci\u00f3n qu\u00edmica, por metales pesados y lixiviaci\u00f3n 109<\/p>\n<p>5.2.3 Problemas asociados a la lixiviaci\u00f3n con cianuro 109<\/p>\n<p>5.2.4 Aumentos de la sedimentaci\u00f3n y otros impactos 110<\/p>\n<p>5.3. Casos visitados por la Misi\u00f3n de Observaci\u00f3n 111<\/p>\n<p>5.3.1 Caso Mina Pan de Az\u00facar abandonada con residuos a la intemperie 112<\/p>\n<p>5.3.2 Abra Pampa; plomo en la sangre 113<\/p>\n<p>5.3.3 Caso Minera Alumbrera; impactos de la miner\u00eda a cielo abierto 115<\/p>\n<p>5.4 Las empresas mineras y los derechos humanos 119<\/p>\n<p>5.4.1 Compra de voluntades 120<\/p>\n<p>5.4.2 Situaci\u00f3n del empleo y de los trabajadores 121<\/p>\n<p>5.4.3 Contaminaci\u00f3n 122<\/p>\n<p>5.4.4 Derecho a la salud 124<\/p>\n<p>5.4.5 L\u00edmites a la libertad de expresi\u00f3n y relaciones gobiernos-mineras 125<\/p>\n<p>6. Conclusiones y recomendaciones generales 127<\/p>\n<p>6.1 Conclusiones 127<\/p>\n<p>6.2 Recomendaciones 128<\/p>\n<p>Bibliografia 129<\/p>\n<p>Glosario 131<\/p>\n<p>ANEXO I Violaciones de los derechos humanos en Santiago del Estero 133<\/p>\n<p>ANEXO II Violaciones de los derechos humanos en C\u00f3rdoba 172<\/p>\n<p>ANEXO III Violaciones de los derechos humanos en Mendoza 181<\/p>\n","protected":false},"excerpt":{"rendered":"<p>En el transcurrir del bicentenario de su vida<br \/>\nindependiente, la Rep\u00fablica Argentina ha vivido<br \/>\nuna historia convulsionada en la construcci\u00f3n de<br \/>\nun Estado que brinde democracia, justicia y paz al<br \/>\nconjunto de su poblaci\u00f3n. Las armas y el ejercicio<br \/>\nde la violencia, leg\u00edtima o no, han marcado los<br \/>\ntiempos y los ritmos de una sociedad que tambi\u00e9n<br \/>\nha sabido luchar por la defensa de los derechos de<br \/>\nmuchos ante los privilegios de unos pocos. As\u00ed lo<br \/>\ndemuestra la larga pero efectiva resistencia contra<br \/>\nel olvido que las leyes de Obediencia Debida y<br \/>\nPunto Final quisieron imponer tras la ca\u00edda de la<br \/>\n\u00faltima dictadura entre 1976 y 1983. El saldo de<br \/>\naquel \u201c<em>Proceso de Reorganizaci\u00f3n Nacional<\/em>\u201d fue<br \/>\nde 30.000 personas desaparecidas y la incalculable<br \/>\ndestrucci\u00f3n de miles de familias.<\/p>\n<p>Si bien la herida abierta por la impronta militar<br \/>\ny los poderes f\u00e1cticos sigue siendo una asignatura<br \/>\npendiente de toda la sociedad argentina e internacional,<br \/>\nel arribo de la devastaci\u00f3n neoliberal ha<br \/>\npuesto en la agenda de los derechos humanos la<br \/>\nobservaci\u00f3n de los efectos del modelo de desarrollo<br \/>\nque acompa\u00f1\u00f3 su instauraci\u00f3n y expansi\u00f3n<br \/>\nhacia nuevos territorios.<\/p>\n<p>La nueva revoluci\u00f3n tecno-biol\u00f3gica, la posibilidad<br \/>\ndel capital financiero mundial para diversificar<br \/>\nsus inversiones, la desregulaci\u00f3n y el encogimiento<br \/>\ndel Estado as\u00ed como la asimilaci\u00f3n del discurso<br \/>\nemanado de la aparente neutralidad de la ideolog\u00eda<br \/>\nneoliberal, fueron tierra f\u00e9rtil para que un nuevo<br \/>\nproceso de reorganizaci\u00f3n internacional definiera<br \/>\nlas capacidades productivas que cada regi\u00f3n del<br \/>\nmundo aportar\u00eda a la globalizaci\u00f3n.<\/p>\n<p>En esta impronta, los pa\u00edses del Sur han vuelto<br \/>\na jugar el papel perif\u00e9rico del desarrollo, su nuevo<br \/>\nrol pas\u00f3 por el desmantelamiento de la capacidad<br \/>\nindustrial y el retorno a la mera explotaci\u00f3n de<br \/>\nlos recursos naturales que, bajo el nombre t\u00e9cnico<br \/>\nde commodities, alimentan las cadenas productivas<br \/>\ndel Norte. Es aqu\u00ed donde la Argentina se<br \/>\ninserta en un concierto internacional que resulta<br \/>\ndiscordante para buena parte de su poblaci\u00f3n. El<br \/>\nagronegocio y las empresas extractivas privatizan<br \/>\nlas ganancias y socializan los problemas. La contaminaci\u00f3n<br \/>\ny la alta toxicidad de los insumos de<br \/>\nla miner\u00eda y de las actividades agroindustriales, as\u00ed<br \/>\ncomo el despojo de las tierras de trabajo y vivienda<br \/>\nde muchas comunidades campesinas e ind\u00edgenas<br \/>\nargentinas atentan contra la capacidad de<br \/>\nsubsistencia de estas colectividades.<\/p>\n<p>Este informe relata la situaci\u00f3n de hombres y<br \/>\nmujeres que habitan en seis provincias de la ruralidad<br \/>\nargentina. Sus testimonios son las voces de<br \/>\nuna realidad que no aparece en los n\u00fameros macroecon\u00f3micos<br \/>\nde la riqueza y del bienestar del<br \/>\npa\u00eds. Pero a su vez, es la palabra de una realidad<br \/>\nque no ha sido del todo considerada por las defensor\u00edas<br \/>\nde derechos humanos que han dado la<br \/>\nbatalla contra la desmemoria de los cr\u00edmenes de<br \/>\nlesa humanidad y que, sin bajar la guardia, habr\u00e1n<br \/>\nde poner en la agenda estos oprobios en su lucha<br \/>\ncontra la injusticia\u00bb.<\/p>\n","protected":false},"author":1,"featured_media":630,"comment_status":"closed","ping_status":"open","sticky":false,"template":"","format":"standard","meta":{"footnotes":""},"categories":[5],"tags":[],"_links":{"self":[{"href":"https:\/\/marina.swarpeca.es\/revista\/wp-json\/wp\/v2\/posts\/631"}],"collection":[{"href":"https:\/\/marina.swarpeca.es\/revista\/wp-json\/wp\/v2\/posts"}],"about":[{"href":"https:\/\/marina.swarpeca.es\/revista\/wp-json\/wp\/v2\/types\/post"}],"author":[{"embeddable":true,"href":"https:\/\/marina.swarpeca.es\/revista\/wp-json\/wp\/v2\/users\/1"}],"replies":[{"embeddable":true,"href":"https:\/\/marina.swarpeca.es\/revista\/wp-json\/wp\/v2\/comments?post=631"}],"version-history":[{"count":0,"href":"https:\/\/marina.swarpeca.es\/revista\/wp-json\/wp\/v2\/posts\/631\/revisions"}],"wp:featuredmedia":[{"embeddable":true,"href":"https:\/\/marina.swarpeca.es\/revista\/wp-json\/wp\/v2\/media\/630"}],"wp:attachment":[{"href":"https:\/\/marina.swarpeca.es\/revista\/wp-json\/wp\/v2\/media?parent=631"}],"wp:term":[{"taxonomy":"category","embeddable":true,"href":"https:\/\/marina.swarpeca.es\/revista\/wp-json\/wp\/v2\/categories?post=631"},{"taxonomy":"post_tag","embeddable":true,"href":"https:\/\/marina.swarpeca.es\/revista\/wp-json\/wp\/v2\/tags?post=631"}],"curies":[{"name":"wp","href":"https:\/\/api.w.org\/{rel}","templated":true}]}}