{"id":627,"date":"2009-10-27T00:03:17","date_gmt":"2009-10-27T00:03:17","guid":{"rendered":"https:\/\/marina.swarpeca.es\/revista\/2009\/10\/27\/declaracion-de-quito-sobre-reforma-agraria-por-una-reforma-agraria-integral-genuina-y-verdadera-que-solucione-la-crisis-de-los-alimentos-el-cambio-climatico-basta-de-criminalizacion-26-10\/"},"modified":"2009-10-27T00:03:17","modified_gmt":"2009-10-27T00:03:17","slug":"declaracion-de-quito-sobre-reforma-agraria-por-una-reforma-agraria-integral-genuina-y-verdadera-que-solucione-la-crisis-de-los-alimentos-el-cambio-climatico-basta-de-criminalizacion-26-10","status":"publish","type":"post","link":"https:\/\/marina.swarpeca.es\/revista\/declaracion-de-quito-sobre-reforma-agraria-por-una-reforma-agraria-integral-genuina-y-verdadera-que-solucione-la-crisis-de-los-alimentos-el-cambio-climatico-basta-de-criminalizacion-26-10\/","title":{"rendered":"Declaraci\u00f3n de Quito sobre Reforma Agraria. Por una Reforma Agraria Integral, genuina y verdadera que solucione la crisis de los alimentos, el cambio clim\u00e1tico, \u00a1Basta de Criminalizaci\u00f3n! [26\/10\/09]"},"content":{"rendered":"<p>La crisis de los alimentos y la crisis clim\u00e1tica que estamos enfrentando son resultado de la aplicaci\u00f3n de la tecnolog\u00eda de revoluci\u00f3n verde y las pol\u00edticas de comercio en la agricultura a nivel mundial. Las soluciones que promueven los gobiernos no favorecen a las comunidades ind\u00edgenas y campesinos y trabajadores agr\u00edcolas. La presi\u00f3n que se est\u00e1 poniendo a los pa\u00edses tropicales para proteger los bosques como zonas verdes no contrarresta las emisiones de carbono que emiten las industrias de los pa\u00edses del norte, no beneficia a los campesinos, porque al final la soluci\u00f3n es producir alimentos sanos y suficientes para nuestros pueblos.<\/p>\n<p>La mala distribuci\u00f3n de la tierra y el proceso de reconcentraci\u00f3n de la misma en manos de pocos, en este caso de las corporaciones transnacionales que implantan monocultivos de soya y eucalipto en Brasil, palma africana en Colombia e Indonesia, ca\u00f1a de az\u00facar, pi\u00f1on, hule. Estas corporaciones contaminan los r\u00edos y privatizan el acceso al agua que pone en peligro la vida de las familias campesinas. Las corporaciones est\u00e1n comprando e invadiendo tierra comunal y familiar que hist\u00f3ricamente ha servido para producir alimentos.<\/p>\n<p>Por d\u00e9cadas, los campesinos y los pueblos ind\u00edgenas del mundo estamos unidos para luchar por la reforma agraria para recuperar y defender nuestros territorios y hemos sido criminalizados por nuestra lucha. Esta criminalizaci\u00f3n de la lucha y la represi\u00f3n, en la que est\u00e1n involucrados la polic\u00eda, el ej\u00e9rcito, la seguridad privada de las empresas, se traducen en asesinatos, persecuci\u00f3n judicial y un alto nivel de impunidad porque no se investiga, no se castiga a los responsables a pesar de las denuncias y las pruebas que se tienen. Tal el caso de Brasil, Indonesia, Honduras, Bangladesh, etc. En Guatemala, s\u00f3lo en este mes de octubre asesinaron a dos dirigentes comunitarios: Adolfo Ichich Chaman y Orlando Boror Set, as\u00ed como al abogado defensor de los pueblos ind\u00edgenas, Fausto Otzin Poyon, quienes fueron asesinados por empresas mineras transnacionales.<\/p>\n<p>Despu\u00e9s de un largo proceso de lucha de los movimientos sociales, la FAO declar\u00f3 la importancia de la distribuci\u00f3n de la tierra consignada en la Conferencia Internacional sobre Reforma Agraria en Porto Alegre en 2006: Declaraci\u00f3n oficial de la Conferencia Internacional de Reforma Agraria y Desarrollo Rural.<\/p>\n<p>Sin embargo, el seguimiento a esta declaraci\u00f3n ha sido muy lento o nulo en muchos pa\u00edses, a excepci\u00f3n de Honduras y Rep\u00fablica Dominicana, donde las organizaciones encontraron apoyo de la FAO, los movimientos sociales y gobiernos para esta actividad. En el resto de pa\u00edses, la misma FAO y algunos gobiernos no tienen la intenci\u00f3n de implementar este acuerdo.<\/p>\n<p><strong>Demandamos<\/strong><\/p>\n<p>   1. El cese inmediato a la represi\u00f3n de la lucha y la criminalizaci\u00f3n de los campesinos y los ind\u00edgenas que son los productores de los alimentos del mundo.<\/p>\n<p>   2. Investigaci\u00f3n, captura y enjuiciamiento de los responsables de los asesinatos de dirigentes campesinos e ind\u00edgenas. Cese a la persecuci\u00f3n judicial y libertad inmediata de los presos pol\u00edticos.<\/p>\n<p>   3. Demandamos que el seguimiento a la declaraci\u00f3n de la FAO sea basado en las propuestas formuladas por las organizaciones campesinas e ind\u00edgenas.<\/p>\n<p>   4. Reafirmamos la necesidad de implementar una Reforma Agraria Integral como un elemento fundamental de la Soberan\u00eda Alimentaria.<\/p>\n<p>   5. Llamamos a la solidaridad internacional y a los pueblos del mundo a estar atentos al desenvolvimiento del proceso de las luchas por una reforma agraria integral.<\/p>\n<p><strong>Globalicemos la Lucha \u2026<\/strong><\/p>\n<p><strong>Globalicemos la Esperanza \u2026!!!!<\/strong><\/p>\n<p><strong>Reforma Agraria<\/strong><\/p>\n<p><strong>Por la Defensa de la Tierra y el Territorio.!!!!<\/strong><\/p>\n<p><em>International Operational Secretariat<\/em><\/p>\n<p><strong>La Via Campesina &#8211; International Secretariat<\/strong>: Jln. Mampang Prapatan XIV No. 5 Jakarta Selatan, Jakarta 12790  Indonesia.<\/p>\n<p>Phone : +62-21-7991890, Fax : +62-21-7993426<\/p>\n<p>E-mail: viacampesina@viacampesina.org, <\/p>\n<p><a href=\"https:\/\/www.viacampesina.org\">Website<\/a><\/p>\n<p>&#8211; Subscribe to Via Campesina News Updates! (<a href=\"https:\/\/www.viacampesina.org\">Go to https:\/\/www.viacampesina.org<\/a> and subscribe on line).<\/p>\n<p>&#8211; \u00a1Suscribe a la lista de informaci\u00f3n de La V\u00eda Campesina! (<a href=\"https:\/\/viacampesina.org\/main_sp\/\">Suscribe en l\u00ednea en https:\/\/viacampesina.org\/main_sp\/<\/a>).<\/p>\n<p>&#8211; Inscrivez-vous \u00e0 la liste d\u2019information de Via Campesina! (<a href=\"https:\/\/viacampesina.org\/main_fr\/\">Inscrivez-vous en ligne sur https:\/\/viacampesina.org\/main_fr\/<\/a>).<\/p>\n<p>&#8211; <a href=\"https:\/\/www.viacampesina.org\/main_sp\/index.php?option=com_content&#038;task=view&#038;id=888&#038;Itemid=1\">Fuente: La V\u00eda Campesina<\/a>.<\/p>\n<hr \/>\n<p><em>La V\u00eda Campesina, 23 de octubre de 2009<\/em><\/p>\n<p><strong>Acciones en el mundo: D\u00eda global de acci\u00f3n contra Monsanto y Agronegocio 16 de octubre del 2009<\/strong> \t<\/p>\n<p><strong>Place: Organization \/ Action<\/strong><\/p>\n<p>&#8211; Haiti: LVC-CLOC \/ Petition against Jatrofa.<\/p>\n<p>&#8211; Middleton USA: Family Farm Defenders \/ Protest against Monsanto.<\/p>\n<p>&#8211; Madison USA: FFD \/ Farm tours, reception.<\/p>\n<p>&#8211; Maine USA: Food for Maine&#8217;s Future \/ Films, seed exchange, teach-ins.<\/p>\n<p>&#8211; Dominican Republic \/ 4 encuentros regionales de movilizaci\u00f3n por la soberan\u00eda alimentaria y contra las transnacionales, que acaban con nuestros suelos y la naturaleza de nuestros productos.<\/p>\n<p>&#8211; Argentina: LVC-MNCI \/ Marcha Nacional por la Soberania Alimentaria.<\/p>\n<p>&#8211; Buenos Aires Argentina: LVC, Allies, Movimientos ALBA \/ Protestas, talleres populares.<\/p>\n<p>&#8211; Peru: CCP, CAN \/ Pronuncamiento publico.<\/p>\n<p>&#8211; Belfast \/ Seed swap and films.<\/p>\n<p>&#8211; Switzerland: UNITERRE \/ Train against hunger.<\/p>\n<p>&#8211; India: Allies, CCSR-INSAF \/ Fast and protest against GMOs.<\/p>\n<p>&#8211; Espa\u00f1a \/ Documentary the world according to monsanto, protests against GMO.<\/p>\n<p>&#8211; Guatemala: LVC-CLOC Central america \/ Encuentro Regional \u201cJ\u00f3venes por la Reforma Agraria y El Desarrollo Rural, Juventud y Revoluci\u00f3n Agraria\u201d.<\/p>\n<p>&#8211; Canada: LVC and allies \/ Letters to minister of Ag, and press release against Monsanto and GMOs.<\/p>\n<p>&#8211; Canada: Green Party, NDP Canada \/ Press release in support of international day of action against Monsanto.<\/p>\n<p>&#8211; Mexico: UNORCA \/ Foro Internacional Fuera Monsanto.<\/p>\n<p>&#8211; Mexico: ANEC \/ Press conference.<\/p>\n<p>&#8211; Brazil: LVC-Brazil \/ Forum, movilizaci\u00f3n por dia internacional de lucha.<\/p>\n<p>&#8211; Indonesia: SPI \/ Women demonstration for food sovereignty.<\/p>\n<p>&#8211; <a href=\"https:\/\/www.viacampesina.org\/main_sp\/index.php?option=com_content&#038;task=view&#038;id=887&#038;Itemid=80\">Fuente: La V\u00eda Campesina<\/a>.<\/p>\n<p><object width=\"340\" height=\"285\"><param name=\"movie\" value=\"https:\/\/www.youtube-nocookie.com\/v\/2AZ3LdWMCUA&#038;hl=es&#038;fs=1&#038;border=1\"><\/param><param name=\"allowFullScreen\" value=\"true\"><\/param><param name=\"allowscriptaccess\" value=\"always\"><\/param><embed src=\"https:\/\/www.youtube-nocookie.com\/v\/2AZ3LdWMCUA&#038;hl=es&#038;fs=1&#038;border=1\" type=\"application\/x-shockwave-flash\" allowscriptaccess=\"always\" allowfullscreen=\"true\" width=\"340\" height=\"285\"><\/embed><\/object><\/p>\n","protected":false},"excerpt":{"rendered":"<p>Quito, 25 de octubre de 2009. Reunidos en Quito, Ecuador, representantes de pa\u00edses del mundo miembros de la <em>Comisi\u00f3n Internacional de Reforma Agraria Integral<\/em>, en el marco de la Campa\u00f1a Global por la Reforma Agraria que impulsa La V\u00eda Campesina, tras analizar la situaci\u00f3n de la Reforma Agraria, la defensa de la tierra y el territorio para mejorar las condiciones de vida en el campo, concluimos lo siguiente. <\/p>\n","protected":false},"author":1,"featured_media":0,"comment_status":"closed","ping_status":"open","sticky":false,"template":"","format":"standard","meta":{"footnotes":""},"categories":[5],"tags":[],"_links":{"self":[{"href":"https:\/\/marina.swarpeca.es\/revista\/wp-json\/wp\/v2\/posts\/627"}],"collection":[{"href":"https:\/\/marina.swarpeca.es\/revista\/wp-json\/wp\/v2\/posts"}],"about":[{"href":"https:\/\/marina.swarpeca.es\/revista\/wp-json\/wp\/v2\/types\/post"}],"author":[{"embeddable":true,"href":"https:\/\/marina.swarpeca.es\/revista\/wp-json\/wp\/v2\/users\/1"}],"replies":[{"embeddable":true,"href":"https:\/\/marina.swarpeca.es\/revista\/wp-json\/wp\/v2\/comments?post=627"}],"version-history":[{"count":0,"href":"https:\/\/marina.swarpeca.es\/revista\/wp-json\/wp\/v2\/posts\/627\/revisions"}],"wp:attachment":[{"href":"https:\/\/marina.swarpeca.es\/revista\/wp-json\/wp\/v2\/media?parent=627"}],"wp:term":[{"taxonomy":"category","embeddable":true,"href":"https:\/\/marina.swarpeca.es\/revista\/wp-json\/wp\/v2\/categories?post=627"},{"taxonomy":"post_tag","embeddable":true,"href":"https:\/\/marina.swarpeca.es\/revista\/wp-json\/wp\/v2\/tags?post=627"}],"curies":[{"name":"wp","href":"https:\/\/api.w.org\/{rel}","templated":true}]}}