{"id":605,"date":"2009-10-22T03:40:43","date_gmt":"2009-10-22T03:40:43","guid":{"rendered":"https:\/\/marina.swarpeca.es\/revista\/2009\/10\/22\/argentina-emergencia-sanitaria-en-verano-el-dengue-sera-practicamente-imparable-en-chaco-catamarca-tucuman-salta-y-santiago-del-estero-22-10-09\/"},"modified":"2009-10-22T03:40:43","modified_gmt":"2009-10-22T03:40:43","slug":"argentina-emergencia-sanitaria-en-verano-el-dengue-sera-practicamente-imparable-en-chaco-catamarca-tucuman-salta-y-santiago-del-estero-22-10-09","status":"publish","type":"post","link":"https:\/\/marina.swarpeca.es\/revista\/argentina-emergencia-sanitaria-en-verano-el-dengue-sera-practicamente-imparable-en-chaco-catamarca-tucuman-salta-y-santiago-del-estero-22-10-09\/","title":{"rendered":"Argentina: Emergencia sanitaria. En verano el dengue ser\u00e1 \u00abpr\u00e1cticamente imparable\u00bb en Chaco, Catamarca, Tucum\u00e1n, Salta y Santiago del Estero [22\/10\/09]"},"content":{"rendered":"<p>El sindicalista, que se desempe\u00f1a como delegado normalizador de la <em>Asociaci\u00f3n Trabajadores del Estado<\/em> (ATE-CTA) en la provincia del Chaco asegur\u00f3 que \u00ab<em>el riesgo es alto<\/em>\u00bb en esa provincia considerada como el epicentro de la epidemia de dengue en el pa\u00eds en la temporada pasada: \u00ab<em>Muchos actos se hicieron para la foto<\/em>\u00ab, remarc\u00f3, al ser consultado por los alcances de una promocionada campa\u00f1a oficial realizada el mes pasado en Chaco, con el nombre de \u00ab<em>D\u00eda D de la Lucha contra el Dengue<\/em>\u00ab, en busca de combatir la proliferaci\u00f3n del temido mosquito.<\/p>\n<p>Carrica, quien tambi\u00e9n se ha desempe\u00f1ado como delegado gremial en el Ministerio de Salud de la Naci\u00f3n, dijo que existe \u00ab<em>un 90 por ciento<\/em>\u00bb de posibilidades de que la gente que fue picada en la temporada pasada en el Chaco contraiga ahora <strong>dengue hemorr\u00e1gico<\/strong>, una versi\u00f3n de la enfermedad que puede ser letal.<\/p>\n<p>\u00ab<em>Estamos estremecidos<\/em>\u00ab, subray\u00f3 el dirigente de la Mesa Nacional de la CTA, que agreg\u00f3 que \u00ab<em>la epidemia es pr\u00e1cticamente imparable<\/em>\u00bb y dijo que <strong>la situaci\u00f3n es similarmente grave en las provincias de Catamarca, Tucum\u00e1n, Salta y Santiago del Estero<\/strong>.<\/p>\n<p>Carrica, que se\u00f1al\u00f3 que los distritos del NOA y el NEA en general tienen problemas para luchar contra el avance del mal, denunci\u00f3 tambi\u00e9n que el presupuesto del Ministerio de Salud se redujo un 10,5 por ciento, lo que afect\u00f3 \u00ab<em>los programas del \u00e1rea epidemiol\u00f3gica<\/em>\u00bb de la entidad.<\/p>\n<p>\u00ab<em>No se est\u00e1n pagando comisiones, no est\u00e1 continuando con los programas de fumigaci\u00f3n, descacharrado, con las charlas a la comunidad ni los estudios estad\u00edsticos<\/em> (del dengue) <em>y al no tener una continuidad se cae todo<\/em>\u00ab, enfatiz\u00f3.<\/p>\n<p><strong>Manzur mira para otro lado<\/strong><\/p>\n<p>Carrica, integrante adem\u00e1s de la Conducci\u00f3n Nacional de ATE, manifest\u00f3 que si bien empleados de la cartera sanitaria nacional pidieron una reuni\u00f3n con el ministro Juan Manzur, hace m\u00e1s de una semana, todav\u00eda no fueron atendidos.<\/p>\n<p>El dirigente insisti\u00f3 en que \u00ab<em>se viene un riesgo terrible con el dengue<\/em>\u00bb y a\u00f1adi\u00f3 que epidemi\u00f3logos de la Organizaci\u00f3n Mundial de la Salud (OMS) estimaron que <strong>entre un mill\u00f3n y 1,5 millones de infectados podr\u00edan registrarse en la Argentina tras la llegada del calor y las lluvias<\/strong>.<\/p>\n<p>Adem\u00e1s, afirm\u00f3 que seg\u00fan estudios realizados en Salta, \u00ab<em>mut\u00f3 el virus<\/em>\u00bb de la enfermedad, lo cual \u00ab<em>es grav\u00edsimo<\/em>\u00ab, ya que supone que las mismas larvas est\u00e1n contaminadas.<\/p>\n<p>\u00ab<em>La pol\u00edtica sanitaria parece que estuviera congelada<\/em>\u00ab, dijo Carrica, que agreg\u00f3 que en el Chaco \u00ab<em>no se fumig\u00f3<\/em>\u00bb y las brigadas de lucha contra el dengue no pueden operar porque \u00ab<em>no se le mandan dinero para salir<\/em> (a trabajar), <em>para los vi\u00e1ticos ni para la nafta para los veh\u00edculos<\/em>\u00ab.<\/p>\n<p>Por \u00faltimo, indic\u00f3 que el Ministerio cuenta con m\u00e1s de 30 hospitales rodantes que adquiri\u00f3 y mantiene paralizados en la Capital Federal, en el marco de una operaci\u00f3n de compra global de camiones equipados con tecnolog\u00eda sanitaria de \u00faltima generaci\u00f3n que super\u00f3 los 6 millones de euros.<\/p>\n<p>\u00ab<em>Nosotros contabilizamos 37 camiones, que est\u00e1n hundi\u00e9ndose en el barro y sin uso en Barracas, de los cuales s\u00f3lo cinco salieron en alg\u00fan momento a rodar<\/em> (&#8230;) <em>Nadie se hace cargo de semejante parque automotor paralizado y est\u00e1n empezando a faltar elementos que se los van robando<\/em>\u00ab, concluy\u00f3.<\/p>\n<p>&#8211; <a href=\"https:\/\/www.argenpress.info\/2009\/10\/argentina-emergencia-sanitaria.html\">Fuente: Argenpress<\/a><\/p>\n","protected":false},"excerpt":{"rendered":"<p>El secretario general de la <em>Federaci\u00f3n Nacional de Salud<\/em> (FNS-CTA), H\u00e9ctor Carrica, advirti\u00f3 que la llegada del calor generar\u00e1 una <a href=\"article434\">epidemia de dengue<\/a> que ser\u00e1 \u00ab<em>pr\u00e1cticamente imparable<\/em>\u00bb en el pa\u00eds, debido a que no se tomaron las medidas preventivas adecuadas. Carrica dijo que recorri\u00f3 localidades del Chaco y los pozos est\u00e1n \u00ab<em>absolutamente infectados de larvas<\/em>\u00bb del mosquito vector de la enfermedad, el <em>Aedes aegypti<\/em>, y denunci\u00f3 que las brigadas de <a href=\"article437\">lucha contra el dengue<\/a> se encuentran paralizadas all\u00ed por falta de presupuesto. Previene que la situaci\u00f3n ser\u00e1 igualmente grave, adem\u00e1s de la provincia del Chaco, en Catamarca, Tucum\u00e1n, Salta y Santiago del Estero.<\/p>\n","protected":false},"author":1,"featured_media":604,"comment_status":"closed","ping_status":"open","sticky":false,"template":"","format":"standard","meta":{"footnotes":""},"categories":[32],"tags":[],"_links":{"self":[{"href":"https:\/\/marina.swarpeca.es\/revista\/wp-json\/wp\/v2\/posts\/605"}],"collection":[{"href":"https:\/\/marina.swarpeca.es\/revista\/wp-json\/wp\/v2\/posts"}],"about":[{"href":"https:\/\/marina.swarpeca.es\/revista\/wp-json\/wp\/v2\/types\/post"}],"author":[{"embeddable":true,"href":"https:\/\/marina.swarpeca.es\/revista\/wp-json\/wp\/v2\/users\/1"}],"replies":[{"embeddable":true,"href":"https:\/\/marina.swarpeca.es\/revista\/wp-json\/wp\/v2\/comments?post=605"}],"version-history":[{"count":0,"href":"https:\/\/marina.swarpeca.es\/revista\/wp-json\/wp\/v2\/posts\/605\/revisions"}],"wp:featuredmedia":[{"embeddable":true,"href":"https:\/\/marina.swarpeca.es\/revista\/wp-json\/wp\/v2\/media\/604"}],"wp:attachment":[{"href":"https:\/\/marina.swarpeca.es\/revista\/wp-json\/wp\/v2\/media?parent=605"}],"wp:term":[{"taxonomy":"category","embeddable":true,"href":"https:\/\/marina.swarpeca.es\/revista\/wp-json\/wp\/v2\/categories?post=605"},{"taxonomy":"post_tag","embeddable":true,"href":"https:\/\/marina.swarpeca.es\/revista\/wp-json\/wp\/v2\/tags?post=605"}],"curies":[{"name":"wp","href":"https:\/\/api.w.org\/{rel}","templated":true}]}}