{"id":600,"date":"2009-10-17T06:19:15","date_gmt":"2009-10-17T06:19:15","guid":{"rendered":"https:\/\/marina.swarpeca.es\/revista\/2009\/10\/17\/programa-de-conferencias-y-otras-actividades-de-biocultura-2009-madrid-5-al-8-de-noviembre-de-2009\/"},"modified":"2021-03-01T22:39:03","modified_gmt":"2021-03-01T22:39:03","slug":"programa-de-conferencias-y-otras-actividades-de-biocultura-2009-madrid-5-al-8-de-noviembre-de-2009","status":"publish","type":"post","link":"https:\/\/marina.swarpeca.es\/revista\/programa-de-conferencias-y-otras-actividades-de-biocultura-2009-madrid-5-al-8-de-noviembre-de-2009\/","title":{"rendered":"Programa de conferencias y otras actividades de Biocultura 2009: Madrid 5 al 8 de noviembre de 2009"},"content":{"rendered":"<p>*<strong>Programa Biocultura 2009, Madrid<\/strong><\/p>\n<p><strong>Jueves 5 de noviembre<\/strong>: <strong>hora, sala, actividad<\/strong><\/p>\n<p>&#8211; 13 h. Inauguraci\u00f3n Oficial de BioCultura. Brindis x Bio\u201925.<\/p>\n<p>&#8211; 13 h. 5: Festival de Cine BioCultura [[<strong>Festival de Cine BioCultura en Madrid. De la pantalla a la consciencia<\/strong><\/p>\n<p>Nueva edici\u00f3n del festival de Cine \u201cBio\u201d contar\u00e1 con preestreno en el estado de \u201c2012 (El mundo no se acaba, se transforma<\/em>\u201d y de la proyecci\u00f3n de una pel\u00edcula sorpresa.<\/p>\n<p>Para este a\u00f1o, el Festival de Cine BioCultura en Madrid tiene programadas cuatro pel\u00edculas, que ser\u00e1n proyectadas en la Sala 6 del Pabell\u00f3n de Cristal de la Casa de Campo. Organizado por BioCultura y Karma Films, el festival contar\u00e1 con el preestreno estatal del documental \u201c2012 (El mundo no se acaba, se transforma)\u201d y tambi\u00e9n con la proyecci\u00f3n de una pel\u00edcula sorpresa de la m\u00e1s rabiosa actualidad.<\/p>\n<p>&#8211; <em>2012 (El mundo no se acaba, se transforma)<\/em>: jueves, 5 de noviembre, a las 13h y 16h<\/p>\n<p>Varias profec\u00edas interpretan esta fecha como la llegada del fin del mundo, pero este documental nos descubre los secretos de los Mayas para anunciarnos el inicio de una nueva era para la humanidad.<\/p>\n<p>&#8211; <em>Confianza total<\/em>: viernes, 6 de noviembre a las 13h y 16h<\/p>\n<p>\u00bfQu\u00e9 puedo hacer para no sentirme solo? \u00bfC\u00f3mo ser m\u00e1s optimista cuando todo sale mal? Con este film esperamos que las personas se reconecten con sus sue\u00f1os. Sabemos que la confianza es la clave para hacerlo.<\/p>\n<p>&#8211; <em>The moon inside you<\/em>: s\u00e1bado, 7 de noviembre, a las 13h y 16h<\/p>\n<p>El documental es el viaje personal de la directora en el que explora c\u00f3mo nosotros, hombres y mujeres, experimentamos la menstruaci\u00f3n y lo que eso nos indica de nuestra moderna sociedad occidental.<\/p>\n<p>&#8211; <em>Pel\u00edcula sorpresa<\/em>: domingo, 8 de noviembre, a las 13h y 16h<\/p>\n<p>Una sorpresa de la m\u00e1s rabiosa actualidad. P\u00e1sate por el stand de Karma Films y descubre la peque\u00f1a joya que te reservamos para el domingo.]]: \u201c2012 (el mundo no se acaba, se transforma)\u201d.<\/p>\n<p>&#8211; 14 h. 1: Clases de yoga: profesores titulados. Organiza: Yogaes.com<\/p>\n<p>&#8211; 15 h. 4: De la bio-energ\u00e9tica a la bio-informaci\u00f3n. Pasado y futuro de la P.H.E. Jornadas de Salud Natural en Acuario: Marcel Vega, terapeuta de bioenerg\u00e9tica y bioinformaci\u00f3n. Organiza. Hospital Acuario.<\/p>\n<p>&#8211; 16 h. 1: Anma. El arte de las terapias corporales: Nir Levi. Organiza: Escuela de vida.<\/p>\n<p>&#8211; 16 h. 2: Moruna. Dehesacultura, transhumancia y biodiversidad: Teresa Vicetto, periodista, fundadora de la revista <em>Quercus<\/em>, editora de la revista <em>El C\u00e1rabo<\/em>.<\/p>\n<p>&#8211; 16 h. 4: Piscinas naturales o estanques de ba\u00f1o: In\u00e9s Drechsel, Life Design, piscinas naturales. <\/p>\n<p>&#8211; 16 h. 5: Festival de Cine BioCultura: pel\u00edcula \u201c2012 (el mundo no se acaba, se transforma)\u201d. Organizan: Karma Films y BioCultura.<\/p>\n<p>&#8211; 16 h. V\u00eddeo Biocultura 25 a\u00f1os.<\/p>\n<p>&#8211; 17 h. 1: Molen Aartje. Productos con algarroba: Ivonne Witpaard. Organiza Biocop.<\/p>\n<p>&#8211; 17 h. 2: La restauraci\u00f3n colectiva sostenible. Una respuesta ante la crisis econ\u00f3mica y ecol\u00f3gica actual. Jornada Ecolog\u00eda y Restauraci\u00f3n colectiva en los centros sociales: Jorge Hern\u00e1ndez. Presidente de CERAI y vicepresidente de Slow Food Espa\u00f1a. Organiza: Alimenterra.<\/p>\n<p>&#8211; 17 h. 4: Taller de Sat Nam Rasayan: Ambrosio Espinosa, m\u00e9dico, sanador, oste\u00f3pata, formador de kundalini yoga.<\/p>\n<p>&#8211; 17 h. Triodos Bank. Mikel Garc\u00eda-Prieto.<\/p>\n<p>&#8211; 17.45 h. 2: En Roma, los escolares comen \u201cBio\u201d y \u201cJusto\u201d en el comedor. Jornada Ecolog\u00eda y Restauraci\u00f3n colectiva en los centros sociales. Silvana Sari, impulsora del programa escolar en Roma y directora de la Politica Educativa en la ciudad de Roma. Organiza: Alimenterra.<\/p>\n<p>&#8211; 18 h. 1: Productos macrobi\u00f3ticos y biol\u00f3gicos en una dieta occidental. Organiza Ecocentro.<\/p>\n<p>&#8211; 18 h. 4: Falun Gong: pr\u00e1ctica de autocultivaci\u00f3n para mejorar cuerpo y mente. Asociaci\u00f3n Falun Dafa.<\/p>\n<p>&#8211; 18 h. ConsumeHastaMorir. Isidro Jim\u00e9nez.<\/p>\n<p>&#8211; 18.30 h. 2: Impactos medioambientales en la restauraci\u00f3n colectiva. Jornada Ecolog\u00eda y Restauraci\u00f3n colectiva en los centros sociales: Maurizio Marianni, director de Risteco-Alimenterra. Organiza: Alimenterra.<\/p>\n<p>&#8211; 19 h. 1: El elixir del Sol: el poder de la nueva alquimia. Jornadas de Salud Natural en Acuario: Hector Ribao, natur\u00f3pata y psicoterapeuta personal. Organiza Hospital Acuario.<\/p>\n<p>&#8211; 19 h. 4: El arte de la alimentaci\u00f3n y la conciencia: M\u00aa Rosa Casal. Organiza: Escuela de vida.<\/p>\n<p>&#8211; 19.15 h. 2: Did\u00e1ctica escolar en la restauraci\u00f3n ecol\u00f3gica. Experiencia en Andaluc\u00eda.<br \/>\nJornada Ecolog\u00eda y Restauraci\u00f3n colectiva en los centros sociales: Margarita Villag\u00f3mez, coordinadora del programa de consumo social en la Junta de Andaluc\u00eda. Organiza Alimenterra.<\/p>\n<p><strong>Viernes 6 de noviembre<\/strong>: <strong>hora, sala, actividad<\/strong><\/p>\n<p>&#8211; 11 h. 1: Tus pi\u00e9s son el libro de tu vida: M\u00aa Rosa Casal. Organiza: Escuela de vida.<\/p>\n<p>&#8211; 11 h. 3: Recupera tu salud o equilibrio a nivel f\u00edsico, emocional, mental y espiritual: Eva Franklin, terapeuta experta en aceites esenciales. Organiza Young Living Essential Oils.<\/p>\n<p>&#8211; 11 h. Video BioCultura 25 a\u00f1os.<\/p>\n<p>&#8211; 12 h. 1: Pr\u00e1cticas de agricultura biodin\u00e1mica para recuperar la fertilidad del suelo: Marisol Garrido, doctora ingeniera agr\u00f3noma. Organiza Asociaci\u00f3n de Agricultura Biodin\u00e1mica de Espa\u00f1a.<\/p>\n<p>&#8211; 12 h. 2: Lima, m\u00e1s de 50 a\u00f1os al servicio de la alimentaci\u00f3n biol\u00f3gica: Ludovic Lemaire. Organiza Biocop.<\/p>\n<p>&#8211; 12 h. 3: Micolog\u00eda pr\u00e1ctica: Jorge Calvo, licenciado en ciencias biol\u00f3gicas.<\/p>\n<p>&#8211; 12 h. 4: Incienso japon\u00e9s: el perfume del esp\u00edritu: \u00c1ngel Chamorro, economista, licenciado en filosof\u00eda, empresario.<\/p>\n<p>&#8211; 12 h. Survival Internacional. Raquel Garc\u00eda.<\/p>\n<p>&#8211; 13 h. 2: Hable con ella: ponerle palabras a la p\u00e9rdida: Mario Merlino, poeta y traductor, dirige la revista \u201cVasos comunicantes\u201d, y Graciela Cao, m\u00e9dica higienista, dirige la casa de Reposo y Escuela de salud \u201cTres Azules\u201d.<\/p>\n<p>&#8211; 13 h. 4: El mito del coche el\u00e9ctrico: F\u00e9lix Garc\u00eda Rosillo, comisi\u00f3n de urbanismo y transporte de Ecologistas en Acci\u00f3n.<\/p>\n<p>&#8211; 13 h. 5: Festival de Cine BioCultura: \u201cConfianza total\u201d. Organizan: Karma Films y BioCultura.<\/p>\n<p>&#8211; 13h. Intereco.<\/p>\n<p>&#8211; 14 h. 1: Clases de yoga: profesores titulados. Organiza: Yogaes.com<\/p>\n<p>&#8211; 14 h. 3: La posibilidad de la paz: Prem Rawat, embajador de la paz. Asociaci\u00f3n Palabras de Paz.<\/p>\n<p>&#8211; 15 h. 1: Ense\u00f1anza gratuita de ejercicios de Falun Gong: Huai Ping Gan. Organiza Asociaci\u00f3n de Estudios Falun Dafa.<\/p>\n<p>&#8211; 15 h. 2: M\u00e1s y mejor, en pareja: M\u00aa Carmen \u00c1lvarez, psic\u00f3loga cl\u00ednica, especialista en pareja y familia, directora de la editorial Somos-psicolog\u00eda.<\/p>\n<p>&#8211; 15 h. 3: Somos lo que comemos y lo que pensamos: Sebasti\u00e1n Forenc, director comercial. Organiza Vegetalia.<\/p>\n<p>&#8211; 16 h. 1: Aceptando el regalo: Prem Rawat. Organiza Asociaci\u00f3n Palabras de paz.<\/p>\n<p>&#8211; 16 h. 2: Sexualidad femenina, la verdadera media naranja y el final de la violencia: Dolores Rubio, Beb\u00e9s Ecol\u00f3gicos.<\/p>\n<p>&#8211; 16 h. 3: Spatium Holos\u00edntesis: Soluciones para crear espacios saludables y arm\u00f3nicos: Manuel J. Mu\u00f1oz, ingeniero Industrial, economista, creador de Holos\u00edntesis.<\/p>\n<p>&#8211; 16 h. 4: Proyecci\u00f3n del documental \u201cManual de uso de una nave espacial\u201d. Organiza Amigos de la Tierra.<\/p>\n<p>&#8211; 16 h. 5: Festival de Cine BioCultura. \u201cConfianza total\u201d. Organizan Karma Films y BioCultura.<\/p>\n<p>&#8211; 16 h. Paco Casero. Presidente de CAAE.<\/p>\n<p>&#8211; 17 h. 1: Introducci\u00f3n al sistema de cultivo tradicional: Quico Barranco, agricultor ecol\u00f3gico.<\/p>\n<p>&#8211; 17 h. 2: El cultivo de hortalizas y plantas medicinales en balcones y azoteas: Josep M. Vall\u00e8s, ingeniero agr\u00f3nomo, autor del libro \u201c<em>El huerto urbano<\/em>\u201d. Organiza Tarpuna, SL.<\/p>\n<p>&#8211; 17 h. 3: Ekoriqueza: la riqueza del conocimiento: Luis Mart\u00edn Mart\u00edn, coach, monitor de relajaci\u00f3n, meditaci\u00f3n y pilates. Organiza seresmeralda.com<\/p>\n<p>&#8211; 17 h. 4: La energ\u00eda de las pir\u00e1mides: terapia de autosanaci\u00f3n: Gabriel Silva, psic\u00f3logo e investigador en bioenerg\u00eda. Jornadas de Salud Natural en Acuario. Organiza Hospital Acuario.<\/p>\n<p>&#8211; 17 h. GEA Asociaci\u00f3n de Estudios Geobiol\u00f3gicos. Fernando P\u00e9rez y Mariano Bueno.<\/p>\n<p>&#8211; 17.30 h. 5: Audici\u00f3n: Sonidos de la Naturaleza. Organiza Alosa, Sonidos de la Naturaleza.<\/p>\n<p>&#8211; 18 h. 1: Taller pr\u00e1ctico de Jin Shin Jyutsu: autoayuda sencilla y eficaz para el diario vivir (ser): M\u00aa Jes\u00fas Arias, m\u00e9dico, especialista en medicina energ\u00e9tica, practicante e instructora de seminarios de autoayuda de Jin Shin Jyutsu. Organiza Ecocentro.<\/p>\n<p>&#8211; 18 h. 2: Valoraci\u00f3n del aceite de oliva virgen ecol\u00f3gico a trav\u00e9s de nuestros sentidos: Ferm\u00edn Rodr\u00edguez, catador del panel de cata del C.R.D.O. Priego de C\u00f3rdoba. Organiza Aceites Vizc\u00e1ntar.<\/p>\n<p>&#8211; 18 h. 3: Biodanza: Lydia Estrella, psic\u00f3loga y profesora de biodanza.<\/p>\n<p>&#8211; 18 h. 4: Presentaci\u00f3n del Hospital Acuario de Salud Natural. Jornadas de Salud Natural en Acuario: Dr. Pedro Enguix. director m\u00e9dico y fundador del Hospital Acuario, y Luis Antonio L\u00e1zaro, terapeuta hol\u00edstico y coordinador del \u00e1rea de salud natural del Hospital Acuario. Organiza: Hospital Acuario.<\/p>\n<p>&#8211; 18 h. 5: Sonido en la pr\u00e1ctica profesional, con cuencos tibetanos, gongs, cr\u00f3talos y voz: Jacomina Kistemaker, psic\u00f3loga, terapeuta de sonido y formadora para profesionales.<\/p>\n<p>&#8211; 18 h. Presentaci\u00f3n BioCultura Valencia. Asoc. Vida Sana y Fira Valencia.<\/p>\n<p>&#8211; 19 h. 1: Taller de yoga Naradeva: Luis Luna Ghanesa, director t\u00e9cnico y pedag\u00f3gico de Naradeva.<\/p>\n<p>&#8211; 19 h. 2: \u00bfA qui\u00e9n sirve mi dinero? Transparencia y sostenibilidad en la banca: Mikel Garc\u00eda-Prieto, director territorial de Triodos Bank en Madrid.<\/p>\n<p>&#8211; 19 h. 3: \u00bfQu\u00e9 es un santuario de animales?: David Nuevo, activista por los derechos de los animales y cofundador del Santuario-Escuela EHL. Organiza El Hogar de Luci.<\/p>\n<p>&#8211; 19 h. 4: Taller de aplicaci\u00f3n del m\u00e9todo Demartini a las relaciones de pareja: \u00d3scar Dur\u00e1n Yates, coach. Organiza Coaching cu\u00e1ntico.<\/p>\n<p>&#8211; 19 h. 5: Concierto con instrumentos m\u00edsticos del mundo: Chema Pascual. Organiza Ritual Sound.<\/p>\n<p>&#8211; 19 h. La Conservaci\u00f3n de la Naturaleza en Espa\u00f1a: Joaqu\u00edn Araujo.<\/p>\n<p><strong>S\u00e1bado 7 de noviembre: hora, sala, actividad<\/strong><\/p>\n<p><em> <strong>&#8211; 11 h. 1: Los beneficios de la gripe porcina (Gripe A): <a href=\"https:\/\/www.amcmh.org\/PagAMC\/index.html\">Alfredo Embid, <em>Revista Medicina Hol\u00edstica<\/em><\/a>. Organiza: <a href=\"https:\/\/www.vacunacionlibre.org\/index.htm#\">Liga por la Libertad de Vacunaci\u00f3n<\/a>.<\/strong> <\/em><\/p>\n<p>&#8211; 11 h. 2: El impacto ambiental de la alimentaci\u00f3n: David Rom\u00e1n, presidente de U.V.E. (Uni\u00f3n Vegetariana Espa\u00f1ola).<\/p>\n<p>&#8211; 11 h. 3: Presentaci\u00f3n del libro \u201c<em>Educar cada d\u00eda<\/em>\u201d: Azucena Caballero y Carmen Baeza, madres que educan y socias de la Asociaci\u00f3n para la Libre Educaci\u00f3n (ALE).<\/p>\n<p>&#8211; 11 h. 4: Introducci\u00f3n a la terapia de polaridad: Fernando Maldonado, oste\u00f3pata y natur\u00f3pata, terapeuta e instructor de terapia de polaridad, instructor de kinesiolog\u00eda y<br \/>\nreflexokinesia.<\/p>\n<p>&#8211; 11 h. 6: Alimentaci\u00f3n antienvejecimiento: remedios naturales y recetas: Marisa Fern\u00e1ndez, asesora y profesora de cocina natural y energ\u00e9tica, presentadora del programa \u201cNaturalmente Light\u201d. Organiza Supermercados Origen.<\/p>\n<p>&#8211; 11 h. Clemente Mata. Ministerio de Medio Ambiente y Medio Rural y Marino.<\/p>\n<p><em> <strong>&#8211; 12 h. 1: Presentaci\u00f3n de la campa\u00f1a contra la <a href=\"https:\/\/marina.swarpeca.es\/revista\/informacion-independiente-sobre-la-vacuna-contra-el-virus-del-papiloma-humano-vph-proteccion-de-las-ninas-o-de-la-industria\/\">vacunaci\u00f3n del papiloma<\/a> humano (<a href=\"https:\/\/www.matriz.net\/caps2\/declaracion\/\">VPH<\/a>): Bel\u00e9n Igual, m\u00e9dica; Juan Dom\u00ednguez Layunta, presidente de la asociaci\u00f3n VPH; Jos\u00e9 A. Campoy, director de la revista <a href=\"https:\/\/www.dsalud.com\/\"><em>Discovery<\/em><\/a>. Organiza: <a href=\"https:\/\/www.vacunacionlibre.org\/index.htm#\">Liga por la Libertad de Vacunaci\u00f3n<\/a>.<\/strong> <\/em><\/p>\n<p>&#8211; 12 h. 2: Clonlara School: programas para apoyar la educaci\u00f3n en familia y las escuelas libres: Xavier Al\u00e0, director de la oficina en Espa\u00f1a de Clonlara School; Jacqueline Montjoy, tutora; Carmen Ibarlucea, editora de los boletines de Clonlara en Espa\u00f1a.<\/p>\n<p>&#8211; 12 h. 3: El mobiliario como armonizador del espacio y de las relaciones personales.<br \/>\nJos\u00e9 Luis Aranda, carpintero con experiencia en trabajos sutiles.<br \/>\nOrganiza: Artesan\u00eda Natural El Bosque, SL.<\/p>\n<p>&#8211; 12 h. 4: \u00bfPerjudican los m\u00f3viles a la salud? C\u00f3mo protegerse: Ulrich Holst, inventor y fabricante de la tecnolog\u00eda Chi. Organiza: Aguavital, productos bioenerg\u00e9ticos.<\/p>\n<p>&#8211; 12 h. 5: Las mujeres y el poder, los hombres y el amor. III Encuentro g\u00e9nero, Lakabe 2009: coordina: Mabel Ca\u00f1ada; Mauge Ca\u00f1ada, Xabi Odriozola, Bernard Biais, facilitadores del Encuentro. Organiza: La Red Ib\u00e9rica de Ecoaldeas, Ecohabitar, Selba.<\/p>\n<p>&#8211; 12 h. 6: Productos Biocop: Juan Picazos, gerente de Biocop.<\/p>\n<p>&#8211; 12 h. Ecologistas en Acci\u00f3n. Jos\u00e9 Vicente Barcia.<\/p>\n<p><em> <strong>&#8211; 13 h. 1: Vacuna enfermedad lengua azul de los animales: \u00bfQu\u00e9 problemas presenta?: Eva Mart\u00edn, Colectivo Rural Apisquillos. Organiza: <a href=\"https:\/\/www.vacunacionlibre.org\/index.htm\">Liga por la Libertad de Vacunaci\u00f3n<\/a>.<\/strong> <\/em><\/p>\n<p>&#8211; 13 h. 2: Vivir en la naturaleza, tomar alimentos vivos-crudos, relaci\u00f3n social positiva: Balta Lorenzo, fundador de La Cascada.<\/p>\n<p>&#8211; 13 h. 3: Holos\u00edntesis y otras terapias: esencias florales, acupuntura, reflexolog\u00eda, astrolog\u00eda, constelaciones &#8230;: Manuel J. Mu\u00f1oz, ingeniero industrial, economista, natur\u00f3pata,<br \/>\nprofesor de kinesiolog\u00eda, creador de Holos\u00edntesis .\u2026<\/p>\n<p>&#8211; 13 h. 4: 25 a\u00f1os de BioCultura, 25 a\u00f1os de periodismo ambiental: Arturo Larena, agencia <em>Efe<\/em>; Javier Rico, varios medios (<em>El Pa\u00eds<\/em>); Antonio Barrero, energ\u00edas renovables; Eva San Mart\u00edn, <em>ambientum.com<\/em>; presenta y modera: Lu\u00eds Guijarro, presidente de APIA. Organiza: APIA (Asociaci\u00f3n de Periodistas de Informaci\u00f3n<br \/>\nAmbiental).<\/p>\n<p>&#8211; 13 h. 5: Festival de Cine BioCultura. \u201cThe Moon inside you\u201d. Organizan: Karma Films y BioCultura.<\/p>\n<p><em> <strong>&#8211; 13 h. 6: <a href=\"https:\/\/marina.swarpeca.es\/revista\/IMG\/pdf\/transgenicos.pdf\">Los transg\u00e9nicos<\/a>, una amenaza para la agricultura ecol\u00f3gica: Juan Carlos Sim\u00f3n, agricultor ecol\u00f3gico afectado por contaminaci\u00f3n transg\u00e9nica; Ana Etchenique, vicepresidenta de la Confederaci\u00f3n de Consumidores y Usuarios (CECU); Juan Felipe Carrasco, responsable de la campa\u00f1a contra los transg\u00e9nicos de Greenpeace; David S\u00e1nchez, responsable del \u00c1rea de agricultura y alimentaci\u00f3n de Amigos de la Tierra.<\/strong> <\/em><\/p>\n<p>&#8211; 13 h. Amigos de la Tierra.<\/p>\n<p>&#8211; 14 h. 1: Clases de yoga: profesores titulados. Organiza: Yogaes.com<\/p>\n<p>&#8211; 14 h. 2: Los batidos verdes: una excelente fuente nutricional: Gabriela y David: \u201cVida en tu comida\u201d.<\/p>\n<p>&#8211; 14 h. 3: Terapia Gotas de Lluvia\/Raindrop Therapy con aceites esenciales terap\u00e9uticos: Eva Franklin, certificada en Vitaflex y Raindrop Therapy. Organiza: Young Living Essential Oils.<\/p>\n<p>&#8211; 14 h. 5: Las ecoaldeas en la Pen\u00ednsula Ib\u00e9rica: diferentes realidades y momentos: coordina Alfonso Flaquer; Mabel Ca\u00f1ada, Mauge Ca\u00f1ada, Toni Mar\u00edn y otros. Organiza: Red Ib\u00e9rica de Ecoaldeas, Ecohabitar, Selba.<\/p>\n<p>&#8211; 15 h. 1: Salud para el cuerpo y la mente: Juana S\u00e1nchez, profesora de pensamiento positivo y meditaci\u00f3n Raja Yoga.<\/p>\n<p>&#8211; 15 h. 2: Tantra y amor consciente: Hari Dass, instructor de tantra yoga y sexualidad consciente.<\/p>\n<p>&#8211; 15 h. 3: Nacer en Acuario: una nueva visi\u00f3n de la vida. Jornadas de Salud Natural en Acuario. Dr. Pedro Enguix, director m\u00e9dico y fundador del Hospital Acuario. Organiza Hospital Acuario.<\/p>\n<p>&#8211; 15 h. 5: Documental \u201c<em>\u00a1Qu\u00e9 crudo lo tenemos \u2026! \u00bf \u2026 o no?<\/em>\u201d: Pablo Torres, periodista y, por primera vez, documentalista.<\/p>\n<p>&#8211; 15 h. 6: Alternativas vegetales a la leche: David Rom\u00e1n, presidente de la U.V.E. (Uni\u00f3n Vegetariana Espa\u00f1ola) y Laboratorios Almond.<\/p>\n<p><em> <strong>&#8211; 16 h. 1: La lucha contra las bacterias y virus: una lucha autodestructiva: <a href=\"https:\/\/marina.swarpeca.es\/revista\/entrevista-a-maximo-sandin-con-motivo-del-bicentenario-de-charles-darwin-25-09-09\/\">M\u00e1ximo Sand\u00edn<\/a>, <a href=\"https:\/\/www.uam.es\/personal_pdi\/ciencias\/msandin\/\">profesor Universidad Aut\u00f3noma de Madrid<\/a>. Organiza: <a href=\"https:\/\/www.vacunacionlibre.org\/index.htm#\">Liga por la Libertad de Vacunaci\u00f3n<\/a><\/strong> <\/em>.<\/p>\n<p>&#8211; 16 h. 2: La terapia de polaridad y los reflejos astrol\u00f3gicos en los pi\u00e9s: Carlos L. Panades Nin, terapeuta de polaridad, vicepresidente de AETP, instructor de quiromasaje MDF y reflexoterapia.<\/p>\n<p>&#8211; 16 h. 3: Percepci\u00f3n visual: Ignacio Vallejo, master en optometr\u00eda cl\u00ednica, director de Mejor<br \/>\nVisi\u00f3n, Centro de Optometr\u00eda.<\/p>\n<p>&#8211; 16 h. 4: Presentaci\u00f3n del libro: <em>La dimensi\u00f3n espiritual del ser humano. Una perspectiva psicol\u00f3gica<\/em>: Jos\u00e9 A. Chumillas Talavera, pensador, psic\u00f3logo, escritor. Organiza: Casa de Reposo-Escuela de Salud Tres Azules-C\u00e1ceres.<\/p>\n<p>&#8211; 16 h. 5: Festival de Cine BioCultura. \u201cThe Moon inside you\u201d. Organizan: Karma Films y BioCultura.<\/p>\n<p><em> <strong>&#8211; 16 h. 6: Los impactos sociales de la ganader\u00eda industrial: la expansi\u00f3n de la soja en Am\u00e9rica Latina: Blanca Gonz\u00e1lez Rubial, \u00c1rea de Agricultura y Alimentaci\u00f3n Amigos de la Tierra; Marta Piqueras, Coordinadora de Organizaciones de Agricultores<br \/>\ny Ganaderos (COAG).<\/strong> <\/em><\/p>\n<p>&#8211; 16 h. SEO\/BirdLife. Fernando Barrio.<\/p>\n<p><em> <strong>&#8211; 17 h. 1: Ministerio de Sanidad, Industria Farmac\u00e9utica, medicamentos y vacunas \u00bfQu\u00e9 venden?: <a href=\"https:\/\/www.migueljara.com\/\">Miguel Jara<\/a>, periodista. Organiza: <a href=\"https:\/\/www.vacunacionlibre.org\/index.htm#\">Liga por la Libertad de Vacunaci\u00f3n<\/a>.<\/strong> <\/em><\/p>\n<p>&#8211; 17 h. 2: El agua y su vitalizaci\u00f3n, efectos sobre la salud: Ulrich Holst, inventor y fabricante de la tecnolog\u00eda Chi.<\/p>\n<p>&#8211; 17 h. 3: Diagn\u00f3stico MTC seg\u00fan yin\/yan y 5 elementos: Lee Kuy Moon, acupuntor y profesor MTC. Organiza: Dunam Natur.<\/p>\n<p>&#8211; 17 h. 4: Manual pr\u00e1ctico del huerto ecol\u00f3gico. Mariano Bueno, experto en agricultura ecol\u00f3gica, autor de libros.<\/p>\n<p>&#8211; 17 h. 5: Audici\u00f3n: Sonidos de la Naturaleza. Organiza: Alosa, Sonidos de la Naturaleza.<\/p>\n<p>&#8211; 17 h. 6: C\u00f3mo cocinar con agar-agar. Pronagar. La gelatina del Mar: demostraci\u00f3n pr\u00e1ctica: Roc\u00edo Codina, directora de la Escuela de cocina Cooking Club. Organiza: Pronagar. Espacio patrocinado por El Granero Integral, SL.<\/p>\n<p>&#8211; 17 h. Fundaci\u00f3n F\u00e9lix Rodr\u00edguez de la Fuente. Marion Stoler.<\/p>\n<p><em> <strong>&#8211; 18 h. 1: Intoxicaci\u00f3n por mercurio y aluminio presentes en las vacunas en la poblaci\u00f3n infantil de la Comunidad Valenciana. Propuestas a los gobiernos auton\u00f3micos: Manuel Garc\u00eda, colectivo Comunidad Valenciana (AVA); <a href=\"https:\/\/www.axel.org.ar\/articulos\/vacunas\/uriarte.htm\">Xavier Uriarte<\/a>, m\u00e9dico. <a href=\"https:\/\/www.vacunacionlibre.org\/index.htm#\">Organiza: Liga por la Libertad de Vacunaci\u00f3n<\/a>.<\/strong> <\/em><\/p>\n<p><em> <strong>&#8211; 18 h. 2: La sabidur\u00eda de la menstruaci\u00f3n<\/strong> <\/em> [[<strong>Sabidur\u00eda de la menstruaci\u00f3n: taller para mujeres<\/strong><\/p>\n<p><em>Facilitadora: Alexandra Pope<\/em><\/p>\n<p>\u00ab<em>El cuerpo femenino viene codificado con una pr\u00e1ctica -el ciclo menstrual- que adem\u00e1s encierra una dimensi\u00f3n espiritual. Se trata de una plantilla con su propia inteligencia y poder que va m\u00e1s all\u00e1 de la funci\u00f3n reproductora.<\/p>\n<p>Este proceso c\u00edclico puede abrirle a la mujer las puertas a una fuerza elemental enorme a un tiempo \u00edntima y universal. Dicha fuerza es potencialmente ext\u00e1tica, creativa, restauradora y llena de amor. Las mujeres entran en las profundidades de ese espacio durante la menstruaci\u00f3n.<\/p>\n<p>En este taller aprendemos sobre el proceso psico-espiritual de nuestro ciclo, c\u00f3mo acceder a las fuerzas ocultas y usarlas como sabia gu\u00eda interior para apoyarnos en el camino de la vida.<\/p>\n<p>El ciclo menstrual es un sistema vital y vitalizante que una vez comprendido puede transformar tus relaciones con los dem\u00e1s y contigo misma.<\/p>\n<p>Un taller para todas las mujeres y sobre todo para aquellas en el campo de la educaci\u00f3n (sexual, relaciones, y nacimiento), psicoterapia, coaching, y salud.<\/p>\n<p>Aunque no es un taller sobre salud, para aquellas personas que sufren con la menstruaci\u00f3n o se encuentran en guerra con sus propios cuerpos, este taller puede suponer una enorme sanaci\u00f3n<\/em>\u00ab.<\/p>\n<p><strong>Charlas\/taller 2 horas (Feria de Biocultura, Casa de Campo)<\/strong>:<\/p>\n<p>&#8211; La sabidur\u00eda de la menstruaci\u00f3n: s\u00e1bado 7 de noviembre. 18.00-20.00 horas.<\/p>\n<p>&#8211; Los peligros de la p\u00edldora: domingo 8 de noviembre. 16.00-18.00 horas.<\/p>\n<p><img loading=\"lazy\" decoding=\"async\" class=\" aligncenter size-full wp-image-596\" src=\"https:\/\/marina.swarpeca.es\/revista\/wp-content\/uploads\/2009\/10\/alexandra_pope-2.gif\" alt=\"alexandra_pope-2.gif\" align=\"center\" width=\"300\" height=\"400\" \/><\/p>\n<p><em> <strong>Alexandra Pope<\/strong> <\/em> ha trabajado m\u00e1s de 20 a\u00f1os como terapeuta en Australia y es pionera en un nuevo campo de desarrollo espiritual y psicol\u00f3gico de las mujeres basado en el poder del ciclo menstrual y el camino desde la menarqu\u00eda hasta la menopausia. En la actualidad imparte talleres por toda Inglaterra y Europa donde act\u00faa como facilitadora al tiempo que instruye y sana.<\/p>\n<p>&#8211; Coautora de su \u00faltimo libro <em>The Pill: Are You Sure It&#8217;s For You?<\/em> (Allen and Unwin, 2008).<\/p>\n<p>&#8211; Autora: <em>The Wild Genie: The Healing Power of Menstruation<\/em> (Sally Milner, 2001) y <em>The Woman&#8217;s Quest<\/em> (2006).<\/p>\n<p>&#8211; <a href=\"https:\/\/www.bebesecologicos.com\/?q=node\/26\">Fuente: Beb\u00e9s Ecol\u00f3gicos<\/a>.]]:<em> <strong> <a href=\"https:\/\/www.wildgenie.com\/alexandra_pope_fs.html\">Alexandra Pope<\/a>, experta en p\u00edldora anticonceptiva y autora, entre otros libros, de \u201c<em>The Wild Genie<\/em>\u201d y \u201c<em>The pill<\/em>\u201d.<\/strong> <\/em><\/p>\n<p>&#8211; 18 h. 3: Reiki, activaci\u00f3n de ADN y otras t\u00e9cnicas de sanaci\u00f3n. El poder sanador de las manos: miembros de Ecocentro-Salud.<\/p>\n<p><em> <strong>&#8211; 18 h. 4: Sensibilidad Qu\u00edmica M\u00faltiple. El riesgo t\u00f3xico diario [[<strong>Sensibilidad qu\u00edmica m\u00faltiple, en Biocultura<\/strong><\/p>\n<p>Un grupo de personas que sufre de la Sensibilidad Qu\u00edmica M\u00faltiple (SQM), considerada la enfermedad del siglo XXI, comparecer\u00e1 en BioCultura Madrid 2009 el s\u00e1bado 7 de noviembre. Con el objetivo de llamar la atenci\u00f3n sobre la enfermedad, el grupo (fundamentalmente formado por mujeres, en quienes la enfermedad es m\u00e1s com\u00fan, en una proporci\u00f3n de cuatro para un hombre) participar\u00e1 en la conferencia llevada a cabo por Carlos de Prada, periodista y autor del primer libro monogr\u00e1fico en Espa\u00f1a sobre el tema.  S\u00e1bado, 7 de noviembre. 18 h. Sala 4. Pabell\u00f3n de Cristal. Casa de Campo. BioCultura.<\/p>\n<p>Para esas mujeres que presentan una fuerte intolerancia a la exposici\u00f3n a niveles bajos de sustancias qu\u00edmicas t\u00f3xicas, acudir a un acto p\u00fablico de esa naturaleza es un verdadero acto de coraje. Esto es as\u00ed porque las sustancias qu\u00edmicas t\u00f3xicas est\u00e1n presentes en muchos productos de uso cotidiano, entre ellos desodorantes, perfumes, cosm\u00e9ticos, champ\u00faes, suavizantes de ropa, etc. Y la decisi\u00f3n por comparecer al evento se debe al hecho de que BioCultura pretende, justamente, incentivar el uso de productos sin esas sustancias. <\/p>\n<p>La SQM es una enfermedad que afecta a los m\u00e1s diversos sistemas org\u00e1nicos y que se manifiesta con los m\u00e1s variados s\u00edntomas. Adem\u00e1s, parece estar ligada a un da\u00f1o inducido por sustancias qu\u00edmicas t\u00f3xicas, tales como algunos pesticidas o disolventes, en el sistema l\u00edmbico, regi\u00f3n profunda del cerebro relacionada al control de funciones org\u00e1nicas.<\/p>\n<p>Las personas que padecen de esa enfermedad se vuelven, muchas veces, incapaces de moverse con libertad por las calles, de trabajar, de ir al cine y a centros comerciales. Se tienen que quedar confinadas dentro de sus casas. Y, a\u00fan dentro de sus hogares, tambi\u00e9n pueden correr peligro, en la medida en que est\u00e1n expuestas a emanaciones que llegan desde fuera, como la contaminaci\u00f3n urbana, los alimentos o el agua. Para asegurar su salud, deben tomar medidas como alimentarse exclusivamente de productos biol\u00f3gicos, usar determinados productos inocuos para asearse o limpiar la casa y eliminar fuentes de exposici\u00f3n que pueden llegarles desde tejidos, mobiliario y pinturas.<\/p>\n<p>A diferencia de lo que ocurre en pa\u00edses como Alemania, Austria o Jap\u00f3n, el Gobierno espa\u00f1ol no ha reconocido a\u00fan la enfermedad, a pesar de la certeza cient\u00edfica existente. Estas personas no tienen reconocidos sus derechos b\u00e1sicos esenciales y no reciben ayudas para acondicionar sus viviendas, comprar alimentos sin t\u00f3xicos, mascarillas, filtros y aparatos depuradores para limpiar el aire y el agua.<\/p>\n<p>Se considera que la enfermedad es la m\u00e1s evidente denuncia de la contaminaci\u00f3n cotidiana en la que vivimos. Contaminaci\u00f3n que, incluso, puede ser responsable de los m\u00e1s diversos tipos de c\u00e1ncer, alergias y asma. Con la participaci\u00f3n en BioCultura Madrid 2009, este grupo de afectados afrontar\u00e1 los posibles riesgos a su salud con el prop\u00f3sito de dejar de ser invisibles para la sociedad y para el Gobierno espa\u00f1ol.<\/p>\n<p>&#8211; Nota de prensa remitida por Vida Sana.<\/p>\n<p>&#8211; <a href=\"https:\/\/vidasana.org\/noticias-vidasana\/sensibilidad-quimica-multiple-en-biocultura.html\">Fuente: Asociaci\u00f3n Vida Sana<\/a>.]]: <a href=\"https:\/\/carlosdeprada.wordpress.com\/\">Carlos de Prada<\/a>, periodista y escritor, premio Global 500 de la ONU, premio Internacional Vida Sana.<\/strong> <\/em><\/p>\n<p>&#8211; 18 h. 5: Concierto para la paz: Jacomina Kistemaker, psic\u00f3loga y terapeuta de sonido; Rodrigo Hernando, psic\u00f3logo y profesor de percusi\u00f3n y cuencos tibetanos. Organiza: Centro Punta de Couso y Centro Sol.<\/p>\n<p>&#8211; 18 h. 6: Taller sobre el estado de la investigaci\u00f3n y la difusi\u00f3n de innovaciones agroecol\u00f3gicas en Espa\u00f1a: Antonio Bello, CSIC; Javier Tello, UAL; Concha Jord\u00e0, UPV; modera Juana Labrador, presidenta de SEAE.<\/p>\n<p>&#8211; 18 h. Presentaciones de los galardonados con el Premio Biodiversidad 2009.<\/p>\n<p>&#8211; 19 h. 1: Propuestas sencillas para una buena digesti\u00f3n: Xavier Uriarte, m\u00e9dico.<\/p>\n<p>&#8211; 19 h. 3: Epysteme: avanzando en el homeschooling: Rafael Lara, presidente de Epysteme; Azucena Caballero, vicepresidenta de Epysteme.<\/p>\n<p>&#8211; 19 h. 4: Del parto hospitalario al parto natural: hacia un nacimiento sin violencia. Jornadas de Salud Natural en Acuario. Dr. Enrique Lebrero, ginec\u00f3logo y obstetra del Hospital Maternidad Acuario. Organiza. Hospital Acuario.<\/p>\n<p>&#8211; 19 h. 5: Concierto: Sonidos que sanan \u201cEl Encantamiento\u201d: Nestor Kornblum y Mich\u00e8le Av\u00earard, encuentro de arm\u00f3nicos, directores de la asociaci\u00f3n de terapia del Sonido.<\/p>\n<p>&#8211; 19 h. 6: El pensamiento atrae la realidad: Sebasti\u00e1n Forenc, director comercial de Vegetalia.<\/p>\n<p>&#8211; 19 h. Proyecto Gran Simio. Pedro Pozas.<\/p>\n<p><strong>Domingo 8 de noviembre: hora, sala, actividad<\/strong><\/p>\n<p>&#8211; 11 h. 1: Nutrirse bien sin animales: Mar Garc\u00eda Gay\u00e0, nutricionista de la U.V.E. (Uni\u00f3n Vegetariana<br \/>\nEspa\u00f1ola).<\/p>\n<p>&#8211; 11 h. 2: Sanaci\u00f3n: un proceso autom\u00e1tico que obstaculizamos: Francisco Segarra, titulado en naturismo y naturopat\u00eda y diplomado<br \/>\nen diet\u00e9tica natural e iridolog\u00eda.<\/p>\n<p>&#8211; 11 h. 3: Beneficios de la macrobi\u00f3tica para la salud, la belleza y la armon\u00eda interior: Loli Curto, asesora de feng shui y experta en macrobi\u00f3tica y<br \/>\nalimentaci\u00f3n natural.<br \/>\nOrganiza: Feng Shui Escuela Taller, SL.<\/p>\n<p>&#8211; 11 h. 4: La pedagog\u00eda Waldorf: una escuela para los ni\u00f1os y para los padres y maestros:<br \/>\nAntonio Malag\u00f3n, presidente de la asociaci\u00f3n de centros Educativos<br \/>\nWaldorf de Espa\u00f1a y director del Centro de Formaci\u00f3n<br \/>\nde pedagog\u00eda Waldorf.<\/p>\n<p>&#8211; 11 h. 6: Naradeva, el yoga de la vida: Txomin Uranga-Ananta, fundador y presidente de Naradeva.<\/p>\n<p>&#8211; 11 h. Video BioCultura 25 a\u00f1os.<\/p>\n<p>&#8211; 12 h. 1: Taller de reflexolog\u00eda podal infantil: Sara Andrada, Olga Fern\u00e1ndez y Teresa Mart\u00edn, educadoras<br \/>\nde reflexolog\u00eda podal infantil.<\/p>\n<p>&#8211; 12 h. 2: 40 aniversario de Survival: Raquel Garc\u00eda, responsable de difusi\u00f3n de Survival Internacional<br \/>\nen Espa\u00f1a.<\/p>\n<p>&#8211; 12 h. 3: Clonlara School: o c\u00f3mo crear redes sociales en la globosfera y otros entornos virtuales: Xavier Al\u00e0, director de la Oficina en Espa\u00f1a de Clonlara School; Jacqueline Monjoy, tutora; Carmen Ibarlucea, editora de los boletines de Clonlara en Espa\u00f1a.<\/p>\n<p>&#8211; 12 h. 4: La doula. Una mujer, una madre, una doula: Amanda Gil y Mercedes Garc\u00eda, doulas, hacen preparaci\u00f3n<br \/>\nal parto y grupos de apoyo a madres.<br \/>\nOrganiza: Khardaia Doula, SL.<\/p>\n<p>&#8211; 12 h. 5: Agua viva. La vida de V\u00edctor Schauberger: coordinan Marion Kuprat y Toni Mar\u00edn.<br \/>\nOrganiza: Red Ib\u00e9rica de Ecoaldeas, Ecohabitar y Selba.<\/p>\n<p>&#8211; 12 h. 6: La limpieza hep\u00e1tica y de la ves\u00edcula biliar: Dr. Domingo P\u00e9rez Le\u00f3n.<br \/>\nOrganiza: El Granero Integral, SL. Obligatoria la inscripci\u00f3n a esta charla: \u2022 antes del viernes 6 de noviembre al Telf: 902 18 07 93 o e-mail: info@elgranero.com; \u2022 S\u00e1bado 7 de nov. en el stand n\u00ba 523 si hubiera plazas. Plazas limitadas.<\/p>\n<p>&#8211; 12 h. Greenpeace. Juan Jos\u00e9 L\u00f3pez de Uralde y Juan Felipe Carrasco.<\/p>\n<p>&#8211; 13 h. 1: Riqueza interior y riqueza exterior. La consciencia de la prosperidad: Sebasti\u00e1n Forenc, director comercial de Vegetalia.<\/p>\n<p>&#8211; 13 h. 2: Casas desmontables en bioconstrucci\u00f3n: Jos\u00e9 Luis Aranda, experto en bioconstrucci\u00f3n y cubiertas en<br \/>\nmadera.<br \/>\nOrganiza: Bioconstrucciones y Reformas, SL.<\/p>\n<p>&#8211; 13 h. 3: Poder de decisi\u00f3n, capacidad para el cambio: alternativas desde la pr\u00e1ctica en el proyecto As Corcerizas: Paula Vidal, Amigos da Terra Galicia.<\/p>\n<p>&#8211; 13 h. 4: Kundalini yoga en la era de Acuario. Organiza: Asociaci\u00f3n Espa\u00f1ola de Kundalini Yoga.<\/p>\n<p>&#8211; 13 h. 5: Festival de Cine BioCultura. \u201cPel\u00edcula sorpresa\u201d. Organizan: Karma Films y BioCultura.<\/p>\n<p>&#8211; 13 h. Trayectoria de SEAE. Jose Luis Porcuna y Juana Labrador.<\/p>\n<p>&#8211; 14 h. 1: Clases de yoga: profesores titulados.<br \/>\nOrganiza: Yogaes.com<\/p>\n<p>&#8211; 14 h. 3: Ampuku. Salud f\u00edsica y emocional: Nir Levi.<br \/>\nOrganiza: Escuela de Vida.<\/p>\n<p>&#8211; 14 h. 4: Feng Shui: c\u00f3mo ordenar nuestra casa: Loli Curto, asesora de feng shui y experta en macrobi\u00f3tica y<br \/>\nalimentaci\u00f3n natural.<br \/>\nOrganiza: Feng Shui Escuela Taller, SL.<\/p>\n<p>&#8211; 15 h. 1: Estabilidad interna en tiempos de crisis: Patricia Mayer, profesora de pensamiento positivo y meditaci\u00f3n<br \/>\nRaja Yoga.<br \/>\nOrganiza: Brahma Kumaris.<\/p>\n<p>&#8211; 15 h. 2: Formaci\u00f3n en geobiolog\u00eda y biohabitabilidad GEA Hartmann: Mariano Bueno, experto en agricultura ecol\u00f3gica, autor de libros.<br \/>\nOrganiza: Asociaci\u00f3n de Estudios Geobiol\u00f3gicos GEA.<\/p>\n<p>&#8211; 15 h. 3: Una nueva conciencia en el tratamiento del agua: Joana Due\u00f1as, responsable de Conasi Espa\u00f1a.<\/p>\n<p>&#8211; 15 h. 5: Concierto de mantras: Grupo \u201cGayatri\u201d, Ana Ba\u00f1uelos (Uma), Montse Ruano (Kumasi), Rai Luengo. Organiza: Escuela de yoga Naradeva.<\/p>\n<p>&#8211; 16 h. 1: Una Geobiolog\u00eda del tiempo presente: Daniel Rubio.<br \/>\nOrganiza: Asociaci\u00f3n de Estudios Geobiol\u00f3gicos GEA<\/p>\n<p>&#8211; 16 h. 2: Epysteme: taller infantil y juvenil: Rafael Lara, presidente de Epysteme; Sandra Lara, chica educada en el hogar; Juan Calvo, padre educador en casa.<br \/>\nOrganiza: Epysteme.<\/p>\n<p>&#8211; 16 h. 3: El arte de crear comunidad: coordina: Ulises. Organiza: Red Ib\u00e9rica de Ecoaldeas, Ecohabitar, Selba<\/p>\n<p>&#8211; 16 h. 4: Oncolog\u00eda natural. Tratamientos alternativos al c\u00e1ncer. Jornadas de Salud Natural en Acuario: Dr. Javier Herr\u00e1inz, m\u00e9dico onc\u00f3logo, licenciado en medicina china y naturopat\u00eda. Organiza: Hospital Acuario.<\/p>\n<p>&#8211; 16 h. 5: Festival de Cine BioCultura. \u201cPel\u00edcula sorpresa\u201d. Organizan: Karma Films y BioCultura.<\/p>\n<p><em> <strong>&#8211; 16 h. 6: Los peligros de la p\u00edldora anticonceptiva<\/strong> <\/em> [[<em>Entrevista a Alexandra Pope, experta en p\u00edldora anticonceptiva, autora del libro \u201cThe wild genie\u201d<\/em><\/p>\n<p><strong>\u201c<em>Los efectos secundarios de la p\u00edldora son muchos<\/em>\u201d<\/strong><\/p>\n<p><strong>Alexandra Pope nos ayuda a descubrir la verdadera femineidad que llevamos dentro y que estados, empresas y \u201cgurus\u201d de pacotilla nos secuestran. En esta entrevista, nos ofrece una visi\u00f3n global sobre el tema de la p\u00edldora anticonceptiva<\/strong>. <\/p>\n<p>Si dese\u00e1is ampliar la informaci\u00f3n, os recomendamos descubrir su web y\/o su libro \u201c<em>The wild genie<\/em>\u201d, disponible en Espa\u00f1a a trav\u00e9s de bebesecologicos.com, desgraciadamente s\u00f3lo en versi\u00f3n inglesa. <\/p>\n<p><img loading=\"lazy\" decoding=\"async\" class=\" aligncenter size-full wp-image-597\" src=\"https:\/\/marina.swarpeca.es\/revista\/wp-content\/uploads\/2009\/10\/AlexandraPope-2.jpg\" alt=\"AlexandraPope-2.jpg\" align=\"center\" width=\"144\" height=\"240\" \/><\/p>\n<p>&#8211; \u00bfCu\u00e1les son los efectos secundarios m\u00e1s comunes de la p\u00edldora?<\/p>\n<p>&#8211; \u00ab<em>Son muchos. Depresi\u00f3n, cambios de humor, p\u00e9rdida de libido, aumento de peso \u2026 Afecta en general a la salud incluyendo el debilitamiento de la funci\u00f3n inmunol\u00f3gica debido a la disrupci\u00f3n nutricional que supone la p\u00edldora en nuestro organismo. Las mujeres que toman la p\u00edldora u otros anticonceptivos hormonales pueden experimentar varios de estos efectos al mismo tiempo. La p\u00edldora tambi\u00e9n afecta a la fertilidad. Despu\u00e9s de dejar de tomarla, la regla puede tardar mucho en volver y retrasar bastante la concepci\u00f3n. Menos comunes, pero m\u00e1s serios, son efectos secundarios como la osteoporosis, trombosis y c\u00e1ncer de mama y cervical<\/em>\u00ab.<\/p>\n<p>&#8211; \u00bfSigue siendo la p\u00edldora un s\u00edmbolo de libertad?<\/p>\n<p>&#8211; \u00ab<em>Hoy en d\u00eda la p\u00edldora todav\u00eda se promociona como una forma de \u201ccontrolar nuestra vida\u201d. Lo ir\u00f3nico es que no s\u00f3lo \u201cno controlas\u201d, sino que est\u00e1s controlada por un medicamento. El verdadero sentido de \u201cllevar el control\u201d procede de conocer c\u00f3mo funciona nuestro cuerpo valorando los cambios mensuales r\u00edtmicos como oportunidades de autodescubrimiento y cuidado propio, as\u00ed como de acceso a las profundas fuentes de poder que el ciclo nos revela. \u00a1Eso es la verdadera libertad!<\/em>\u00ab.<\/p>\n<p><strong>Estrogenizaci\u00f3n del medio<\/strong><\/p>\n<p>&#8211; La p\u00edldora supone la estrogenizaci\u00f3n del medio, ya que sus residuos hormonales son imposibles de filtrar y de las  aguas residuales pasan a la cadena tr\u00f3fica \u2026<\/p>\n<p>&#8211; \u00ab<em>La p\u00edldora y otras formas de anticoncepci\u00f3n hormonal con estr\u00f3genos como la p\u00edldora anticonceptiva de emergencia, el parche y el anillo \u2026 han sido especialmente dise\u00f1adas para<br \/>\ntrastornar el funcionamiento natural del sistema endocrino de la mujer. Sin embargo, tambi\u00e9n act\u00faa como disruptor endocrino cuando es vertido en el medio ambiente a trav\u00e9s de las aguas residuales. Est\u00e1 demostrado que estos productos qu\u00edmicos afectan tanto a la<br \/>\nfauna marina como a los humanos. La exposici\u00f3n a dichos disruptores estrog\u00e9nicos del sistema endocrino durante un ciclo vital entero ha causado en algunas familias de peces una incapacidad reproductiva completa en s\u00f3lo una generaci\u00f3n. La Agencia de Medio Ambiente Brit\u00e1nica estudi\u00f3 10 r\u00edos durante un per\u00edodo de 5 a\u00f1os. Los estudios muestran que el estr\u00f3geno en la orina procedente de la p\u00edldora que hab\u00eda llegado a los peces a trav\u00e9s de<br \/>\naguas residuales \u2026 afectaba a un 50% de peces de sexo masculino al producir huevos en sus test\u00edculos y muchos hab\u00edan desarrollado tambi\u00e9n \u00f3rganos reproductivos femeninos. Adem\u00e1s se observaron efectos en el comportamiento; por ejemplo, en los ratones,<br \/>\nexpuestos antes y despu\u00e9s de nacer, que mostraban comportamientos an\u00f3malos en su vida adulta. Tenemos evidencias para afirmar que la exposici\u00f3n a estr\u00f3genos en el medio ambiente puede tener efectos adversos en los humanos. Por ejemplo, el dram\u00e1tico descenso del n\u00famero y calidad del esperma, el aumento en la incidencia de c\u00e1ncer en \u00f3rganos reproductivos como el pecho, pr\u00f3stata, la pubertad prematura, y el aumento en la incidencia de endometriosis<\/em>\u00ab.<\/p>\n<p><strong>Ethinylestrodiol<\/strong><\/p>\n<p>&#8211; \u00bfQu\u00e9 pasa con la hormona ethinylestrodiol?<\/p>\n<p>&#8211; \u00ab<em>Uno de los temas principales de investigaciones recientes es el impacto medioambiental de algunos de los m\u00e1s recientes anticonceptivos hormonales. El parche y anillo anticonceptivos pueden suponer mayores riesgos medioambientales despu\u00e9s de ser desechados que por los propios estr\u00f3genos de la orina. Un parche usado y arrojado al inodoro o enviado al vertedero puede da\u00f1ar la fauna pues contin\u00faa desprendiendo la hormona ethinylestrodiol. Como vemos, los anticonceptivos hormonales pueden tener<br \/>\nefectos que van m\u00e1s all\u00e1 de la propia mujer individual que los usa<\/em>\u00ab.<\/p>\n<p><strong>El gran negocio<\/strong><\/p>\n<p>&#8211; \u00bfQui\u00e9n es el que gana con la implantaci\u00f3n global de la p\u00edldora?<\/p>\n<p>&#8211; \u00ab<em>Las empresas farmac\u00e9uticas. Es un producto muy rentable para ellas. Para los m\u00e9dicos<br \/>\ntambi\u00e9n es muy rentable. Simplemente recetan lo mismo cuando se acaba. A las mujeres<br \/>\nque muestran preocupaci\u00f3n les recetan otra marca de p\u00edldora y listo. Por desgracia muchos m\u00e9dicos no informan lo suficiente de los efectos secundarios ni de las contraindicaciones. A veces dicen algo pero de forma muy r\u00e1pida. Hay algunos m\u00e9dicos que no son partidarios de la p\u00edldora, pero son pocos y dispersos. Hablar en contra de la p\u00edldora en el \u00e1mbito sanitario es visto como un suicidio profesional<\/em>\u00ab.<\/p>\n<p>&#8211; \u00bfLa p\u00edldora confunde al organismo femenino?<\/p>\n<p>&#8211; \u00ab<em>El ciclo menstrual de la mujer es un sistema muy sofisticado que cambia constantemente. Responde al medio interno y externo y nos informa mensualmente de c\u00f3mo manejamos nuestras vidas. La p\u00edldora suprime este ciclo y, adem\u00e1s de los muchos efectos secundarios mencionados antes, tiene un efecto mortal en nuestra capacidad de saber lo que sucede en nuestra vida a nivel f\u00edsico y emocional. Enmascara los s\u00edntomas de problemas de salud confundi\u00e9ndolos. Puede que no detectemos se\u00f1ales de problemas de salud o asuntos emocionales tan r\u00e1pido como cuando tenemos un ciclo normal. Adem\u00e1s distorsiona el paso por la menopausia, priv\u00e1ndonos de uno de los momentos psico-espirituales m\u00e1s importantes en la vida de una mujer<\/em>\u00ab.<\/p>\n<p><img loading=\"lazy\" decoding=\"async\" class=\" aligncenter size-full wp-image-598\" src=\"https:\/\/marina.swarpeca.es\/revista\/wp-content\/uploads\/2009\/10\/the_pill.jpg\" alt=\"the_pill.jpg\" align=\"center\" width=\"190\" height=\"252\" \/><\/p>\n<p><strong>P\u00edldora y feminismo. Aclarando conceptos<\/strong><\/p>\n<p>&#8211; \u00bfPor qu\u00e9, tantas veces, cuando alguien ataca a la p\u00edldora \u2026 los sectores feministas se sienten igualmente atacados, cuando no tiene nada que ver una cosa con la otra?<\/p>\n<p>&#8211; \u00ab<em>Supongo que nos referimos aqu\u00ed a las actitudes antifeministas y patriarcales. Hoy en d\u00eda la p\u00edldora se considera sin\u00f3nimo de la anticoncepci\u00f3n. Desafortunadamente existe una gran ignorancia sobre otras formas anticonceptivas, as\u00ed que cuando se cuestiona la p\u00edldora parece que estamos cuestionando la contracepci\u00f3n misma, y de ah\u00ed la reacci\u00f3n. Es muy<br \/>\ntriste que no se anime a las mujeres a conocer el funcionamiento de su propio ciclo menstrual, neg\u00e1ndoles as\u00ed la oportunidad de experimentar el m\u00e9todo anticonceptivo m\u00e1s poderoso, el conocimiento de su propia fertilidad. Con dicho conocimiento las mujeres tienen verdadero control sobre sus cuerpos, y la capacidad de elegir desde su posici\u00f3n de poder. Se asume hoy en d\u00eda que las mujeres son incapaces de manejar su fertilidad por s\u00ed mismas y que tienen que ser controladas por la medicina. Esas ideas pertenecen al siglo XIX, no al siglo XXI. Tenemos que cambiar las actitudes negativas sobre la menstruaci\u00f3n<br \/>\ny rescatar nuestro ciclo menstrual o ciclo de fertilidad como recurso exclusivamente femenino que, una vez entendido, proporciona no s\u00f3lo herramientas anticonceptivas, tambi\u00e9n un m\u00e9todo de autodescubrimiento y control personal<\/em>\u00ab.<\/p>\n<p>&#8211; M\u00e1s info:<\/p>\n<p>* <a href=\"https:\/\/www.bebesecologicos.com\">www.bebesecologicos.com<\/a>.<\/p>\n<p>* <a href=\"https:\/\/wildgenie.com\/alexandra_pope_fs.html\">https:\/\/www.wildgenie.com\/alexandra_pope_fs.html<\/a>.<\/p>\n<p><em>Mar\u00eda S\u00e1nchez<\/em><\/p>\n<p>&#8211; <a href=\"https:\/\/marina.swarpeca.es\/revista\/IMG\/pdf\/InfoBioCultura_no_39-6.pdf\">Fuente: InfoBioCultura 39, p\u00e1g. XVII<\/a>.]]<em> <strong>: Alexandra Pope, experta en p\u00edldora anticonceptiva y autora, entre otros libros, de \u201c<em>The Wild Genie<\/em>\u201d y \u201c<em>The pill<\/em>\u201d.<\/strong> <\/em><\/p>\n<p>&#8211; 16 h. Fundaci\u00f3n + \u00c1rboles.<\/p>\n<p>&#8211; 17 h. 1: Arquitectura ecol\u00f3gica. Sistemas de certificaci\u00f3n: I\u00f1aki Alonso. Organiza: Asociaci\u00f3n de Estudios Geobiol\u00f3gicos GEA.<\/p>\n<p>&#8211; 17 h. 2: Cosm\u00e9tica natural frente a cosm\u00e9tica convencional: Ana Isabel de Andr\u00e9s, directora t\u00e9cnica de Taller Amapola.<\/p>\n<p>&#8211; 17 h. 3: Mesa participativa de construcci\u00f3n con balas de paja: presentaci\u00f3n. Preguntas y respuestas: coordina M\u00f3nica Cebada, Red de Construcci\u00f3n con Balas de<br \/>\nPaja.<br \/>\nOrganiza: Red de Construcci\u00f3n con balas de paja, Red Ib\u00e9rica<br \/>\nde Ecoaldeas, EcoHabitar, Selba.<\/p>\n<p>&#8211; 17 h. 4: Libro <em>Casa Saludable<\/em>: Mariano Bueno, experto y divulgador de Geobiolog\u00eda, Bioconstrucci\u00f3n<br \/>\ny Agricultura Biol\u00f3gica.<\/p>\n<p>&#8211; 17 h. The Ecologist. Pedro Burruezo<\/p>\n<p>&#8211; 18 h. 1: Embarazo, parto y lactancia: M\u00aa Rosa Casal. Organiza Escuela de vida.<\/p>\n<p>&#8211; 18 h. 2: Taller de reflexolog\u00eda en embarazo y parto: Luca Sanguini, reflex\u00f3logo, formado en la escuela Rabat de<br \/>\nMadrid y especializado en reflexolog\u00eda en embarazo y parto<br \/>\ncon Mauricio Kruchik.<br \/>\nOrganiza: Khardaia Doula, SL.<\/p>\n<p>&#8211; 18 h. 3: Escuela Kryon Madrid: los 48 pasos del despertar divino: miembros de Ecocentro-Salud, entrenadores oficiales de la Escuela<br \/>\nKryon.<\/p>\n<p>&#8211; 18 h. 5: Concierto por la Tierra: Jacomina Kistemaker, psic\u00f3loga y terapeuta de sonido; Rodrigo Hernando, psic\u00f3logo y profesor de percusi\u00f3n y cuencos<br \/>\ntibetanos.<br \/>\nOrganiza: Centro Punta de Couso y Centro Sol.<\/p>\n<p>&#8211; 18 h. 6: Influencia del cultivo vibracional en el huerto jard\u00edn: Quico Barranco, agricultor ecol\u00f3gico.<\/p>\n<p>&#8211; 18 h. Amnist\u00eda Internacional. Carmen Rueda.<\/p>\n<p>&#8211; 19 h. 1: La Comunidad: las bondades del plural: coordina Mabel Ca\u00f1ada, cofundadora de la comunidad de<br \/>\nLakabe y el Grupo Coordinaci\u00f3n de la red Ib\u00e9rica de Ecoaldeas.<br \/>\nOrganiza: Red Ib\u00e9rica de Ecoaldeas, EcoHabitar y Selba.<\/p>\n<p>&#8211; 19 h. 3: RUH: el remedio universal homeop\u00e1tico. Una nueva medicina para la sanaci\u00f3n integral. Jornadas de Salud Natural en Acuario. Luis Antonio L\u00e1zaro, terapeuta hol\u00edstico.<br \/>\nOrganiza Hospital Acuario.<\/p>\n<p>&#8211; 19 h. 5: Concierto Viaje Sonoro: Nestor Kornblum y Mich\u00e8le Av\u00earard, encuentro de arm\u00f3nicos.<\/p>\n<p>&#8211; 19 h. ConsumeHastaMorir. Isidro Jim\u00e9nez.<\/p>\n<hr \/>\n<p><img loading=\"lazy\" decoding=\"async\" class=\" aligncenter size-full wp-image-599\" src=\"https:\/\/marina.swarpeca.es\/revista\/wp-content\/uploads\/2009\/10\/mamaterra.jpg\" alt=\"mamaterra.jpg\" align=\"center\" width=\"273\" height=\"151\" \/><\/p>\n<p><strong>* mama terra. Festival ecol\u00f3gico de la infancia<\/strong><\/p>\n<p><strong>S\u00e1bado, 7 de noviembre<\/strong> <\/p>\n<p>&#8211; 11\u201930 h. a 13\u201930 h. Juego familiar de la Bioca.<\/p>\n<p>&#8211; 11\u201930 a 12\u201915 h. Cuentacuentos: Carmen Ibarlucea.<\/p>\n<p>&#8211; 12 a 13 h. Taller de elaboraci\u00f3n de mu\u00f1ecos ecol\u00f3gicos: Sociedad Natural de Sito.<\/p>\n<p>&#8211; 13\u201930 a 14\u201930 h. Actuaci\u00f3n de payasos sin fronteras.<\/p>\n<p>&#8211; 13 a 14\u201930 h. Zoom de la manzana.<\/p>\n<p>&#8211; 16 a 17 h. \u2022 Actuaci\u00f3n de payasos sin fronteras.<\/p>\n<p> \u2022 Hotel de los insectos.<\/p>\n<p> \u2022 Dise\u00f1a tu huerto.<\/p>\n<p>&#8211; 17\u201930 a 18\u201930 h. \u2022 Cuentacuentos: Carmen Ibarlucea.<\/p>\n<p> \u2022 Juego familiar de la Bioca.<\/p>\n<p> \u2022 Taller de valores humanos a trav\u00e9s de los cuentos: Sociedad Natural de Sito.<\/p>\n<p> \u2022 Zoom de la manzana.<\/p>\n<p>&#8211; 18\u201930 a 20 h. \u2022 Juegos cooperativos.<\/p>\n<p> \u2022 Escucha los sonidos de la Naturaleza: Alosa.<\/p>\n<p><strong>Domingo, 8 de noviembre<\/strong><\/p>\n<p>&#8211; 11\u201930 h. a 13\u201930 h. Juego familiar de la Bioca.<\/p>\n<p>&#8211; 11\u201930 a 12\u201915 h. \u2022 La vuelta al mundo sostenible.<\/p>\n<p> \u2022 Escucha los sonidos de la Naturaleza: Alosa.<\/p>\n<p>&#8211; 12 a 13 h. \u2022 Cia Sol y Tierra: Gaia Madre Tierra. <\/p>\n<p>&#8211; 13\u201930 a 14\u201930 h. \u2022 Actuaci\u00f3n de payasos sin fronteras.<\/p>\n<p> \u2022 Dise\u00f1a tu huerto.<\/p>\n<p>&#8211; 13 a 14\u201930 h. \u2022 Zoom de la manzana.<\/p>\n<p> \u2022 Espect\u00e1culo: Barak\u00e1. Voces de otros mundos: Luis Drake, Didier Oatola, Rebeca Cabez\u00f3n y Wafir S. Gibril.<\/p>\n<p>&#8211; 16 a 17 h. \u2022 El hotel de los insectos.<\/p>\n<p> \u2022 Actuaci\u00f3n de payasos sin fronteras.<\/p>\n<p> \u2022 Taller de valores humanos a trav\u00e9s de los cuentos: Sociedad Natural de Sito.<\/p>\n<p>&#8211; 17\u201930 a 18\u201930 h. \u2022 Espect\u00e1culo: Barak\u00e1. Voces de otros mundos: Luis<br \/>\nDrake, Didier Oatola, Rebeca Cabez\u00f3n y Wafir S. Gibril.<\/p>\n<p> \u2022 Juego familiar de la Bioca.<\/p>\n<p>&#8211; 18\u201930 a 20 h. \u2022 C\u00eda Sol y Tierra: Gaia Madre Tierra.<\/p>\n<p> \u2022 Juegos cooperativos.<\/p>\n<p><strong>Viernes, s\u00e1bado y domingo todo el d\u00eda<\/strong>: talleres con Ecolina.<\/p>\n<p><strong>S\u00e1bado y domingo todo el d\u00eda<\/strong><\/p>\n<p>\u2022 Taller de cocina MamaTerra (consultar horarios en el festival)<\/p>\n<p>\u2022 Taller de pan artesano<\/p>\n<p>\u2022 Paseos por los huertos urbanos<\/p>\n<p>\u2022 Un huerto en la pared<\/p>\n<p>\u2022 El detective y los productos sospechosos<\/p>\n<p>\u2022 Pasacalles: el carro de frutas y verduras<\/p>\n<p>\u2022 Juego de la Macedonia<\/p>\n<p>\u2022 Espacio infantil (juegos libres y biblioteca)<\/p>\n<p>\u2022 Ni\u00f1os con responsarbolidad. Fundaci\u00f3n + \u00c1rboles.<\/p>\n<p>\u2022 Semillas MamaTerra.<\/p>\n<p>\u2022 Sopa de frutas.<\/p>\n<p>\u2022 Experiencias hort\u00edcolas escolares a cubos.<\/p>\n<p>\u2022 Memori de frutas.<\/p>\n<p>\u2026. Y otras sorpresas.<\/p>\n<hr \/>\n<p>* <strong>Talleres artesanos<\/strong>: zona talleres, stand 261, planta baja.<\/p>\n<p><strong>Jueves 5 de noviembre<\/strong><\/p>\n<p>&#8211; 11\u201930 h. Elaboraci\u00f3n de jabones naturales, de miel bio.<\/p>\n<p>&#8211; 13 h. Elaboraci\u00f3n de dulces artesanos de navidad, mazap\u00e1n y polvorones.<\/p>\n<p>&#8211; 17 h. Elaboraci\u00f3n de velas artesanas, de hielo.<\/p>\n<p>&#8211; 18\u201930 h. Pan artesano, pan de levadura madre.<\/p>\n<p><strong>Viernes 6 de noviembre<\/strong><\/p>\n<p>&#8211; 11 h. Elaboraci\u00f3n de dulces artesanos de navidad, turrones Bio.<\/p>\n<p>&#8211; 13 h. Elaboraci\u00f3n de cremas cosm\u00e9ticas naturales, b\u00e1lsamo labial.<\/p>\n<p>&#8211; 17 h. Elaboraci\u00f3n de pan integral con hierbas y semillas biol\u00f3gicas.<\/p>\n<p>&#8211; 18\u201930 h. Afieltrado, lana cardada de oveja, enanos.<\/p>\n<p><strong>S\u00e1bado 7 de noviembre<\/strong><\/p>\n<p>-11\u201930 h. Elaboraci\u00f3n de jabones naturales, de aceite de hip\u00e9rico.<\/p>\n<p>-13 h. Elaboraci\u00f3n de leches fermentadas y yogures bio.<\/p>\n<p>-14\u201930 h. Charla informal sobre la experiencia de vivir en un entorno rural.<\/p>\n<p>-17 h. Elaboraci\u00f3n de pan de centeno biol\u00f3gico.<\/p>\n<p>-18\u201930 h. Afieltrado, lana cardada de oveja, hadas.<\/p>\n<p><strong>Domingo 8 de noviembre<\/strong><\/p>\n<p>&#8211; 11 h. Elaboraci\u00f3n de jabones naturales.<\/p>\n<p>&#8211; 13\u201930 h. Elaboraci\u00f3n de pan multicereales con levadura madre.<\/p>\n<p>&#8211; 14\u201930 h. Charla informal sobre la experiencia de vivir en un entorno rural.<\/p>\n<p>&#8211; 16\u201930 h. Elaboraci\u00f3n de leches fermentadas y yogures bio.<\/p>\n<p>&#8211; 18\u201930 h. Elaboraci\u00f3n de velas artesanas, de cera de abeja.<\/p>\n<p><strong>Organiza<\/strong>: El Esp\u00edritu del Bosque, centro de ocio rural y BioBultura.<\/p>\n<hr \/>\n<p><strong>Jornadas de formaci\u00f3n: gesti\u00f3n de establecimientos de venta de productos ecol\u00f3gicos<\/strong> <strong>(2\u00aa parte)<\/strong><\/p>\n<p>En BioCultura Madrid 2008 tuvieron lugar unas primeras jornadas de gesti\u00f3n de establecimientos de venta de productos ecol\u00f3gicos que despertaron un gran inter\u00e9s entre<br \/>\nlas personas que tienen previsto abrir un nuevo negocio de venta de productos ecol\u00f3gicos y aquellas que ya est\u00e1n trabajando en uno, ya sea como empleado o como propietario.<\/p>\n<p>En esa primera edici\u00f3n se introdujeron conceptos b\u00e1sicos sobre agricultura ecol\u00f3gica, gesti\u00f3n de la tienda y alimentaci\u00f3n y diet\u00e9tica. En esta segunda edici\u00f3n se pretende profundizar en los<br \/>\nconocimientos tanto de gesti\u00f3n como de diet\u00e9tica y alimentaci\u00f3n a la vez que se abordar\u00e1 el conocimiento de productos espec\u00edficos, pero muy presentes en este tipo de establecimientos como las algas o la cosm\u00e9tica.<\/p>\n<p>Aunque son una continuaci\u00f3n de las jornadas que se llevaron a cabo el a\u00f1o pasado, est\u00e1n abiertas y son de inter\u00e9s para cualquier persona interesada que est\u00e9 trabajando en el sector<br \/>\no tenga previsto hacerlo pr\u00f3ximamente.<\/p>\n<p><strong>Destinatarios<\/strong>: estas jornadas se incluyen dentro de la Plataforma de Formaci\u00f3n y Asesoramiento Cultivabio del Programa empleaverde de la Fundaci\u00f3n Biodiversidad. Est\u00e1n<br \/>\ncofinanciadas por el Fondo Social Europeo y destinadas a trabajadores de PYMES y aut\u00f3nomos. Formaci\u00f3n gratuita.<\/p>\n<p><strong>Inscripci\u00f3n<\/strong> obligatoria a estas jornadas: Tel. 93 580 08 18 &#8211; www.cultivabio.org<\/p>\n<p><strong>Jueves 5 de noviembre<\/strong><\/p>\n<p>&#8211; 11h sala 6 Inicio Jornadas \u00abGesti\u00f3n de establecimientos de venta de productos ecol\u00f3gicos (2\u00aa parte). <em>Plataforma<\/em> <strong>CultivaBio<\/strong>. <em>Programa<\/em> <strong>Empleo Verde<\/strong>.<\/p>\n<p>&#8211; 11h Inauguraci\u00f3n y presentaci\u00f3n: Angeles Parra, presidenta de la Asociaci\u00f3n Vida<br \/>\nSana.<\/p>\n<p>&#8211; 11.30-14h Jornadas \u00ab<em>Gesti\u00f3n de establecimientos de venta de productos ecol\u00f3gicos<\/em>\u00bb (2\u00aa parte): Prototipo de tienda ecol\u00f3gica. Futuras pautas de comercializaci\u00f3n y venta: Alberto L\u00f3pez Aguado, director de Economato Macabeo.<\/p>\n<p>&#8211; 14h Pausa comida.<\/p>\n<p>&#8211; 16-17.15h Cosm\u00e9tica ecol\u00f3gica y natural: Ana Isabel de Andr\u00e9s. Taller Amapola.<\/p>\n<p>&#8211; 17.45-19h Las algas, un alimento imprescindible: Clemente Fern\u00e1ndez Saa, cofundador de Algamar, autor del libro \u201c<em>Algas de Galicia. Alimento y Salud<\/em>\u201d.<\/p>\n<p><strong>Viernes 6 de noviembre<\/strong><\/p>\n<p>&#8211; 10-14h Cocina con alimentos ecol\u00f3gicos: Montse Vallory, profesora de cocina y chef<br \/>\ngraduada en el Natural Gourmet Institute for Health and Culinary Arts (Nueva York).<\/p>\n<p>&#8211; 14h Pausa comida.<\/p>\n<p>&#8211; 16-19h Gesti\u00f3n del establecimiento de venta: Alberto L\u00f3pez Aguado, director de Economato<br \/>\nMacabeo.<\/p>\n<hr \/>\n<p><strong>Comunidad de Madrid en BioCultura. Yo consumo bio<\/strong><\/p>\n<p>Catas de productos elaborados\/envasados, a cargo de los propios productores inscritos en el Comit\u00e9 de Agricultura Ecol\u00f3gica de la Comunidad de Madrid: los vinos, los aceites, las carnes, los quesos, pan y boller\u00eda, las mieles, las legumbres, otros \u2026 Los productores ecol\u00f3gicos madrile\u00f1os nos cuentan su experiencia: diferentes productores explicando cu\u00e1l es su experiencia en el negocio bio, desde diferentes perspectivas: origen y tipo de proyecto, metodolog\u00eda aplicada, producci\u00f3n, mercado al que abastecen, \u00bfc\u00f3mo ven el futuro del mercado?. <\/p>\n<p><strong>Espacio de informaci\u00f3n: todos los d\u00edas<\/strong>:<\/p>\n<p>&#8211; 16 h. \u00bfQu\u00e9 significa bio, ecol\u00f3gico y org\u00e1nico?. Comit\u00e9 de Agricultura Ecol\u00f3gica de la<br \/>\nComunidad de Madrid.<\/p>\n<p>&#8211; 17 h. Taller de reconocimiento de etiquetado. Marga Rold\u00e1n. Plataforma de Formaci\u00f3n CultivaBio. Asociaci\u00f3n Vida Sana.<\/p>\n<p>&#8211; 17\u201930 h. Alimentaci\u00f3n ecol\u00f3gica para ni\u00f1os, adultos, tercera edad: Montse Ballory y personal de Ecocentro.<\/p>\n<hr \/>\n<p><strong>Sectores:<\/strong><\/p>\n<p>\u2022 Alimentos biol\u00f3gicos\/ecol\u00f3gicos certificados.<\/p>\n<p>\u2022 Ropa y calzado ecol\u00f3gico.<\/p>\n<p>\u2022 Higiene y cosm\u00e9tica natural.<\/p>\n<p>\u2022 Bioconstrucci\u00f3n y energ\u00edas renovables.<\/p>\n<p>\u2022 Terapias para la salud.<\/p>\n<p>\u2022 Turismo rural.<\/p>\n<p>\u2022 Libros, revistas, m\u00fasica.<\/p>\n<p>\u2022 Artesan\u00edas &#8230;<\/p>\n<p>&#8211; <a href=\"www.biocultura.org\">Organiza: Asociaci\u00f3n Vida Sana para el Fomento de la Cultura y el Desarrollo Biol\u00f3gicos<\/a> <\/p>\n<p>\u2022 Tel: 935 800 818<\/p>\n<p><strong>Accesos<\/strong><\/p>\n<p>&#8211; Metro: l\u00ednea 10: estaci\u00f3n Lago; l\u00ednea 6: estaci\u00f3n Alto de Extremadura.<\/p>\n<p>&#8211; Autobuses: l\u00ednea 31: salida Plaza Mayor \u2022 l\u00ednea 33: salida Pr\u00edncipe P\u00edo \u2022 l\u00ednea 36: salida Atocha \u2022 l\u00ednea 39: salida \u00d3pera \u2022 l\u00ednea 65: salida Plaza Jacinto Benavente. (Tienen su parada en el Paseo de Extremadura, a 100 metros de la entrada principal del recinto ferial)<\/p>\n<p>&#8211; <a href=\"www.ctm-madrid.es\">M\u00e1s informaci\u00f3n de transporte p\u00fablico<\/a>.<\/p>\n<p>&#8211; Transporte privado: \u2022 M-30: salida Avda. Badajoz (sentido Norte: salida 17 Casa de Campo; sentido Sur: salida Avda. de Portugal) \u2022 M-40: salida Avda. Madrid paseo de Extremadura.<\/p>\n<p>&#8211; Horario: de 10 a 20 horas.<\/p>\n<p>&#8211; Precio de la entrada: 6 \u20ac; ni\u00f1os y jubilados: 3\u20ac. El precio incluye la entrada a todos los pabellones y a todas las actividades.<\/p>\n<p>(16 de octubre de 2009)<\/p>\n","protected":false},"excerpt":{"rendered":"<p><em>BioCultura<\/em> llega en Madrid a su edici\u00f3n 25, del 5 al 8 de noviembre en la Casa de Campo. Si en 1985 la agricultura y la ganader\u00eda ecol\u00f3gicas eran algo desconocido y casi marginal, hoy y por causas diversas &#8212;los problemas de salud relacionados con sucesivas crisis de los alimentos (vacas locas, dioxinas en los pollos, pesticidas y herbicidas, &#8230;), la mayor concienciaci\u00f3n sobre el respeto al medio ambiente y la sostenibilidad, &#8230;&#8212;, las <em>pr\u00e1cticas agroecol\u00f3gicas<\/em> son una especialidad en universidades, escuelas y centros de todo tipo, a la vez que un sector al alza y de los que mejor resiste los problemas de la econom\u00eda globalizada. Lo mismo ha ocurrido con <em>medicinas complementarias como fitoterapia, medicina tradicional china, ayurveda, homeopat\u00eda &#8230;<\/em>. <em>El futuro de la agricultura es la agroecolog\u00eda<\/em> o no habr\u00e1 futuro, ni para la agricultura ni para la especie humana. <em>El futuro para las energ\u00edas est\u00e1 en las renovables<\/em>, si no nos espera la cat\u00e1strofe y la crisis clim\u00e1tica. <em>En sanidad, es necesario un giro de 180 grados: la salud de las personas no puede estar al servicio de los intereses de las grandes multinacionales farmac\u00e9uticas<\/em>. Es necesario modificar los h\u00e1bitos alimentarios y de consumo, y seguir informando, documentando e inventando para construir otro mundo.<\/p>\n","protected":false},"author":1,"featured_media":595,"comment_status":"closed","ping_status":"open","sticky":false,"template":"","format":"standard","meta":{"footnotes":""},"categories":[27],"tags":[],"_links":{"self":[{"href":"https:\/\/marina.swarpeca.es\/revista\/wp-json\/wp\/v2\/posts\/600"}],"collection":[{"href":"https:\/\/marina.swarpeca.es\/revista\/wp-json\/wp\/v2\/posts"}],"about":[{"href":"https:\/\/marina.swarpeca.es\/revista\/wp-json\/wp\/v2\/types\/post"}],"author":[{"embeddable":true,"href":"https:\/\/marina.swarpeca.es\/revista\/wp-json\/wp\/v2\/users\/1"}],"replies":[{"embeddable":true,"href":"https:\/\/marina.swarpeca.es\/revista\/wp-json\/wp\/v2\/comments?post=600"}],"version-history":[{"count":2,"href":"https:\/\/marina.swarpeca.es\/revista\/wp-json\/wp\/v2\/posts\/600\/revisions"}],"predecessor-version":[{"id":3010,"href":"https:\/\/marina.swarpeca.es\/revista\/wp-json\/wp\/v2\/posts\/600\/revisions\/3010"}],"wp:featuredmedia":[{"embeddable":true,"href":"https:\/\/marina.swarpeca.es\/revista\/wp-json\/wp\/v2\/media\/595"}],"wp:attachment":[{"href":"https:\/\/marina.swarpeca.es\/revista\/wp-json\/wp\/v2\/media?parent=600"}],"wp:term":[{"taxonomy":"category","embeddable":true,"href":"https:\/\/marina.swarpeca.es\/revista\/wp-json\/wp\/v2\/categories?post=600"},{"taxonomy":"post_tag","embeddable":true,"href":"https:\/\/marina.swarpeca.es\/revista\/wp-json\/wp\/v2\/tags?post=600"}],"curies":[{"name":"wp","href":"https:\/\/api.w.org\/{rel}","templated":true}]}}