{"id":588,"date":"2009-10-08T10:39:55","date_gmt":"2009-10-08T10:39:55","guid":{"rendered":"https:\/\/marina.swarpeca.es\/revista\/2009\/10\/08\/ecuador-movilizacion-indigena-frente-a-leyes-de-aguas-ordenamiento-territorial-medioambiente-y-educacion-superior-08-10-09\/"},"modified":"2021-03-01T22:39:03","modified_gmt":"2021-03-01T22:39:03","slug":"ecuador-movilizacion-indigena-frente-a-leyes-de-aguas-ordenamiento-territorial-medioambiente-y-educacion-superior-08-10-09","status":"publish","type":"post","link":"https:\/\/marina.swarpeca.es\/revista\/ecuador-movilizacion-indigena-frente-a-leyes-de-aguas-ordenamiento-territorial-medioambiente-y-educacion-superior-08-10-09\/","title":{"rendered":"Ecuador: Movilizaci\u00f3n ind\u00edgena frente a leyes de aguas, ordenamiento territorial, medioambiente y educaci\u00f3n superior [08\/10\/09]"},"content":{"rendered":"<p><a href=\"https:\/\/www.servindi.org\/\/audio\/Resumen02Oct09.mp3\">Servindi: Mundo Ind\u00edgena Internacional, 03 oct. 2009<\/a><\/p>\n<p><strong>Resumen semanal de noticias,  2 de octubre, 2009<\/strong><\/p>\n<p><strong>Ecuador<\/strong>: La <em>Confederaci\u00f3n de Nacionalidades Ind\u00edgenas del Ecuador<\/em> (CONAIE) inici\u00f3 un conjunto de movilizaciones para exponer sus planteamientos respecto de la Ley de Aguas, la Ley de Ordenamiento Territorial, la Ley de Medioambiente y la Ley de Educaci\u00f3n Superior, al presidente de la Rep\u00fablica, Rafael Correa Delgado.<\/p>\n<p>La CONAIE confirm\u00f3 que la movilizaci\u00f3n continuar\u00e1 y neg\u00f3 la posibilidad de suspender la medida de fuerza como lo anunci\u00f3 el Ejecutivo. En tanto, el <em>Consejo de la Confederaci\u00f3n Kichwa del Ecuador<\/em> (ECUARUNARI) anunci\u00f3 que los pueblos ind\u00edgenas que representan permanecer\u00e1n en una movilizaci\u00f3n permanente.<\/p>\n<p>Luego de 4 d\u00edas de iniciada la movilizaci\u00f3n, Bosco Visum -perteneciente a la comunidad de Sagrado Coraz\u00f3n Yukias, de 40 a\u00f1os-, perdi\u00f3 la vida frente a efectivos policiales en el puente del r\u00edo Upano, en la provincia de Morona Santiago. Adem\u00e1s, se reportaron hasta el momento cuatro detenidos y seis heridos \u2013uno de gravedad [[<strong>Carta abierta a los pueblos y nacionalidades ind\u00edgenas y al pa\u00eds<\/strong><\/p>\n<p><img loading=\"lazy\" decoding=\"async\" class=\" aligncenter size-full wp-image-586\" src=\"https:\/\/marina.swarpeca.es\/revista\/wp-content\/uploads\/2009\/10\/marianomorocho.jpg\" alt=\"marianomorocho.jpg\" align=\"center\" width=\"208\" height=\"180\" \/><\/p>\n<p><strong> <em>Mariano Morocho Morocho<\/em> <\/strong>, rep. de la nacionalidad kichwa-puruha, ex director nacional de Educaci\u00f3n Intercultural Biling\u00fce de los pueblos y las nacionalidades:<\/p>\n<p><em>En el Estado Plurinacional e Intercultural aprobado en el Refer\u00e9ndum del 28 de septiembre de 2008, presidido por el actual Presidente Ec. Rafael Correa Delgado, acontece el primer asesinato del Estado ecuatoriano a un digno Maestro del Sistema de Educaci\u00f3n Intercultural Biling\u00fce Bosco Vicente Wisuma que, lo \u00fanico que hac\u00eda es defender para que no vulnere sus derechos a vivir dignamente con respeto y consideraci\u00f3n y sobre todo que permita a los pueblos y las nacionalidades a ejercer los derechos colectivos consagrados en la actual Constituci\u00f3n Pol\u00edtica de Estado. <\/p>\n<p>Seguramente no faltar\u00e1n voces o inculpaciones de ciertos representantes de la \u00abrevoluci\u00f3n ciudadana\u00bb, que es consecuencia de infringir la Constituci\u00f3n que proh\u00edbe la paralizaci\u00f3n de los servicios b\u00e1sicos como el libre tr\u00e1nsito, entre otros; sin embargo qui\u00e9n no ha respetado la Constituci\u00f3n es el propio Gobierno Nacional y sus operadores que sin recurrir al di\u00e1logo y consenso, a la consulta y sin respetar los derechos hist\u00f3ricos y los territorios ancestrales, a toda costa quieren imponer leyes y pol\u00edticas neoliberales que pone en peligro la integridad de las nacionalidades y pueblos ind\u00edgenas y el mismo ecosistema de la Amazonia.<\/p>\n<p>Con la muerte del compa\u00f1ero Wisuma, de la nacionalidad Shuar de Morona Santiago, deja en entredicho el Socialismo del Siglo XXI que lejos de su verdadera aplicaci\u00f3n en nuestro pa\u00eds, est\u00e1 socavando las bases de un profundo cambio al recurrir a las mismas pr\u00e1cticas de la partidocracia como es imposici\u00f3n de la Ley minera, del Agua o la misma Educaci\u00f3n Intercultural Biling\u00fce hoy sentenciada a convertirse en un bot\u00edn pol\u00edtico del gobierno de turno. Bajo esta visi\u00f3n, ser\u00e1 dif\u00edcil hablar de los pueblos y las nacionalidades dentro de la \u00abrevoluci\u00f3n ciudadana\u00bb, mucho menos que los pueblos y nacionalidades ind\u00edgenas, los afroecuatorianos, cholos, los montubios y otros participemos activamente en la construcci\u00f3n de las pol\u00edticas p\u00fablicas del Estado, peor a\u00fan que seamos actores del Estado Plurinacional.<\/p>\n<p>Como muestra basta ejemplificar los nefastos decretos como el neoliberal 1585, neocolonial 1780 y su reforma, decretos con los cuales el Sr. Presidente en persona y sus ministros violentaron la Constituci\u00f3n Pol\u00edtica de Estado, derivando en consecuencias como el rechazo y descontentos acumulado en la Movilizaci\u00f3n Ind\u00edgena por el Agua y la Vida que est\u00e1 librando nuestros hermanos amaz\u00f3nicos y en todo el pa\u00eds. Entonces nos preguntamos d\u00f3nde estuvieron los defensores de la Constituci\u00f3n y porqu\u00e9 no han dicho nada hasta ahora al Presidente y a sus ministros: Ra\u00fal Vallejo Corral y a Nathalie Cely Su\u00e1rez quienes al suscribir el Decreto 1585 de 18 de febrero de 2009 violentaron los Derechos Colectivos consagrados en la actual Constituci\u00f3n Pol\u00edtica del Estado de: administrar colectiva y participativamente el Sistema de Educaci\u00f3n Intercultural Biling\u00fce, de participar con sus representantes en los organismos oficiales y definici\u00f3n de las pol\u00edticas p\u00fablicas que les conciernan, de ser consultados antes de adoptar una medida legislativa.<\/p>\n<p>\u00bfAcaso quitar los derechos colectivos de los pueblos y las nacionalidades ind\u00edgenas est\u00e1n permitidos en la Constituci\u00f3n Pol\u00edtica de Estado?, por tanto quienes ha infringido primero la Constituci\u00f3n no somos los pueblos y las nacionalidades sino el propio Gobierno Nacional. No ser\u00e1 ninguna novedad, que ahora quieran sancionar a los \u00abculpables\u00bb como lo est\u00e1 haciendo el gobierno a los propios hermanos Shuaras o los l\u00edderes del Movimiento Ind\u00edgena encabezado por la CONAIE por este hecho macabro, seg\u00fan el gobierno nacional si no hab\u00eda movilizaci\u00f3n no hubiera existido el asesinato.<\/p>\n<p>Estoy seguro que el Ministro de Educaci\u00f3n dar\u00eda ordenes de instaurar los sumarios administrativos y proceder con la destituci\u00f3n en contra del compa\u00f1ero Bosco Wisuma a quien a lo mejor apliquen la sanci\u00f3n post mortem, s\u00f3lo por el hecho de luchar y morir con la dignidad defendiendo nada m\u00e1s que el Sumak Kawsay y que restituya los derechos consagrados en la Constituci\u00f3n y la Ley 150 con el cual elev\u00f3 a la Direcci\u00f3n Nacional de Educaci\u00f3n Intercultural Biling\u00fce a la categor\u00eda de un organismo t\u00e9cnico y administrativo financiero descentralizado, garantizando la participaci\u00f3n de los pueblos ind\u00edgenas de acuerdo con su representatividad en la gesti\u00f3n del Sistema de Educaci\u00f3n Intercultural Biling\u00fce.<\/p>\n<p>Si de sancionar se trata contra las personas que luchan por el trato digno, con ley o sin ley son buenos para aplicar, sino que pregunten a los maestros y a las autoridades de los establecimientos que fueron removidos al cerrar y abrir de ojos, tambi\u00e9n averig\u00fcen que est\u00e1 pasando en la Direcci\u00f3n Nacional de Educaci\u00f3n Intercultural Biling\u00fce, donde se ha despedido y est\u00e1 persiguiendo al personal de los pueblos y las nacionalidades reubicando mediante comisiones de servicios sin debido proceso, sustituyendo en sus reemplazos seguramente con personal contratado ajeno a los pueblos y las nacionalidades sin concursos ni el cumplimiento de los requisitos m\u00ednimos exigidos por las normas legales.<\/p>\n<p>Tanto es el odio a los pueblos y las nacionalidades que con seguridad no faltar\u00e1n ganas de destituir al compa\u00f1ero Wisuma y a lo mejor lo hagan, as\u00ed utilizar su partida para ocupar con alg\u00fan miembro de la \u00abrevoluci\u00f3n ciudadana\u00bb. El odio a los pueblos y las nacionalidades es evidente, se refleja en todas las leyes que impulsa el ejecutivo que a toda costa trata de convertir en simples peones o sirvientes como en el tiempo de la Colonia que ni los gobiernos neoliberales no supieron intentar, desconociendo el derecho a ejercer los Derechos Colectivos y a administrar las instituciones ind\u00edgenas que con tanto sacrificio logramos crear gracias a la lucha organizada de los pueblos y las nacionalidades. De nada sirve que la <a href=\"https:\/\/www.asambleaconstituyente.gov.ec\/documentos\/constitucion_de_bolsillo.pdf\">Constituci\u00f3n Pol\u00edtica del Estado Plurinacional e Intercultural<\/a>, el <a href=\"https:\/\/white.oit.org.pe\/ipec\/documentos\/169.pdf\">Convenio 169 de la OIT<\/a>, y la <a href=\"https:\/\/marina.swarpeca.es\/revista\/declaracion-de-las-naciones-unidas-sobre-los-derechos-de-los-pueblos-indigenas\/\">Declaraci\u00f3n de Naciones Unidas sobre los derechos de los pueblos ind\u00edgenas<\/a> del mundo reconozcan y garanticen el ejercicio de los derechos de los pueblos y las nacionalidades como sujetos colectivos.<\/p>\n<p>Los acontecimientos suscitados no son hechos aislados, es la confirmaci\u00f3n de la presencia de neoliberalismo, de la colonia y de la misma partidocracia incrustados en la denominada \u00abrevoluci\u00f3n ciudadana\u00bb con actitudes al puro estilo neoliberal y de la colonia. Los 517 a\u00f1os de vivir servidos como amos y patrones a estas alturas a\u00fan se manifiestan aquellas taras de amitos y patrones que a costa de humillar y menospreciar el aporte de los pueblos y nacionalidades durante los 20 a\u00f1os de vida institucional de la Direcci\u00f3n Nacional de Educaci\u00f3n Intercultural Biling\u00fce, quieren mantener como servidumbre a los representantes de los pueblos y las nacionalidades, no conforme con esto amedrentan asesinando a un maestro y representante de la Nacionalidad Shuar en la Educaci\u00f3n Intercultural Biling\u00fce.<\/p>\n<p>Al respecto no faltan voces de los obreros y serviles del Gobierno Nacional que dicho sea de paso, se sienten felices, conformes, y a gusto con el trato que da el Gobierno a los pueblos y a las nacionalidades. No por eso las familias y comunidades ind\u00edgenas estemos de acuerdo con el Se\u00f1or Presidente de la Rep\u00fablica como ha expresado en una de sus intervenciones. Los pueblos y las nacionalidades si tenemos dignidad, no podemos tolerar y permitir que en el siglo XXI nos siga maltratando con prepotencia e insultos, denigren nuestra dignidad, ofendan nuestra integridad y peor a\u00fan que asesinen.<\/p>\n<p>Esperamos que el asesinato al compa\u00f1ero, amigo y hermano Bosco Wisuma no quede en la impunidad y si a las autoridades y los se\u00f1ores Asamble\u00edstas son conscientes y si la justicia existe, es hora de imponer la sanci\u00f3n que merecen el Se\u00f1or Economista Rafael Correa Delgado, Presidente Constitucional del Ecuador y los Ministros de Estado quienes empezaron violando la Constituci\u00f3n Pol\u00edtica de Estado originando a este lamentable suceso.<\/p>\n<p>\u00bfLa violaci\u00f3n a la Constituci\u00f3n, la prepotencia y los insultos no son causales de sanci\u00f3n o acaso solo el pueblo somos merecedores de sanciones y que por lo tanto debemos callar porque sino viene la ley, viene la sanci\u00f3n, viene la c\u00e1rcel?<\/p>\n<p>Por la dignidad y Sumak Kawsay<\/em>.<\/p>\n<p><strong>Noticias relacionadas<\/strong>:<\/p>\n<p>&#8211; <a href=\"https:\/\/www.redci.org\/noticiasdelmundo9.html\">Resoluciones Asamblea Nacional de la FEINE<\/a>.<\/p>\n<p>&#8211; <a href=\"https:\/\/www.redci.org\/noticiasdelmundo8.html\">ECUARUNARI se declara en Movilizaci\u00f3n permanente<\/a>.<\/p>\n<p>&#8211; <a href=\"https:\/\/www.redci.org\/noticiasdelmundo7.html\">Mandato de la regional amaz\u00f3nica sobre la movilizaci\u00f3n ind\u00edgena<\/a>.<\/p>\n<p>&#8211; <a href=\"https:\/\/www.redci.org\/noticiasdelmundo6.html\">Un fallecido, heridos y detenidos, es el saldo de la represi\u00f3n a la movilizaci\u00f3n ind\u00edgena<\/a>.<\/p>\n<p>&#8211; <a href=\"https:\/\/www.redci.org\/noticiasdelmundo5.html\">Jos\u00e9 Atupa\u00f1a Guanolema, comunicador intercultural, aclara al pa\u00eds<\/a>.<\/p>\n<p>&#8211; <a href=\"https:\/\/www.redci.org\/noticiasdelmundo4.html\">No hay marcha atr\u00e1s: Movilizaci\u00f3n de las nacionalidades ind\u00edgenas por la defensa de los recursos naturales del pa\u00eds y por la implementaci\u00f3n del Estado Plurinacional<\/a>.<\/p>\n<p>&#8211; <a href=\"https:\/\/www.redci.org\/noticiasdelmundo3.html\">Resoluciones de los pueblos y nacionalidades del Ecuador<\/a>.<\/p>\n<p>&#8211; <a href=\"https:\/\/www.redci.org\/noticiasdelmundo2.html\">CONAIE se instalar\u00e1 en Asamblea Extraordinaria<\/a>.<\/p>\n<p><img loading=\"lazy\" decoding=\"async\" class=\" aligncenter size-full wp-image-587\" src=\"https:\/\/marina.swarpeca.es\/revista\/wp-content\/uploads\/2009\/10\/llama2-2.gif\" alt=\"llama2-2.gif\" align=\"center\" width=\"68\" height=\"65\" \/><\/p>\n<p>&#8211; <a href=\"https:\/\/www.redci.org\/noticiasdelmundo10.html\">Fuente: Red de Comunicadores Interculturales Biling\u00fces del Ecuador<\/a>.]].<\/p>\n<p>Al t\u00e9rmino de la semana, la CONAIE rechaz\u00f3 la \u2018maniobra\u2019 del gobierno de nombrar \u2018falsos dirigentes\u2019 ind\u00edgenas con la presunta intensi\u00f3n de negociar las medidas de protesta.<\/p>\n<p><strong>Bolivia<\/strong>: La <em>Coordinadora de Pueblos \u00c9tnicos<\/em> (CEPES) y la <em>Confederaci\u00f3n de Pueblos Ind\u00edgenas del Oriente<\/em> (CIDOB) exigieron al Gobierno que desaloje a supuestos campesinos que \u2018avasallaron\u2019 su territorio en el <em>Parque Nacional Isiboro<\/em> para sembrar hoja de coca.<\/p>\n<p>Transcurridos unos d\u00edas de la exigencia de los pueblos ind\u00edgenas, Fortunato Rodr\u00edguez fue asesinado a manos de campesinos cocaleros que irrumpieron el Parque Nacional Isiboro S\u00e9cure,<\/p>\n<p>Los familiares y compa\u00f1eros de las etnias Yuqui y Yucar\u00e9s anunciaron \u2018venganza\u2019 para pr\u00f3ximas horas.<\/p>\n<p><strong>Internacional<\/strong>: La plataforma <em>Indigenous Environmental Network<\/em> (IEN) denunci\u00f3 que los grupos ind\u00edgenas del mundo fueron excluidos de las conversaciones de las Naciones Unidas sobre cambio clim\u00e1tico que se celebran en Bangkok para establecer la agenda de la pr\u00f3xima Cumbre de Copenhague.<\/p>\n<p><strong>Australia-Holanda<\/strong>: Los restos de cinco ind\u00edgenas australianos ser\u00e1n repatriados de Holanda hacia Australia gracias a un acuerdo hist\u00f3rico firmado entre ambas naciones y la Leiden University Medical Center (LUMC).<\/p>\n<p><strong>Australia<\/strong>: Un informe sobre <em>Salud Ocular de Pueblos Ind\u00edgenas<\/em> arroj\u00f3 que los adultos ind\u00edgenas australianos sufren tasas m\u00e1s altas de ceguera y otros problemas relacionados con el ojo, en comparaci\u00f3n con las personas no ind\u00edgenas.<\/p>\n<p><strong>Am\u00e9rica Latina<\/strong>: El ex vicepresidente de Estados Unidos y Premio Nobel de la Paz 2007, Al Gore, alert\u00f3 que las sequ\u00edas y escasez de agua potable registradas en Am\u00e9rica Latina representan los \u201cgraves impactos\u201d medioambientales surgidos a causa del cambio clim\u00e1tico.<\/p>\n<p><strong>Panam\u00e1<\/strong>: La <em>Caminata Ind\u00edgena, Campesina y Popular<\/em> que vienen realizando los representantes de la etnia Ng\u00e4be Bukle cumpli\u00f3 12 d\u00edas y contin\u00faa su recorrido a pi\u00e9 para transitar los casi 500 kil\u00f3metros previstos.<\/p>\n<p>La caminata rechaza los desalojos forzosos de los ind\u00edgenas de sus tierras, as\u00ed como la derogaci\u00f3n de leyes y concesiones que benefician a intereses extranjeros.<\/p>\n<p><strong>Brasil<\/strong>: El mi\u00e9rcoles 29 se inici\u00f3 el <em>Foro de Actualizaci\u00f3n sobre Culturas Ind\u00edgenas \u2013 Acci\u00f3n Educativa de la Exposici\u00f3n Siglos Ind\u00edgenas en Brasil<\/em>, en el auditorio de la <em>Fundaci\u00f3n Nacional del Indio<\/em> (FUNAI).<\/p>\n<p><strong>Per\u00fa<\/strong>: Tras casi cuatro meses internado en dos cl\u00ednicas de Chiclayo, el l\u00edder awaj\u00fan -procesado por los violentos sucesos de Bagua-, Santiago Manu\u00edn Valera, fue dado de alta al presentar mejoras en su salud.<\/p>\n<p><strong>Per\u00fa<\/strong>: Gloria Ramos, presidenta de la <em>Comisi\u00f3n Especial encargada de Evaluar la Problem\u00e1tica de los Pueblos Ind\u00edgenas Amaz\u00f3nicos<\/em>, adelant\u00f3 que prepara una propuesta para que \u00e9stos tengan tres representantes directos en el Congreso de la Rep\u00fablica.<\/p>\n<p><strong>Argentina<\/strong>: En el marco del inicio de la reglamentaci\u00f3n de la modalidad de <em>Educaci\u00f3n Intercultural Biling\u00fce<\/em> (EIB), el <em>Consejo Nacional de Educaci\u00f3n Charr\u00faa<\/em> viene desarrollando una capacitaci\u00f3n para docentes de la ciudad de Chajari, departamento de Federaci\u00f3n.<\/p>\n<p><strong>Chile<\/strong>: Los grupos ind\u00edgenas acataron una movilizaci\u00f3n en se\u00f1al de protesta por el proyecto de creaci\u00f3n del \u00abMinisterio de Asuntos Ind\u00edgenas\u00bb que firm\u00f3 el martes la presidenta Michelle Bachelet.<\/p>\n<p>&#8211; <a href=\"https:\/\/www.servindi.org\/producciones\/audios\/17219\">Fuente: Servindi<\/a>.<\/p>\n","protected":false},"excerpt":{"rendered":"<p>Servindi, Servicios en Comunicaci\u00f3n Intercultural, presenta en audio y por escrito su habitual micro informativo <em>Mundo Ind\u00edgena al D\u00eda<\/em>, resumen semanal internacional de noticias, con la expresa autorizaci\u00f3n \u00ab<em>a reproducir libremente por cualquier medio: Internet, radio, bocina, altavoz, etc.<\/em>\u00ab, que esta semana adem\u00e1s de las movilizaciones ind\u00edgenas contra diversas leyes en Ecuador, recoge informaciones sobre Bolivia, Cambio clim\u00e1tico, Australia, Panam\u00e1, Brasil, Per\u00fa, Argentina, Chile, &#8230;<\/p>\n","protected":false},"author":1,"featured_media":585,"comment_status":"closed","ping_status":"open","sticky":false,"template":"","format":"standard","meta":{"footnotes":""},"categories":[6],"tags":[],"_links":{"self":[{"href":"https:\/\/marina.swarpeca.es\/revista\/wp-json\/wp\/v2\/posts\/588"}],"collection":[{"href":"https:\/\/marina.swarpeca.es\/revista\/wp-json\/wp\/v2\/posts"}],"about":[{"href":"https:\/\/marina.swarpeca.es\/revista\/wp-json\/wp\/v2\/types\/post"}],"author":[{"embeddable":true,"href":"https:\/\/marina.swarpeca.es\/revista\/wp-json\/wp\/v2\/users\/1"}],"replies":[{"embeddable":true,"href":"https:\/\/marina.swarpeca.es\/revista\/wp-json\/wp\/v2\/comments?post=588"}],"version-history":[{"count":1,"href":"https:\/\/marina.swarpeca.es\/revista\/wp-json\/wp\/v2\/posts\/588\/revisions"}],"predecessor-version":[{"id":3006,"href":"https:\/\/marina.swarpeca.es\/revista\/wp-json\/wp\/v2\/posts\/588\/revisions\/3006"}],"wp:featuredmedia":[{"embeddable":true,"href":"https:\/\/marina.swarpeca.es\/revista\/wp-json\/wp\/v2\/media\/585"}],"wp:attachment":[{"href":"https:\/\/marina.swarpeca.es\/revista\/wp-json\/wp\/v2\/media?parent=588"}],"wp:term":[{"taxonomy":"category","embeddable":true,"href":"https:\/\/marina.swarpeca.es\/revista\/wp-json\/wp\/v2\/categories?post=588"},{"taxonomy":"post_tag","embeddable":true,"href":"https:\/\/marina.swarpeca.es\/revista\/wp-json\/wp\/v2\/tags?post=588"}],"curies":[{"name":"wp","href":"https:\/\/api.w.org\/{rel}","templated":true}]}}