{"id":553,"date":"2009-10-01T14:55:07","date_gmt":"2009-10-01T14:55:07","guid":{"rendered":"https:\/\/marina.swarpeca.es\/revista\/2009\/10\/01\/biocultura-cumple-25-anos-madrid-5-al-8-de-noviembre-de-2009-01-10-09\/"},"modified":"2009-10-01T14:55:07","modified_gmt":"2009-10-01T14:55:07","slug":"biocultura-cumple-25-anos-madrid-5-al-8-de-noviembre-de-2009-01-10-09","status":"publish","type":"post","link":"https:\/\/marina.swarpeca.es\/revista\/biocultura-cumple-25-anos-madrid-5-al-8-de-noviembre-de-2009-01-10-09\/","title":{"rendered":"BioCultura cumple 25 a\u00f1os: Madrid, 5 al 8 de noviembre de 2009 [01\/10\/09]"},"content":{"rendered":"<p><strong>Actividades paralelas<\/strong><\/p>\n<p>\u00ab<em>ONGs de todo tipo presentan sus campa\u00f1as, sus luchas, sus propuestas para un mundo<br \/>\nmejor, verdaderos militantes que toman la avanzadilla de lo que deber\u00eda de ser un clamor<br \/>\nsocial \u2026 Son las actividades paralelas a la feria comercial. Estos activistas trabajan a diario<br \/>\npara todos nosotros muchas veces de forma totalmente altruista: movimientos ciudadanos<br \/>\nen pro de una educaci\u00f3n libre, cient\u00edficos que proponen alternativas a las campa\u00f1as de<br \/>\nvacunaci\u00f3n masiva y sistem\u00e1tica, grupos que dise\u00f1an alternativas a la petro adicci\u00f3n \u2026 <\/p>\n<p>Y,<br \/>\nentre todas las charlas, las mesas redondas, los debates, tambi\u00e9n m\u00fasica, masajes<br \/>\ndesestresantes, actividades l\u00fadicas \u2026 La revoluci\u00f3n tiene que ser alegre. <\/p>\n<p>Algunas de las<br \/>\nempresas tambi\u00e9n dan a conocer su actividad en la feria mediante conferencias para que los<br \/>\nconsumidores conozcan a fondo aquello que est\u00e1n consumiendo<\/em>\u00ab. <\/p>\n<p><strong>Sinergias creativas<\/strong><\/p>\n<p>\u00ab<em>Imitando a la naturaleza, que no pretendiendo cambiarla, ni mucho menos \u201cmejorarla\u201d \u2026<br \/>\nBioCultura no ha buscado nunca la competencia sino la sinergia, la colaboraci\u00f3n, la<br \/>\ncomplicidad \u2026 Por ese motivo es la casa de todos, su escaparate, su plataforma. <\/p>\n<p>Desde el<br \/>\nsector de la agricultura ecol\u00f3gica a las medicinas complementarias, desde los activistas<br \/>\nmedioambientalistas hasta los grupos ciudadanos contra la globalizaci\u00f3n \u2026 <\/p>\n<p>Desde la<br \/>\ndirecci\u00f3n de BioCultura, la cosa est\u00e1 clara: Es bonito comprobar c\u00f3mo los que estamos<br \/>\ndetr\u00e1s de la feria (en su organizaci\u00f3n) somos s\u00f3lo un canal por el que se canalizan y fluyen<br \/>\ntodos esos intereses. Pero \u2026 \u00a1ojo! Tambi\u00e9n somos el filtro necesario para que nadie nos d\u00e9<br \/>\ngato por liebre y para no permitir que entre el \u2018demonio\u2019 en casa. <\/p>\n<p>Las empresas<br \/>\nmultinacionales se quieren sumar a lo ecol\u00f3gico, pero casi siempre sus apuestas son<br \/>\nfraudulentas. Hay que estar vigilantes. <\/p>\n<p>Contra la estandarizaci\u00f3n y el aburrimiento, contra<br \/>\nla contaminaci\u00f3n y la inercia, BioCultura apuesta por la creatividad, las sinergias, la<br \/>\nilusi\u00f3n, la esperanza \u2026 Y tambi\u00e9n por la profesionalizaci\u00f3n. A los 25 a\u00f1os no se llega s\u00f3lo<br \/>\ncon ilusi\u00f3n y buenas intenciones<\/em>\u00ab.<\/p>\n<p><strong>Una edici\u00f3n especial<\/strong><\/p>\n<p>\u00ab<em>En esta edici\u00f3n de BioCultura van a pasar muchas cosas.<\/p>\n<p>-Se desarrollar\u00e1n una serie de actividades relacionadas con los 25 a\u00f1os<br \/>\nde labor de BioCultura y de todos sus protagonistas: ONGs, empresarios, agricultores, consumidores, administraciones. &#8230; Es la historia del movimiento ecologista y de agricultura biol\u00f3gica  &#8230;. Desfilar\u00e1n numerosos de esos protagonistas para explicarnos su historia y su presente, tambi\u00e9n sus proyectos e inquietudes, compartir\u00e1n su visi\u00f3n y su  activismo por un mundo mejor &#8230;.<\/p>\n<p>-Entre las actividades paralelas de la feria, se llevar\u00e1n a cabo m\u00e1s de 200 actos. Entre ellos, destacamos las jornadas para responsables de establecimientos de productos ecol\u00f3gicos, el festival de cine, las diferentes catas de los productos expuestos en la feria \u2026<\/p>\n<p>-Zona: \u201cYo consumo bio\u201d en la que se presentaran los productos ecologicos madrile\u00f1os en una relacion directa productor-consumidor.<\/p>\n<p>-BioCultura contar\u00e1 este a\u00f1o con un espacio de terapias en el que de forma gratuita se ofrecer\u00e1n masajes y terapias a los asistentes a la feria.<\/p>\n<p>-Brindis x Bioc&#8217;25. El primer d\u00eda de la feria se ofrecer\u00e1 un brindis con<br \/>\ncava ecol\u00f3gico a todos los presentes; ser\u00e1 un gran brindis por la<br \/>\nbiodiversidad, la producci\u00f3n \u201cbio\u201d, los logros medioambientales y tambi\u00e9n un agradecimiento a todos los que han hecho y hacen BioCultura posible. Ser\u00e1 el <strong>jueves 5 de noviembre a las 13 h. en la planta alta del Pabell\u00f3n de Cristal<\/strong> <\/em>\u00ab.<\/p>\n<p>&#8211; <a href=\"www.biocultura.org\">M\u00e1s informaci\u00f3n<\/a>.<\/p>\n","protected":false},"excerpt":{"rendered":"<p>Entre los d\u00edas 5 y 8 de noviembre tendr\u00e1 lugar en el Pabell\u00f3n de Cristal de la Casa de Campo de Madrid la edici\u00f3n n\u00ba 25 de Biocultura, feria de la agricultura ecol\u00f3gica y la sostenibilidad. De acuerdo con el avance de programa remitido: \u00ab<em>Las empresas, ONG\u2019s y expositores de todo tipo que acceden a tener un stand en BioCultura lo hacen despu\u00e9s de haber pasado un riguroso control del Comit\u00e9 de Selecci\u00f3n de la feria. En total, m\u00e1s de 14.000 referencias de alimentos ecol\u00f3gicos certificados, ropa<br \/>\nde algod\u00f3n org\u00e1nico, cosm\u00e9tica y productos de higiene con ingredientes certificados, materiales de bioconstrucci\u00f3n, artesan\u00edas hechas con manos maestras, juguetes y juegos para los peque\u00f1os \u2026 Decenas de propuestas para mejorar nuestra salud y para convertir nuestra cotidianeidad en una acci\u00f3n responsable y consciente &#8230;<\/em>\u00ab. <\/p>\n","protected":false},"author":1,"featured_media":0,"comment_status":"closed","ping_status":"open","sticky":false,"template":"","format":"standard","meta":{"footnotes":""},"categories":[27],"tags":[],"_links":{"self":[{"href":"https:\/\/marina.swarpeca.es\/revista\/wp-json\/wp\/v2\/posts\/553"}],"collection":[{"href":"https:\/\/marina.swarpeca.es\/revista\/wp-json\/wp\/v2\/posts"}],"about":[{"href":"https:\/\/marina.swarpeca.es\/revista\/wp-json\/wp\/v2\/types\/post"}],"author":[{"embeddable":true,"href":"https:\/\/marina.swarpeca.es\/revista\/wp-json\/wp\/v2\/users\/1"}],"replies":[{"embeddable":true,"href":"https:\/\/marina.swarpeca.es\/revista\/wp-json\/wp\/v2\/comments?post=553"}],"version-history":[{"count":0,"href":"https:\/\/marina.swarpeca.es\/revista\/wp-json\/wp\/v2\/posts\/553\/revisions"}],"wp:attachment":[{"href":"https:\/\/marina.swarpeca.es\/revista\/wp-json\/wp\/v2\/media?parent=553"}],"wp:term":[{"taxonomy":"category","embeddable":true,"href":"https:\/\/marina.swarpeca.es\/revista\/wp-json\/wp\/v2\/categories?post=553"},{"taxonomy":"post_tag","embeddable":true,"href":"https:\/\/marina.swarpeca.es\/revista\/wp-json\/wp\/v2\/tags?post=553"}],"curies":[{"name":"wp","href":"https:\/\/api.w.org\/{rel}","templated":true}]}}