{"id":526,"date":"2009-09-17T20:13:19","date_gmt":"2009-09-17T20:13:19","guid":{"rendered":"https:\/\/marina.swarpeca.es\/revista\/2009\/09\/17\/nofumadores-org-considera-irresponsables-las-declaraciones-de-mariano-rajoy-en-contra-de-la-ampliacion-de-la-ley-anti-tabaco-17-09-09\/"},"modified":"2021-03-01T22:39:03","modified_gmt":"2021-03-01T22:39:03","slug":"nofumadores-org-considera-irresponsables-las-declaraciones-de-mariano-rajoy-en-contra-de-la-ampliacion-de-la-ley-anti-tabaco-17-09-09","status":"publish","type":"post","link":"https:\/\/marina.swarpeca.es\/revista\/nofumadores-org-considera-irresponsables-las-declaraciones-de-mariano-rajoy-en-contra-de-la-ampliacion-de-la-ley-anti-tabaco-17-09-09\/","title":{"rendered":"Nofumadores.org considera irresponsables las declaraciones de Mariano Rajoy en contra de la ampliaci\u00f3n de la ley anti-tabaco [17\/09\/09]"},"content":{"rendered":"<p>Raquel Fernandez. Megina, presidenta de Nofumadores.org, se pregunta: \u00ab<em>\u00bfC\u00f3mo puede aludir el sr. Rajoy a la libertad de las personas cuando miles de trabajadores de hosteler\u00eda se ven obligados a respirar un humo cancer\u00edgeno en sus puestos de trabajo, sin tener la libertad de la que el resto de sectores laborales goza, priv\u00e1ndoles as\u00ed tambi\u00e9n de su derecho a la igualdad reconocida en nuestra Constituci\u00f3n?<\/em>\u00ab.<\/p>\n<p>Tales declaraciones intentan <strong>crear un \u00e1nimo de hostilidad y beligerancia hacia la necesaria reforma legal<\/strong> y tienen como <strong>objetivo fomentar entre la ciudadan\u00eda la teor\u00eda desarrollada por los intereses de la industria del tabaco, a la que Mariano Rajoy se pliega, intentando crear de manera ficticia una persecuci\u00f3n que no existe hacia las personas fumadoras<\/strong>.<\/p>\n<p>Desde Nofumadores.org queremos recordar adem\u00e1s a <strong>Mariano Rajoy<\/strong> su <strong>lejan\u00eda respecto al sentir general de la ciudadan\u00eda<\/strong> que ha expresado, seg\u00fan los \u00faltimos estudios de opini\u00f3n, su apoyo a la modificaci\u00f3n de la ley actual en cifras cercanas al 70%. <strong>Lejan\u00eda tambi\u00e9n respecto a los diferentes organismos internacionales y al resto de pa\u00edses de nuestro entorno<\/strong>. El estado espa\u00f1ol se ha quedado atr\u00e1s no ya s\u00f3lo respecto a todos los pa\u00edses del norte de Europa sino adem\u00e1s, respecto a todos los pa\u00edses del sur.<\/p>\n<p>La Asociaci\u00f3n destaca que el problema del <strong>tabaquismo<\/strong> hay que enfocarlo, no como una costumbre social, sino como una <strong>enfermedad<\/strong>, y un <strong><a href=\"https:\/\/marina.swarpeca.es\/revista\/leyes-contra-el-tabaquismo-reducen-ingresos-por-infartos-en-la-union-europea-26-09-09\/\">problema de salud p\u00fablica<\/a><\/strong>, tal y como lo define la Organizaci\u00f3n Mundial de la Salud, que <strong>mata anualmente en nuestro pa\u00eds a 6.000 fumadores pasivos<\/strong> debido a la inexistencia de pol\u00edticas integrales de protecci\u00f3n ante el humo de tabaco ambiente.<\/p>\n<p>Nofumadores.org exige que se trate el problema del tabaquismo, y en especial, el del tabaquismo pasivo, como un asunto de Estado y se excluya del enfrentamiento pol\u00edtico, pues lo que est\u00e1 en juego es la salud y la vida de los ciudadanos. Por lo que, pide a Mariano Rajoy que reflexione sobre las repercusiones negativas de sus palabras en cuanto a la posible incidencia que tendr\u00eda en el retraso de una modificaci\u00f3n legal necesaria ante la p\u00e9rdida anual de vidas humanas.<\/p>\n<p>(<a href=\"https:\/\/www.nofumadores.org\/\">Fuente: No fumadores.org<\/a>)<\/p>\n<p>&#8211; <a href=\"https:\/\/www.esdiari.com\/17108-nofumadores.org-considera-irresponsables-declaraciones-sr-mariano-rajoy-contra-ampliacion-ley-anti-tabaco.html\">Fuente Es Diari<\/a><\/p>\n<hr \/>\n<p><strong>Manifiesto por la protecci\u00f3n de la salud de todos los trabajadores y de los menores<\/strong><\/p>\n<p>La ciencia ha demostrado de manera inequ\u00edvoca que la exposici\u00f3n al humo de tabaco es causa de mortalidad, enfermedad y discapacidad, no existiendo niveles seguros de exposici\u00f3n. En Espa\u00f1a, el tabaco es la principal causa evitable de muerte, con m\u00e1s de 3.000 fallecimientos al a\u00f1o por enfermedades relacionadas con la exposici\u00f3n al humo de tabaco ajeno, por lo que tiene una tremenda repercusi\u00f3n en la pol\u00edtica sanitaria, social, econ\u00f3mica y medioambiental.<\/p>\n<p><a href=\"https:\/\/marina.swarpeca.es\/revista\/ley-28-2005-de-26-de-diciembre-de-medidas-sanitarias-frente-al-tabaquismo-y-reguladora-de-la-venta-el-suministro-el-consumo-y-la-publicidad-de-los-productos-del-tabaco-17-09-09\/\">La Ley 28\/2005, de medidas sanitarias frente al tabaquismo<\/a>, supuso que una buena parte de la poblaci\u00f3n espa\u00f1ola viese reducida su exposici\u00f3n al humo de tabaco ajeno, sobre todo en sus lugares de trabajo. Pero este beneficio no alcanz\u00f3 por igual a todos los ciudadanos, ya que su redactado incluy\u00f3 excepciones y ambig\u00fcedades que dejaron desprotegido al numeroso colectivo de trabajadores de los sectores de la hosteler\u00eda y la restauraci\u00f3n, circunstancia que hace dudar de su constitucionalidad.<\/p>\n<p>La norma tambi\u00e9n provoc\u00f3 una discriminaci\u00f3n entre los empresarios de estos sectores, otorgando a unos el derecho a decidir sobre la posibilidad de fumar en sus locales mientras que a otros se les negaba en base a un requisito que s\u00f3lo puede ser considerado arbitrario. Entre los objetivos prioritarios de la ley estaba la protecci\u00f3n de la salud de los menores y cortar su acceso al tabaco, pero no impidi\u00f3 que estos siguiesen estando expuestos al humo de tabaco ajeno en bares y restaurantes o en sus propios hogares, ni complic\u00f3 excesivamente la posibilidad de que pudiesen adquirir tabaco en numerosos puntos de venta.<\/p>\n<p>Si a lo expuesto se a\u00f1ade un d\u00e9bil o inexistente control por parte de las autoridades responsables, unas interpretaciones de las ambig\u00fcedades de la norma casi siempre desfavorables para los no fumadores y una nula coordinaci\u00f3n entre autoridades sanitarias, otros departamentos de las administraciones y los cuerpos y fuerzas de seguridad, el panorama que se vislumbra es sombr\u00edo.<\/p>\n<p>Por ello, los abajo firmantes <strong>Manifestamos<\/strong> que teniendo en cuenta:<\/p>\n<p>&#8211; los derechos reconocidos por la Constituci\u00f3n Espa\u00f1ola,<\/p>\n<p>&#8211; la legislaci\u00f3n en materia de Prevenci\u00f3n de Riesgos Laborales,<\/p>\n<p>&#8211; la Convenci\u00f3n sobre los Derechos del Ni\u00f1o y el <a href=\"https:\/\/herbogeminis.com\/revista\/IMG\/pdf\/Control_tabaco_OMS.pdf\">Convenio Marco de la Organizaci\u00f3n Mundial de la Salud para el Control del Tabaco<\/a>, ambas normas ratificadas por Espa\u00f1a,<\/p>\n<p>&#8211; la resoluci\u00f3n del Parlamento Europeo sobre el Libro Verde \u00abHacia una Europa sin humo de tabaco: opciones pol\u00edticas a escala de la UE\u00bb, presentado por la Comisi\u00f3n Europea,<\/p>\n<p>&#8211; las muy positivas experiencias de cada vez m\u00e1s pa\u00edses que adoptan legislaciones protectoras en todo el mundo y, muy especialmente, de nuestros vecinos europeos, que resaltan la obsolescencia e ineficacia de la actual norma espa\u00f1ola,<\/p>\n<p>&#8211; el nulo impacto econ\u00f3mico de la prohibici\u00f3n de fumar en bares y restaurantes, demostrado por la experiencia de otros pa\u00edses,<\/p>\n<p><strong>Solicitamos<\/strong><\/p>\n<p>Al Gobierno de Espa\u00f1a y a los Gobiernos de las Comunidades Aut\u00f3nomas que inicien urgentemente los tr\u00e1mites necesarios para adaptar nuestra legislaci\u00f3n a las obligaciones que se contrajeron al ratificar el Convenio Marco de la OMS para el Control del Tabaco, de manera que<\/p>\n<p>&#8211; se proporcione protecci\u00f3n universal contra la exposici\u00f3n al humo de tabaco ajeno sin contemplar excepciones, evitando ambig\u00fcedades y listas de lugares, y dando cobertura a todos los ciudadanos, especialmente a los menores en cualquier circunstancia, como m\u00ednimo en todos los lugares p\u00fablicos o no p\u00fablicos de uso colectivo que sean interiores, cerrados o semicerrados, incluidos veh\u00edculos, y en algunos lugares p\u00fablicos al aire libre donde las personas se vean obligadas a permanecer durante un cierto tiempo o que sean de uso habitual por menores,<\/p>\n<p>&#8211; se limiten los puntos de venta de productos del tabaco a la red de expendedur\u00edas del Estado, con la expresa prohibici\u00f3n de acceso de los menores a las mismas,<\/p>\n<p>&#8211; se identifique claramente a las autoridades responsables de su control e inspecci\u00f3n y se facilite la colaboraci\u00f3n ciudadana en la observancia de la ley permitiendo denunciar los incumplimientos de la forma m\u00e1s sencilla y a la autoridad m\u00e1s pr\u00f3xima,<\/p>\n<p>&#8211; se tomen las medidas econ\u00f3micas pertinentes para que el tabaco salga del c\u00e1lculo del \u00cdndice de Precios al Consumo y se incrementen los impuestos sobre el tabaco al nivel de los pa\u00edses de nuestro entorno, como m\u00ednimo, con el objeto de reducir dr\u00e1sticamente el acceso de los menores y para dejar de \u00abboicotear\u00bb las pol\u00edticas sanitarias de nuestros vecinos y perder la vergonzante y desleal condici\u00f3n de \u00abestanco de Europa\u00bb.<\/p>\n<p>Desde nuestra condici\u00f3n de sociedad civil invitamos a toda a la ciudadan\u00eda a que haga suyo este manifiesto y exigimos a nuestros Gobiernos central y auton\u00f3micos y a nuestros representantes parlamentarios que lleven a cabo las medidas ejecutivas y legislativas necesarias para llevar a la pr\u00e1ctica las peticiones arriba expuestas.<\/p>\n<p><strong>Sr. D. Bernat Soria<\/p>\n<p>Ministro de Sanidad<\/p>\n<p>P\u00ba del Prado, 18-20<\/p>\n<p>28014 Madrid<\/strong><\/p>\n<p>&#8211; <a href=\"https:\/\/www.nofumadores.org\/carta\/cartaMinistra.asp\">Para firmar el Manifiesto: nofumadores.org<\/a><\/p>\n<p>(17 de setiembre de 2009)<\/p>\n","protected":false},"excerpt":{"rendered":"<p>Nofumadores.org, asociaci\u00f3n en defensa de los no fumadores, lamenta las desafortunadas declaraciones realizadas por Mariano Rajoy, el 15 de septiembre, quien ha expresado su oposici\u00f3n a la ampliaci\u00f3n de la prohibici\u00f3n de fumar en todos los espacios p\u00fablicos, diciendo que \u00abal final, el que fume se va a tener que ir al Oc\u00e9ano Atl\u00e1ntico\u00bb.<\/p>\n","protected":false},"author":1,"featured_media":0,"comment_status":"closed","ping_status":"open","sticky":false,"template":"","format":"standard","meta":{"footnotes":""},"categories":[32],"tags":[],"_links":{"self":[{"href":"https:\/\/marina.swarpeca.es\/revista\/wp-json\/wp\/v2\/posts\/526"}],"collection":[{"href":"https:\/\/marina.swarpeca.es\/revista\/wp-json\/wp\/v2\/posts"}],"about":[{"href":"https:\/\/marina.swarpeca.es\/revista\/wp-json\/wp\/v2\/types\/post"}],"author":[{"embeddable":true,"href":"https:\/\/marina.swarpeca.es\/revista\/wp-json\/wp\/v2\/users\/1"}],"replies":[{"embeddable":true,"href":"https:\/\/marina.swarpeca.es\/revista\/wp-json\/wp\/v2\/comments?post=526"}],"version-history":[{"count":2,"href":"https:\/\/marina.swarpeca.es\/revista\/wp-json\/wp\/v2\/posts\/526\/revisions"}],"predecessor-version":[{"id":3005,"href":"https:\/\/marina.swarpeca.es\/revista\/wp-json\/wp\/v2\/posts\/526\/revisions\/3005"}],"wp:attachment":[{"href":"https:\/\/marina.swarpeca.es\/revista\/wp-json\/wp\/v2\/media?parent=526"}],"wp:term":[{"taxonomy":"category","embeddable":true,"href":"https:\/\/marina.swarpeca.es\/revista\/wp-json\/wp\/v2\/categories?post=526"},{"taxonomy":"post_tag","embeddable":true,"href":"https:\/\/marina.swarpeca.es\/revista\/wp-json\/wp\/v2\/tags?post=526"}],"curies":[{"name":"wp","href":"https:\/\/api.w.org\/{rel}","templated":true}]}}