{"id":518,"date":"2009-09-09T15:44:12","date_gmt":"2009-09-09T15:44:12","guid":{"rendered":"https:\/\/marina.swarpeca.es\/revista\/2009\/09\/09\/globo-sonda-pronuclear-u-otro-paso-para-aceptar-su-inevitabilidad-22-06-08\/"},"modified":"2009-09-09T15:44:12","modified_gmt":"2009-09-09T15:44:12","slug":"globo-sonda-pronuclear-u-otro-paso-para-aceptar-su-inevitabilidad-22-06-08","status":"publish","type":"post","link":"https:\/\/marina.swarpeca.es\/revista\/globo-sonda-pronuclear-u-otro-paso-para-aceptar-su-inevitabilidad-22-06-08\/","title":{"rendered":"\u00bfGlobo sonda pronuclear u otro paso para aceptar su inevitabilidad? [22\/06\/08]"},"content":{"rendered":"<p>Rodr\u00edguez Zapatero (JLRZ) que en 2005 se autoproclam\u00f3 el m\u00e1s antinuclear de su gobierno, lo cual objetivamente tampoco constitu\u00eda una n\u00edtida declaraci\u00f3n de principios aunque s\u00ed habl\u00f3 de un plan de cierre de las plantas nucleares, al ir haci\u00e9ndose mayor ha ido matizando su postura hasta intentar escudarse en su 2\u00aa investidura en las decisiones de la UE.<\/p>\n<p>La Comisi\u00f3n Europea s\u00ed apoya sin ambages la energ\u00eda nuclear, pero su presidente, Jos\u00e9 Manuel Barroso, ha sentenciado claramente que la bicha en cuesti\u00f3n es competencia plena de los estados miembros. Por lo que el presidente del gobierno espa\u00f1ol deber\u00e1 buscar otras excusas para promocionar lo at\u00f3mico, quiz\u00e1s ya anda en ello; podr\u00eda ser argumento de peso el imparable encarecimiento del crudo y la electricidad, como reza el art\u00edculo a que nos referimos, as\u00ed como que ya han reactivado su programa nuclear Gran Breta\u00f1a, Italia y posiblemente en breve Alemania.<\/p>\n<p>Y como la construcci\u00f3n de nuevas centrales se enfrenta, por el momento y hasta que decidan que el enfrentamiento no es tal, a \u00abdificultades de financiaci\u00f3n y de emplazamiento\u00bb, Zapatero se debate ahora entre respetar y cumplir el programa electoral del PSOE que habla de cerrar las existentes \u00abcuando concluya su vida \u00fatil\u00bb o prolongar su funcionamiento y no jubilarlas \u00aby, si acaso, repotenciar las plantas m\u00e1s antiguas a modo de parches\u00bb.<\/p>\n<p><strong>Los pros y los contras<\/strong><\/p>\n<p>Si hacemos caso al escrito que d\u00e1 pi\u00e9 a esta columna, la balanza entre anti y pronucleares en el gabinete espa\u00f1ol se inclina cada vez m\u00e1s a favor de estos \u00faltimos: por decisi\u00f3n de Zapatero tras las elecciones de marzo de este a\u00f1o salieron del gobierno ministros antinucleares como el de Trabajo (Jes\u00fas Caldera) y Medio Ambiente (Cristina Narbona) y han entrado, en cambio, dos pro, la de Ciencia e Innovaci\u00f3n (Cristina Garmendia, que analistas varios significaban en la onda del PNV y que hace una semana ya lanz\u00f3 otra andanada cuando apoy\u00f3 abrir el debate nuclear) y sobre todo el de Industria (Miguel Sebasti\u00e1n), con gran influencia sobre el jefe del ejecutivo, <em>P\u00fablico<\/em> dixit, y que cauto y con visi\u00f3n de futuro apuesta a la vez por continuar con las energ\u00edas renovables y por alargar la vida \u00fatil de las 6 centrales nucleares en funcionamiento, establecida hasta la fecha en que real decreto lo remedie en los 40 a\u00f1os.<\/p>\n<p>La ministra de Medio Ambiente, Elena Espinosa, apoyar\u00eda la tesis del de Industria mientras el vicepresidente econ\u00f3mico, Pedro Solbes, tambi\u00e9n estar\u00eda por alargar en el tiempo el funcionamiento de las centrales nucleares m\u00e1s all\u00e1 de cuando se considera que dejan de ser seguras.<\/p>\n<p><em>P\u00fablico<\/em> reconoce obst\u00e1culos que operan en contra de las tesis nuclearizadoras: el denominado como \u00abincidente de Asc\u00f3\u00bb, el rechazo mayoritario a la energ\u00eda nuclear de los ciudadanos y ciudadanas del Estado, la postura manifiesta y publicitada con anterioridad por el jefe de gobierno, y la influencia y ascendencia sobre JLRZ de quienes como el gobernador del Banco de Espa\u00f1a, Miguel \u00c1ngel Fern\u00e1ndez Ord\u00f3\u00f1ez, o Pedro Solbes, \u00abcreen\u00bb que las nucleares no son rentables por el elevado coste de la gesti\u00f3n de los residuos y en consecuencia no son antinucleares sino contrarios a la energ\u00eda at\u00f3mica \u00abpor motivos econ\u00f3micos\u00bb.<\/p>\n<p>Sector energ\u00e9tico y medios pol\u00edticos hacen c\u00e1balas al respecto y vislumbran que lo que acontezca el a\u00f1o que viene con la central m\u00e1s arcaica, la de Garo\u00f1a, el cierre por liquidaci\u00f3n o su continuidad, supondr\u00e1 un hito en la historia nuclear espa\u00f1ola: si el permiso se prorroga, signo evidente ser\u00e1 de que con consenso suficiente el gobierno se deja llevar por los nuevos vientos y \u00abva a abrir la mano\u00bb, y vender\u00e1 su alma, \u00aben el tema de la energ\u00eda nuclear\u00bb.<\/p>\n<p>Mientras tanto, el Ministerio de Industria debe solventar una papeleta m\u00e1s peliaguda si cabe: d\u00f3nde emplaza o a qui\u00e9n le endosa el almac\u00e9n temporal centralizado de residuos de alta radiactividad.<\/p>\n<p>Para conclu\u00edr, va a ser verdad que tenemos lo que nos merecemos. Y como ocurre con los de la eta, no hay ni m\u00e1s malos ni m\u00e1s buenos, gobierno y foro nuclear no hay m\u00e1s que uno y tan s\u00f3lo el santo esp\u00edritu es uno y trino, digan lo que digan los peri\u00f3dicos.<\/p>\n<p>(art\u00edculo publicado en un diario digital espa\u00f1ol, 22 de junio de 2008)<\/p>\n","protected":false},"excerpt":{"rendered":"<p>Parece que Jos\u00e9 Luis Rodr\u00edguez Zapatero, su equipo y quien corresponda, se encuentre manos en la masa y en plena faena de ir preparando el terreno para que vayamos interiorizando lo de la inevitabilidad del \u00e1tomo. <em>P\u00fablico<\/em>, diario considerado por todo bicho viviente \u00bfcuasi? portavoz gubernamental &#8212;Alfonso Guerra ironiz\u00f3 hace poco sobre la peculiaridad celtib\u00e9rica de, a trav\u00e9s de su lectura, poder saber cada d\u00eda lo que JLRZ piensa&#8212;. publica hoy \u00abM\u00e1s presi\u00f3n sobre Zapatero\u00bb (desde dentro y fuera del ejecutivo) \u00abpara prorrogar las nucleares\u00bb y reconsiderar su rechazo a la energ\u00eda nuclear, escrito que viene a sumarse a otros recientes y m\u00e1s agresivos del lobby medi\u00e1tico pronuclear (el\u00e9ctricas y empresas de componentes de las plantas) que pretende se construyan 5 nuevas centrales at\u00f3micas antes de 2030, proyecto que el \u00abForo Nuclear\u00bb asevera est\u00e1 respaldado por los sindicatos para reactivar la econom\u00eda. El art\u00edculo pretende aclarar qu\u00e9 piensan varios gerifaltes de la administraci\u00f3n del PSOE sobre la energ\u00eda at\u00f3mica y a la vez nos adelanta que la clave se encuentra en lo que haga el gobierno, el a\u00f1o que viene si dios quiere, cuando caduca la autorizaci\u00f3n de 40 a\u00f1os a la central nuclear de Garo\u00f1a. En el terreno nuclear &#8212;ya lo ha hecho, tiene toda la pinta al menos, en cuanto a la soluci\u00f3n negociada y democr\u00e1tica del contencioso vasco&#8212; Zapatero lleva camino de emular, con creces, a Felipe Gonz\u00e1lez M\u00e1rquez, anterior jefe de gobierno de su partido que por arte de birbiloque y en juego de prestidigitaci\u00f3n sin par pas\u00f3 del \u00abOTAN, de entrada no\u00bb a ratificar el ingreso estatal en tan genocida organizaci\u00f3n imperialista, artera y casi subrepticiamente ejecutado inmediatamente despu\u00e9s del golpe militar del 23-F por Leopoldo Calvo Sotelo, su antecesor en el cargo.<\/p>\n","protected":false},"author":1,"featured_media":0,"comment_status":"closed","ping_status":"open","sticky":false,"template":"","format":"standard","meta":{"footnotes":""},"categories":[5],"tags":[],"_links":{"self":[{"href":"https:\/\/marina.swarpeca.es\/revista\/wp-json\/wp\/v2\/posts\/518"}],"collection":[{"href":"https:\/\/marina.swarpeca.es\/revista\/wp-json\/wp\/v2\/posts"}],"about":[{"href":"https:\/\/marina.swarpeca.es\/revista\/wp-json\/wp\/v2\/types\/post"}],"author":[{"embeddable":true,"href":"https:\/\/marina.swarpeca.es\/revista\/wp-json\/wp\/v2\/users\/1"}],"replies":[{"embeddable":true,"href":"https:\/\/marina.swarpeca.es\/revista\/wp-json\/wp\/v2\/comments?post=518"}],"version-history":[{"count":0,"href":"https:\/\/marina.swarpeca.es\/revista\/wp-json\/wp\/v2\/posts\/518\/revisions"}],"wp:attachment":[{"href":"https:\/\/marina.swarpeca.es\/revista\/wp-json\/wp\/v2\/media?parent=518"}],"wp:term":[{"taxonomy":"category","embeddable":true,"href":"https:\/\/marina.swarpeca.es\/revista\/wp-json\/wp\/v2\/categories?post=518"},{"taxonomy":"post_tag","embeddable":true,"href":"https:\/\/marina.swarpeca.es\/revista\/wp-json\/wp\/v2\/tags?post=518"}],"curies":[{"name":"wp","href":"https:\/\/api.w.org\/{rel}","templated":true}]}}