{"id":512,"date":"2009-09-04T12:53:58","date_gmt":"2009-09-04T12:53:58","guid":{"rendered":"https:\/\/marina.swarpeca.es\/revista\/2009\/09\/04\/reunion-mini-ministerial-en-nueva-delhi-carta-desde-la-base-del-movimiento-internacional-de-campesinos-a-los-ministros-04-09-09\/"},"modified":"2009-09-04T12:53:58","modified_gmt":"2009-09-04T12:53:58","slug":"reunion-mini-ministerial-en-nueva-delhi-carta-desde-la-base-del-movimiento-internacional-de-campesinos-a-los-ministros-04-09-09","status":"publish","type":"post","link":"https:\/\/marina.swarpeca.es\/revista\/reunion-mini-ministerial-en-nueva-delhi-carta-desde-la-base-del-movimiento-internacional-de-campesinos-a-los-ministros-04-09-09\/","title":{"rendered":"Reuni\u00f3n mini ministerial en Nueva Delhi: Carta desde la base del movimiento internacional de campesinos a los ministros [04\/09\/09]"},"content":{"rendered":"<p><strong>Acci\u00f3n campesina contra la reuni\u00f3n ministerial de New Delhi, 3 de setiembre de 2009 (foto La V\u00eda Campesinal)<\/strong><\/p>\n<p>Durante mucho tiempo, hemos estado trabajando para denunciar el <strong>enorme impacto negativo que la liberalizaci\u00f3n supone para el medio de subsistencia de los campesinos<\/strong>. <\/p>\n<p><strong>En 1999, durante la reuni\u00f3n ministerial de la Organizaci\u00f3n Mundial del Comercio (OMC) en Seattle<\/strong>, expresamos nuestra preocupaci\u00f3n en torno a la destrucci\u00f3n de nuestras econom\u00edas agr\u00edcolas familiares y las profundas crisis en nuestras sociedades que son debidas a las pol\u00edticas rurales neoliberales. <\/p>\n<p>De nuevo, durante la <strong>\u00faltima Conferencia de la OMC en Hong Kong en 2005<\/strong>, nos movilizamos porque la situaci\u00f3n alcanz\u00f3 un punto en el que los <strong>campesinos endeudados<\/strong> estaban sujetos a una presi\u00f3n diaria tal que <strong>muchos de ellos llegaron a quitarse la vida<\/strong>. <\/p>\n<p>Cuando <strong>la crisis alimentaria estall\u00f3 en 2006<\/strong>, fue para nosotros una <strong>clara demostraci\u00f3n del fallo de las pol\u00edticas neoliberales<\/strong>, y tuvimos la esperanza de que esta crisis llevar\u00eda a un cambio de ruta en las pol\u00edticas internacionales. <\/p>\n<p>Pero a\u00fan hoy, la \u00abFAO\u00bb estima que m\u00e1s de mil millones de personas son v\u00edctimas del hambre y que alrededor de 150 millones de personas m\u00e1s han engordado este n\u00famero como consecuencia directa de la crisis alimentaria actual.<\/p>\n<p>Siendo que un cambio en este tipo de pol\u00edticas es de vital importancia para todas nuestras organizaciones miembro en todo el mundo, queremos una vez m\u00e1s, pedirles que <strong>rechacen claramente cualquier implementaci\u00f3n en la liberalizaci\u00f3n del comercio de los alimentos en la \u00abOMC\u00bb<\/strong>. <\/p>\n<p>Hace falta que opten por pol\u00edticas que salvaguarden el medio de vida de los campesinos, as\u00ed como la seguridad alimentaria de los medios rurales y de los consumidores. <\/p>\n<p>Siendo que esto ser\u00eda imposible dentro del actual marco normativo y en sinton\u00eda con las propuestas de la OMC, pedimos <strong>que la agricultura sea retirada en su totalidad del \u00e1mbito de la \u00abOMC\u00bb<\/strong>.<\/p>\n<p>&#8211; La OMC no deber\u00eda involucrarse en temas de alimentaci\u00f3n o agricultura por las siguientes <strong>razones<\/strong>:<\/p>\n<p>Un aumento de la liberalizaci\u00f3n exacerbar\u00e1, en lugar de resolver, las <strong>crisis clim\u00e1tica, alimentaria, agr\u00edcola y financiera<\/strong>. Aumentar\u00eda considerablemente la vulnerabilidad de muchos pa\u00edses cuyas econom\u00edas y poblaciones dependan del sector agr\u00edcola. En India, por ejemplo, dos tercios de la poblaci\u00f3n dependen de la agricultura.<\/p>\n<p>Los sistemas de comercio global no permiten que los gobiernos protejan a sus campesinos contra el comportamiento depredador de las empresas corporativas; sino que en todo caso, otorga a los <strong>agro-negocios<\/strong> un <strong>reinado mucho mas libre y relajado<\/strong>. <\/p>\n<p>La \u00abOMC\u00bb, junto con los diferentes tratados de \u00ablibre comercio\u00bb bilaterales y regionales, permite que tanto los agro-negocios exportadores como las corporaciones de los pa\u00edses ricos reciban cuantiosas <strong>subvenciones<\/strong> por su producci\u00f3n, lo cual permite despu\u00e9s que estas empresas desborden con sus productos los mercados de los pa\u00edses en desarrollo y en los ya desarrollados (<strong>dumping<\/strong>). <\/p>\n<p>Esta realidad desfavorece a los campesinos de peque\u00f1a escala del Norte y del Sur al tiempo que abastece a los consumidores del Norte y del Sur de alimentos industriales producidos masivamente y de baja calidad. <\/p>\n<p>Bajo la <strong>ronda de Doha actual<\/strong>, los pa\u00edses desarrollados como los EE.UU. aumentar\u00e1n aun m\u00e1s las bonificaciones a los grupos de presi\u00f3n de la agro-industria, mientras que los pa\u00edses en desarrollo se ver\u00e1n forzados a seguir reduciendo sus medidas de protecci\u00f3n e incrementar el acceso a sus mercados, poniendo con ello en peligro a sus ya vulnerables agricultores.<\/p>\n<p>Incluso los denominados mecanismos \u201cde seguridad\u201d supuestamente dise\u00f1ados para proteger la agricultura de algunos pa\u00edses en desarrollo, como los <strong>Productos Especiales y los Mecanismos de Salvaguardia Especiales de la Ronda de Doha de la OMC<\/strong>, resultan ser <strong>ineficaces<\/strong>. <\/p>\n<p>Tomando un <strong>ejemplo<\/strong> con la propuesta actual, la <strong>India<\/strong> solamente puede proteger ocho o nueve cultivos de la reducci\u00f3n arancelaria, \u00a1algo insignificante en un pa\u00eds en el que se plantan cientos de cultivos a lo largo de m\u00e1s de 15 zonas agroclim\u00e1ticas!. <\/p>\n<p>A\u00fan peor, el ultimo borrador, al igual que los precedentes, plantea un <strong>mecanismo irreal e ineficaz de freno a la oleada de importaciones en los pa\u00edses en desarrollo<\/strong>. <\/p>\n<p>Esta propuesta no solventa los problemas cr\u00f3nicos de la reducci\u00f3n de precios que provoca la pol\u00edtica de <strong>subsidios en la Uni\u00f3n Europea y los EE.UU<\/strong>. <\/p>\n<p>Tampoco considera que la mayor\u00eda de los pa\u00edses en desarrollo carecen de la capacidad de controlar a tiempo la oleada de importaciones basadas en el volumen para que la medida sea eficaz. <\/p>\n<p>Consecuentemente, tales mecanismos \u201cde seguridad\u201d son <strong>incapaces de contrarrestar las repercusiones negativas de la creciente liberalizaci\u00f3n en la agricultura<\/strong>.<\/p>\n<p>&#8211; <strong>La soberan\u00eda alimentaria es nuestra alternativa a la liberalizaci\u00f3n comercial en la agricultura<\/strong><\/p>\n<p>La soberan\u00eda alimentaria representa el <strong>derecho de los pueblos<\/strong> a la producci\u00f3n de alimentos saludables y culturalmente apropiados mediante t\u00e9cnicas sostenibles y respetuosas con el medio ambiente, y su derecho a definir su propio sistema alimentario y agr\u00edcola. <\/p>\n<p>La soberan\u00eda alimentaria <strong>se opone frontalmente a los preceptos de la OMC<\/strong> seg\u00fan los cuales la demanda de los mercados y las corporaciones est\u00e1n en el coraz\u00f3n de los sistemas y las pol\u00edticas alimentarias. <\/p>\n<p>&#8211; Con el fin de alcanzar una reducci\u00f3n real de la pobreza mundial, el hambre y la malnutrici\u00f3n, no s\u00f3lo pedimos sacar la agricultura de las negociaciones de la OMC sino que les instamos a <strong>apoyar las siguientes medidas concretas:<\/strong><\/p>\n<p>* Protecci\u00f3n s\u00f3lida y apoyo a la producci\u00f3n de alimentos sostenible en las explotaciones agr\u00edcolas familiares para el consumo dom\u00e9stico a escala nacional que sea respetado por el sistema de comercio mundial.<\/p>\n<p>* Un sistema de comercio mundial que corrija el comportamiento de las corporaciones y ponga fin al dumping. <strong>Prohibir<\/strong> taxativamente <strong>toda especulaci\u00f3n con los alimentos<\/strong>.<\/p>\n<p>* Nuevas regulaciones de los mercados: pol\u00edticas de <strong>control de la producci\u00f3n<\/strong> (gesti\u00f3n de la oferta) con el fin de estabilizar los precios agr\u00edcolas.<\/p>\n<p>* <strong>Reformas agrarias reales<\/strong> que garanticen que los agricultores que producen alimentos para la poblaci\u00f3n tengan acceso a los recursos agr\u00edcolas (tierras, agua, semillas, ganado y biodiversidad) en lugar de las grandes corporaciones que producen para exportar.<\/p>\n<p>&#8211; Estas medidas consideradas <strong>conjuntamente sentar\u00edan las bases de la transformaci\u00f3n que requiere con imperiosa necesidad el sistema alimentario mundial. De esta manera se dar\u00eda un paso importante hacia la Soberan\u00eda Alimentaria.<\/strong><\/p>\n<p>&#8211; <em>Henry Saragih, Coordinador General de La V\u00eda Campesina<\/em>.<\/p>\n<p>&#8211; <em>Yudhvir Singh, Miembro del Comit\u00e9 Coordinaci\u00f3n Internacional de La V\u00eda Campesina<\/em>.<\/p>\n<p><strong>International Operational Secretariat<\/strong><\/p>\n<hr \/>\n<p>&#8211; La Via Campesina &#8211; International Secretariat:<\/p>\n<p>Jln. Mampang Prapatan XIV No. 5 Jakarta Selatan, Jakarta 12790  <\/p>\n<p>Indonesia<\/p>\n<p>Phone : +62-21-7991890, Fax : +62-21-7993426<\/p>\n<p>E-mail: viacampesina@viacampesina.org, <\/p>\n<p><a href=\"https:\/\/www.viacampesina.org\">Website<\/a><\/p>\n<p>+++++++++++++++++++++++++++++++++++++++++++++++++<\/p>\n<p>&#8211; Subscribe to Via Campesina News Updates! <a href=\"https:\/\/viacampesina.org\/main_en\/\">Go to<\/a> and subscribe on line.<\/p>\n<p>&#8211; \u00a1Suscribe a la lista de informaci\u00f3n de La V\u00eda Campesina! <a href=\"https:\/\/viacampesina.org\/main_sp\/\">Suscribe en l\u00ednea en<\/a>.<\/p>\n<p>&#8211; Inscrivez-vous \u00e0 la liste d\u2019information de Via Campesina! <a href=\"https:\/\/viacampesina.org\/main_fr\/\">Inscrivez-vous en ligne sur<\/a>.<\/p>\n<p>(4 de setiembre de 2009)<\/p>\n","protected":false},"excerpt":{"rendered":"<p>A todos los Ministros invitados a la reuni\u00f3n mini-ministerial en Nueva Delhi: copia para el Sr. Pascal Lamy, Director General de la OMC; copia para el Embajador David Walker, Presidente del Comit\u00e9 Agricultura en Sesi\u00f3n Extraordinaria; A La V\u00eda Campesina, movimiento internacional de campesinos, peque\u00f1os y medianos agricultores, sin-tierra, mujeres rurales, gentes ind\u00edgenas, juventudes rurales y agricultores asalariados, nos gustar\u00eda hacer llegar este mensaje, desde la base, a la reuni\u00f3n mini-ministerial que tiene lugar en Nueva Delhi los d\u00edas 3 y 4 de Septiembre.<\/p>\n","protected":false},"author":1,"featured_media":511,"comment_status":"closed","ping_status":"open","sticky":false,"template":"","format":"standard","meta":{"footnotes":""},"categories":[33],"tags":[],"_links":{"self":[{"href":"https:\/\/marina.swarpeca.es\/revista\/wp-json\/wp\/v2\/posts\/512"}],"collection":[{"href":"https:\/\/marina.swarpeca.es\/revista\/wp-json\/wp\/v2\/posts"}],"about":[{"href":"https:\/\/marina.swarpeca.es\/revista\/wp-json\/wp\/v2\/types\/post"}],"author":[{"embeddable":true,"href":"https:\/\/marina.swarpeca.es\/revista\/wp-json\/wp\/v2\/users\/1"}],"replies":[{"embeddable":true,"href":"https:\/\/marina.swarpeca.es\/revista\/wp-json\/wp\/v2\/comments?post=512"}],"version-history":[{"count":0,"href":"https:\/\/marina.swarpeca.es\/revista\/wp-json\/wp\/v2\/posts\/512\/revisions"}],"wp:featuredmedia":[{"embeddable":true,"href":"https:\/\/marina.swarpeca.es\/revista\/wp-json\/wp\/v2\/media\/511"}],"wp:attachment":[{"href":"https:\/\/marina.swarpeca.es\/revista\/wp-json\/wp\/v2\/media?parent=512"}],"wp:term":[{"taxonomy":"category","embeddable":true,"href":"https:\/\/marina.swarpeca.es\/revista\/wp-json\/wp\/v2\/categories?post=512"},{"taxonomy":"post_tag","embeddable":true,"href":"https:\/\/marina.swarpeca.es\/revista\/wp-json\/wp\/v2\/tags?post=512"}],"curies":[{"name":"wp","href":"https:\/\/api.w.org\/{rel}","templated":true}]}}