{"id":496,"date":"2009-08-31T07:03:04","date_gmt":"2009-08-31T07:03:04","guid":{"rendered":"https:\/\/marina.swarpeca.es\/revista\/2009\/08\/31\/la-finca-de-artikutza-nafarroa-podria-convertirse-en-monte-protector-en-el-plazo-de-un-ano-31-08-09\/"},"modified":"2009-08-31T07:03:04","modified_gmt":"2009-08-31T07:03:04","slug":"la-finca-de-artikutza-nafarroa-podria-convertirse-en-monte-protector-en-el-plazo-de-un-ano-31-08-09","status":"publish","type":"post","link":"https:\/\/marina.swarpeca.es\/revista\/la-finca-de-artikutza-nafarroa-podria-convertirse-en-monte-protector-en-el-plazo-de-un-ano-31-08-09\/","title":{"rendered":"La finca de Artikutza (Nafarroa), podr\u00eda convertirse en Monte Protector en el plazo de un a\u00f1o [31\/08\/09]"},"content":{"rendered":"<p><strong>Reuni\u00f3n<\/strong> Conscientes de los beneficios que aportar\u00eda el t\u00edtulo, representantes del Ayuntamiento de Donostia (propietario de la finca desde 1919), del Gobierno de Navarra (Artikutza se localiza en esta comunidad) y del Consistorio de Goizueta (los terrenos se encuentran dentro del t\u00e9rmino municipal de este pueblo) se reunir\u00e1n el martes [1 de setiembre] en Pamplona para impulsar un proyecto com\u00fan con el fin de hacer de este enclave un Monte Protector.<\/p>\n<p>En la cita tambi\u00e9n estar\u00e1 la empresa navarra de ingenier\u00eda \u00abEkilan\u00bb, que se encargar\u00e1 de elaborar un proyecto en el que se incluir\u00e1n un Plan de Ordenaci\u00f3n Forestal y un Plan de Gesti\u00f3n del LIC (Lugar de Inter\u00e9s Comunitario, dos aspectos necesarios para conseguir la distinci\u00f3n.<\/p>\n<p>Cabe recordar que las tres instituciones afectadas llevan m\u00e1s de ocho a\u00f1os en pos de hacer de Artikutza un Monte Protector y, al parecer, la tramitaci\u00f3n \u00ab<em>no concluir\u00e1 en breve<\/em>\u00ab. Seg\u00fan c\u00e1lculos del concejal de Parques y Jardines de Donostia, Artikutza podr\u00eda conseguir la citada calificaci\u00f3n \u00ab<em>en el plazo de un a\u00f1o<\/em>\u00ab.<\/p>\n<p>\u00ab<em>Los trabajos se prolongar\u00e1n durante aproximadamente seis meses y despu\u00e9s ser\u00e1 el Gobierno de Navarra quien tendr\u00e1 que cursar la solicitud a la UE<\/em>\u00ab, se\u00f1al\u00f3 el corporativo. En cualquier caso, se mostr\u00f3 esperanzado al se\u00f1alar que \u00ab<em>Artikutza tiene el 99,9% de probabilidades de convertirse en Monte Protector<\/em>\u00ab.<\/p>\n<p>\u00ab<em>Artikutza, con m\u00e1s de un mill\u00f3n de \u00e1rboles de diferentes especies, es un referente de medio ambiente y haremos todos los esfuerzos por mantenerlo as\u00ed<\/em>\u00ab, apunt\u00f3 el edil, que record\u00f3 que este a\u00f1o se cumplen 90 a\u00f1os desde que el Ayuntamiento de Donostia adquiri\u00f3 la finca navarra con el prop\u00f3sito de abastecer de agua a la ciudad.<\/p>\n<p>Para ello, entre los a\u00f1os 1947 y 1953 el Consistorio, encabezado por el alcalde don Mariano Zuaznabar, construy\u00f3 el actual embalse, denominado Enobieta, al que m\u00e1s tarde se le unir\u00eda el de A\u00f1arbe.<\/p>\n<p>&#8211; <a href=\"https:\/\/lurra.org\/default.cfm?atala=albistea_erakutsi&#038;id=11200&#038;hizkuntza=0\">Fuente lurra.org<\/a><\/p>\n<p>&#8211; Fotograf\u00eda: lurra.org<\/p>\n<p>(31 de agosto de 2009)<\/p>\n","protected":false},"excerpt":{"rendered":"<p>La finca navarra de Artikutza, ubicada entre Goizueta y Oiartzun y de propiedad donostiarra, podr\u00eda convertirse en Monte Protector \u00ab<em>en el plazo de un a\u00f1o<\/em>\u00ab. As\u00ed lo manifest\u00f3 ayer el concejal de Parques y Jardines de Donostia, Alberto Rodr\u00edguez, que record\u00f3 que s\u00f3lo Pagoeta dispone en Gipuzkoa de esta figura que concede la Uni\u00f3n Europea (UE) para velar por la protecci\u00f3n del suelo y de los recursos h\u00eddricos. Pero convertirse en Monte Protector acarrear\u00eda muchas otras ventajas. Una de las m\u00e1s importantes ser\u00eda la de abrir a Artikutza las puertas de los programas y las subvenciones econ\u00f3micas que la Uni\u00f3n Europea dirige a proyectos medioambientales. Adem\u00e1s, este \u00ab<em>pulm\u00f3n verde<\/em>\u00bb pasar\u00eda a formar parte de los planes nacionales y europeos de montes protegidos, con el gancho tur\u00edstico que eso podr\u00eda suponer para esta finca que se extiende a lo largo y ancho de nada m\u00e1s y nada menos que el equivalente a 3.700 campos de f\u00fatbol.<\/p>\n","protected":false},"author":1,"featured_media":495,"comment_status":"closed","ping_status":"open","sticky":false,"template":"","format":"standard","meta":{"footnotes":""},"categories":[33],"tags":[],"_links":{"self":[{"href":"https:\/\/marina.swarpeca.es\/revista\/wp-json\/wp\/v2\/posts\/496"}],"collection":[{"href":"https:\/\/marina.swarpeca.es\/revista\/wp-json\/wp\/v2\/posts"}],"about":[{"href":"https:\/\/marina.swarpeca.es\/revista\/wp-json\/wp\/v2\/types\/post"}],"author":[{"embeddable":true,"href":"https:\/\/marina.swarpeca.es\/revista\/wp-json\/wp\/v2\/users\/1"}],"replies":[{"embeddable":true,"href":"https:\/\/marina.swarpeca.es\/revista\/wp-json\/wp\/v2\/comments?post=496"}],"version-history":[{"count":0,"href":"https:\/\/marina.swarpeca.es\/revista\/wp-json\/wp\/v2\/posts\/496\/revisions"}],"wp:featuredmedia":[{"embeddable":true,"href":"https:\/\/marina.swarpeca.es\/revista\/wp-json\/wp\/v2\/media\/495"}],"wp:attachment":[{"href":"https:\/\/marina.swarpeca.es\/revista\/wp-json\/wp\/v2\/media?parent=496"}],"wp:term":[{"taxonomy":"category","embeddable":true,"href":"https:\/\/marina.swarpeca.es\/revista\/wp-json\/wp\/v2\/categories?post=496"},{"taxonomy":"post_tag","embeddable":true,"href":"https:\/\/marina.swarpeca.es\/revista\/wp-json\/wp\/v2\/tags?post=496"}],"curies":[{"name":"wp","href":"https:\/\/api.w.org\/{rel}","templated":true}]}}