{"id":492,"date":"2009-08-30T23:05:40","date_gmt":"2009-08-30T23:05:40","guid":{"rendered":"https:\/\/marina.swarpeca.es\/revista\/2009\/08\/30\/500-ecologistas-del-pais-vasco-burgos-y-la-rioja-marchan-contra-garona-30-08-09\/"},"modified":"2009-08-30T23:05:40","modified_gmt":"2009-08-30T23:05:40","slug":"500-ecologistas-del-pais-vasco-burgos-y-la-rioja-marchan-contra-garona-30-08-09","status":"publish","type":"post","link":"https:\/\/marina.swarpeca.es\/revista\/500-ecologistas-del-pais-vasco-burgos-y-la-rioja-marchan-contra-garona-30-08-09\/","title":{"rendered":"500 ecologistas del Pa\u00eds Vasco, Burgos y La Rioja marchan contra Garo\u00f1a [30\/08\/09]"},"content":{"rendered":"<p>Seg\u00fan los datos ofrecidos por los grupos antinucleares, Espa\u00f1a export\u00f3 en 2008 el doble de la energ\u00eda producida por Garo\u00f1a y s\u00f3lo el cambio de bombillas convencionales por otras de ahorro energ\u00e9tico supondr\u00eda una reducci\u00f3n del doble de la energ\u00eda el\u00e9ctrica que produce la central nuclear.<\/p>\n<p>Adem\u00e1s, Ribote ha se\u00f1alado en el comunicado que el cierre de Garo\u00f1a debe ser \u00ab<em>un paso fundamental para llegar a un sistema energ\u00e9tico sostenible en el que se apueste por las energ\u00edas renovables y el abandono de la energ\u00eda at\u00f3mica<\/em>\u00ab.<\/p>\n<p>Los ecologistas esperan que, tras el anunciado cierre de Garo\u00f1a, el Gobierno de Jos\u00e9 Luis Rodr\u00edguez Zapatero cumpla su compromiso electoral de cierre progresivo de todas las centrales nucleares espa\u00f1olas y despu\u00e9s se aborde un plan integral para la gesti\u00f3n de sus residuos.<\/p>\n<p>El portavoz ecologista ha considerado que la muestra de que Garo\u00f1a es una instalaci\u00f3n \u00ab<em>obsoleta<\/em>\u00bb es que sigue sufriendo incidentes, como la <strong>explosi\u00f3n del 30 de marzo<\/strong> o el <strong>incendio del 1 de agosto<\/strong> que, aunque \u00ab<em>no fueron graves<\/em>\u00ab, suponen un riesgo y una advertencia \u00ab<em>porque alg\u00fan d\u00eda se puede producir un incidente de mayor gravedad<\/em>\u00ab.<\/p>\n<p>El portavoz de la marcha contra Garo\u00f1a ha anunciado que las organizaciones ecologistas mantendr\u00e1n la presi\u00f3n al Gobierno para que se adelante el cierre de Garo\u00f1a o, al menos, \u00ab<em>no se cambie el criterio y se prorrogue el funcionamiento m\u00e1s all\u00e1 de 2013<\/em>\u00ab.<\/p>\n<p>Adem\u00e1s, ha adelantado que presentar\u00e1n un <strong>recurso judicial contra la orden ministerial que otorga a Garo\u00f1a cuatro a\u00f1os m\u00e1s de funcionamiento<\/strong>.<\/p>\n<p>El recurso se sumar\u00e1 al que tambi\u00e9n ha anunciado, aunque en sentido contrario, la empresa \u00abNuclenor\u00bb, propietaria de la instalaci\u00f3n nuclear.<\/p>\n<p>Aunque el recurso se apoyar\u00e1 en varios argumentos jur\u00eddicos, uno de los fundamentales ser\u00e1 que la normativa legal establece que las pr\u00f3rrogas deben ser de diez a\u00f1os y no de dos, de seis o de cuatro, como finalmente se ha decidido desde la Administraci\u00f3n General del Estado.<\/p>\n<p>&#8211; Argazkia: lurra<\/p>\n<p>&#8211; <a href=\"https:\/\/lurra.org\/default.cfm?atala=albistea_erakutsi&#038;id=11206&#038;hizkuntza=0\">Fuente lurra<\/a><\/p>\n<p>(30 de agosto de 2009)<\/p>\n","protected":false},"excerpt":{"rendered":"<p>Medio millar de ecologistas y antinucleares de la provincia de Burgos y de las comunidades de La Rioja y Pa\u00eds Vasco han participado hoy en la <em>XXX Marcha contra la central nuclear de Garo\u00f1a<\/em> para pedir el \u00ab<em>cierre inmediato<\/em>\u00bb de la instalaci\u00f3n. Seg\u00fan ha informado un portavoz de los organizadores, Alfonso Ribote, la marcha ha partido poco despu\u00e9s de las doce del mediod\u00eda de Barcina del Barco (Burgos), una localidad situada a algo m\u00e1s de un kil\u00f3metro de la valla que rodea las instalaciones de la central de Santa Mar\u00eda de Garo\u00f1a. En el punto m\u00e1s pr\u00f3ximo a la central, Ribote ha le\u00eddo un comunicado en el que ha destacado que \u00ab<em>el bajo aporte energ\u00e9tico de Garo\u00f1a y su alto riesgo<\/em>\u00bb son argumentos para su cierre, que \u00ab<em>se puede justificar con el mismo documento en el que el Gobierno ha decidido prorrogar la actividad de la instalaci\u00f3n hasta 2013, incumpliendo la promesa electoral de Rodr\u00edguez Zapatero, que se ha doblegado a las presiones de la industria nuclear<\/em>\u00ab.<\/p>\n","protected":false},"author":1,"featured_media":491,"comment_status":"closed","ping_status":"open","sticky":false,"template":"","format":"standard","meta":{"footnotes":""},"categories":[33],"tags":[],"_links":{"self":[{"href":"https:\/\/marina.swarpeca.es\/revista\/wp-json\/wp\/v2\/posts\/492"}],"collection":[{"href":"https:\/\/marina.swarpeca.es\/revista\/wp-json\/wp\/v2\/posts"}],"about":[{"href":"https:\/\/marina.swarpeca.es\/revista\/wp-json\/wp\/v2\/types\/post"}],"author":[{"embeddable":true,"href":"https:\/\/marina.swarpeca.es\/revista\/wp-json\/wp\/v2\/users\/1"}],"replies":[{"embeddable":true,"href":"https:\/\/marina.swarpeca.es\/revista\/wp-json\/wp\/v2\/comments?post=492"}],"version-history":[{"count":0,"href":"https:\/\/marina.swarpeca.es\/revista\/wp-json\/wp\/v2\/posts\/492\/revisions"}],"wp:featuredmedia":[{"embeddable":true,"href":"https:\/\/marina.swarpeca.es\/revista\/wp-json\/wp\/v2\/media\/491"}],"wp:attachment":[{"href":"https:\/\/marina.swarpeca.es\/revista\/wp-json\/wp\/v2\/media?parent=492"}],"wp:term":[{"taxonomy":"category","embeddable":true,"href":"https:\/\/marina.swarpeca.es\/revista\/wp-json\/wp\/v2\/categories?post=492"},{"taxonomy":"post_tag","embeddable":true,"href":"https:\/\/marina.swarpeca.es\/revista\/wp-json\/wp\/v2\/tags?post=492"}],"curies":[{"name":"wp","href":"https:\/\/api.w.org\/{rel}","templated":true}]}}