{"id":482,"date":"2009-08-29T01:56:57","date_gmt":"2009-08-29T01:56:57","guid":{"rendered":"https:\/\/marina.swarpeca.es\/revista\/2009\/08\/29\/bolivia-es-reconocida-internacionalmente-como-lider-en-salud-publica-29-08-09\/"},"modified":"2009-08-29T01:56:57","modified_gmt":"2009-08-29T01:56:57","slug":"bolivia-es-reconocida-internacionalmente-como-lider-en-salud-publica-29-08-09","status":"publish","type":"post","link":"https:\/\/marina.swarpeca.es\/revista\/bolivia-es-reconocida-internacionalmente-como-lider-en-salud-publica-29-08-09\/","title":{"rendered":"Bolivia es reconocida internacionalmente como l\u00edder en salud p\u00fablica [29\/08\/09]"},"content":{"rendered":"<p>Tapia asegur\u00f3 que los programas de salud p\u00fablica desarrollados por el gobierno \u00ab<em>son un ejemplo para Latinoam\u00e9rica<\/em>\u00ab.<\/p>\n<p>\u00ab<em>Nunca antes un gobierno ha trabajado tanto en pol\u00edticas de salud como el compa\u00f1ero Evo Morales, que en los \u00faltimos tres a\u00f1os y medio ha contratado a nivel nacional a casi 4.000 m\u00e9dicos<\/em>\u00ab, afirm\u00f3.<\/p>\n<p>Indic\u00f3 que este a\u00f1o el Estado destin\u00f3 fondos para la contrataci\u00f3n de 800 m\u00e9dicos para la atenci\u00f3n integral del Bono Juana Azurduy de Padilla, que entrega recursos a las madres gestantes con la condici\u00f3n de que cumplan sus controles prenatales.<\/p>\n<p>Tambi\u00e9n se entrega para ni\u00f1os de hasta dos a\u00f1os de edad que sean llevados peri\u00f3dicamente a ex\u00e1menes de salud, con el objetivo de reducir los \u00edndices de mortalidad materno-infantil.<\/p>\n<p>Los organismos que otorgan el premio son la Secretar\u00eda para el Desarrollo Integral (SEDI) de la Organizaci\u00f3n de Estados Americanos (OEA), el Centro Internacional de Formaci\u00f3n de Autoridades y L\u00edderes (CIFAL, Atlanta) del Instituto de Naciones Unidas para la Formaci\u00f3n e Investigaci\u00f3n (Unitar) y la Corporaci\u00f3n Andina de Fomento (CAF).<\/p>\n<p>\u00ab<em>Organismos internacionales reconocen que, en salud p\u00fablica, Bolivia est\u00e1 avanzando mucho<\/em>\u00ab, remarc\u00f3 el ministro de Salud.<\/p>\n<p>&#8211; <a href=\"https:\/\/www.argenpress.info\/2009\/08\/bolivia-es-reconocida.html\">Enlace con el original<\/a><\/p>\n<p>(29 de agosto de 2009)<\/p>\n","protected":false},"excerpt":{"rendered":"<p>Bolivia ser\u00e1 premiada el lunes pr\u00f3ximo por organismos internacionales como l\u00edder en salud p\u00fablica y en cobertura materno infantil. El ministro boliviano de Salud, Ramiro Tapia, inform\u00f3 que el premio fue decidido por el jurado del <em>Premio Am\u00e9rica a la Excelencia en el Servicio P\u00fablico<\/em>, que evalu\u00f3 m\u00e1s de 140 nominaciones de 17 pa\u00edses del continente y seleccion\u00f3 a ocho ganadores que cumplieron los \u00abObjetivos de Desarrollo del Milenio\u00bb establecidos por Naciones Unidas. \u00ab<em>Bolivia ha sido catalogada como l\u00edder en salud p\u00fablica debido a la cobertura y la mejora de salud de la madre y el ni\u00f1o. El lunes se nos otorgar\u00e1 una premiaci\u00f3n internacional<\/em>\u00ab, enfatiz\u00f3 Tapia, en conferencia de prensa en Trinidad. La ceremonia de premiaci\u00f3n se llevar\u00e1 a cabo durante una cena de gala el 31 de agosto en Atlanta, Georgia, Estados Unidos.<\/p>\n","protected":false},"author":1,"featured_media":0,"comment_status":"closed","ping_status":"open","sticky":false,"template":"","format":"standard","meta":{"footnotes":""},"categories":[32],"tags":[],"_links":{"self":[{"href":"https:\/\/marina.swarpeca.es\/revista\/wp-json\/wp\/v2\/posts\/482"}],"collection":[{"href":"https:\/\/marina.swarpeca.es\/revista\/wp-json\/wp\/v2\/posts"}],"about":[{"href":"https:\/\/marina.swarpeca.es\/revista\/wp-json\/wp\/v2\/types\/post"}],"author":[{"embeddable":true,"href":"https:\/\/marina.swarpeca.es\/revista\/wp-json\/wp\/v2\/users\/1"}],"replies":[{"embeddable":true,"href":"https:\/\/marina.swarpeca.es\/revista\/wp-json\/wp\/v2\/comments?post=482"}],"version-history":[{"count":0,"href":"https:\/\/marina.swarpeca.es\/revista\/wp-json\/wp\/v2\/posts\/482\/revisions"}],"wp:attachment":[{"href":"https:\/\/marina.swarpeca.es\/revista\/wp-json\/wp\/v2\/media?parent=482"}],"wp:term":[{"taxonomy":"category","embeddable":true,"href":"https:\/\/marina.swarpeca.es\/revista\/wp-json\/wp\/v2\/categories?post=482"},{"taxonomy":"post_tag","embeddable":true,"href":"https:\/\/marina.swarpeca.es\/revista\/wp-json\/wp\/v2\/tags?post=482"}],"curies":[{"name":"wp","href":"https:\/\/api.w.org\/{rel}","templated":true}]}}