{"id":470,"date":"2009-07-23T01:33:33","date_gmt":"2009-07-23T01:33:33","guid":{"rendered":"https:\/\/marina.swarpeca.es\/revista\/2009\/07\/23\/argentina-veneno-en-los-campos-ante-el-inicio-de-la-campana-agricola-advierten-sobre-el-dano-que-causa-el-uso-de-glifosato-22-07-09\/"},"modified":"2021-03-01T22:39:02","modified_gmt":"2021-03-01T22:39:02","slug":"argentina-veneno-en-los-campos-ante-el-inicio-de-la-campana-agricola-advierten-sobre-el-dano-que-causa-el-uso-de-glifosato-22-07-09","status":"publish","type":"post","link":"https:\/\/marina.swarpeca.es\/revista\/argentina-veneno-en-los-campos-ante-el-inicio-de-la-campana-agricola-advierten-sobre-el-dano-que-causa-el-uso-de-glifosato-22-07-09\/","title":{"rendered":"Argentina: Veneno en los campos. Ante el inicio de la campa\u00f1a agr\u00edcola, advierten sobre el da\u00f1o que causa el uso de glifosato [22\/07\/09]"},"content":{"rendered":"<p>Seg\u00fan los ambientalistas, m\u00e1s de 200 millones de litros de formulados de glifosato se han esparcido sobre campos y poblaciones rurales en la campa\u00f1a pasada, a\u00fan cuando existe suficiente evidencia cient\u00edfica sobre su toxicidad aguda y cr\u00f3nica.<\/p>\n<p>\u201c<em>Los efectos cancer\u00edgenos, acci\u00f3n mutag\u00e9nica, contaminaci\u00f3n de alimentos y persistencia en suelos y cultivos, han sido demostrados en forma fehaciente por <a href=\"https:\/\/marina.swarpeca.es\/revista\/gilles-eric-seralini-y-andres-carrasco-confirman-que-el-glifosato-es-letal-para-la-vida-humana\/\">numerosas investigaciones en nuestro pa\u00eds y el mundo<\/a>, incluyendo los \u00faltimos aportes del doctor <a href=\"https:\/\/marina.swarpeca.es\/revista\/argentina-efecto-del-glifosato-en-el-desarrollo-embrionario-de-xenopus-laevis\/\">Andr\u00e9s Carrasco<\/a>, Director del Laboratorio de Embriolog\u00eda Molecular de la UBA<\/em>\u201d, denunciaron.<\/p>\n<p>\u201c<em>En una rara coincidencia con los grupos econ\u00f3micos, ni los gobiernos ni el SENASA han dado acuse de recibo de tales investigaciones<\/em>\u201d. Entre otras, han cobrado p\u00fablico conocimiento el reciente pedido de informes en la C\u00e1mara de Diputados de la Naci\u00f3n; el pedido de reclasificaci\u00f3n del glifosato de diputados santafesinos y la creaci\u00f3n de una comisi\u00f3n espec\u00edfica sobre agrot\u00f3xicos en el Ministerio de Salud de la Naci\u00f3n.<\/p>\n<p>Adem\u00e1s, se present\u00f3 contra este herbicida un recurso presentado ante la Corte Suprema de Justicia por la <em>Asociaci\u00f3n de Abogados Ambientalistas<\/em>; est\u00e1 vigente una prohibici\u00f3n ministerial de plantar soja en instalaciones militares; existe un recurso de amparo protegiendo la salud de la comunidad en San Jorge (Santa Fe) contra el glifosato, adem\u00e1s de ordenanzas fijando l\u00edmites a las fumigaciones alrededor de las \u00e1reas urbanas.<\/p>\n<p>Se record\u00f3 tambi\u00e9n que existen publicaciones de cient\u00edficos nacionales e internacionales sobre las consecuencias negativas del glifosato; la vigencia del pedido de la Defensor\u00eda del Pueblo de la Naci\u00f3n para suspender su aspersi\u00f3n en las v\u00edas f\u00e9rreas y el pedido realizado por la C\u00e1mara de Diputados del Chaco al Gobernador para que se proh\u00edba la aplicaci\u00f3n de glifosato y endosulfan en esa provincia.<\/p>\n<p>\u201c<em>Estas acciones, que se multiplican d\u00eda a d\u00eda en todo el pa\u00eds, permiten avizorar un cambio en este modelo de producci\u00f3n que s\u00f3lo enferma y mata a nuestra gente y a nuestras tierras<\/em>\u201d, a\u00f1adieron.<\/p>\n<p>Desde la campa\u00f1a \u00ab\u00a1Paren de Fumigar!\u00bb, el Centro de Protecci\u00f3n a la Naturaleza pretende, entre otras actividades, la aplicaci\u00f3n de la normativa provincial sobre agrot\u00f3xicos (Ley N\u00b0 11.273) y la suspensi\u00f3n del uso y\/o reclasificaci\u00f3n de las formulaciones de glifosato.<\/p>\n<p>&#8211; <a href=\"https:\/\/www.argenpress.info\/2009\/07\/argentina-veneno-en-los-campos-ante-el.html\">Enlace con el original<\/a><\/p>\n<p>(Rep\u00fablica Argentina, 22 de julio de 2009)<\/p>\n","protected":false},"excerpt":{"rendered":"<p>Denuncian que m\u00e1s de 200 millones de litros de glifosato se esparcieron sobre campos y poblaciones rurales en la campa\u00f1a pasada pese a que existe evidencia cient\u00edfica sobre su toxicidad. Entre muchas presentaciones judiciales, la Corte Suprema de Justicia de la Naci\u00f3n analiza un recurso elevado por la Asociaci\u00f3n de Abogados Ambientalistas en contra de este herbicida. De cara al comienzo de la pr\u00f3xima campa\u00f1a agr\u00edcola, el Centro de Protecci\u00f3n a la Naturaleza (CeProNat), insisti\u00f3 en las advertencias sobre el uso de los agrot\u00f3xicos. Especialmente, se hizo hincapi\u00e9 en el herbicida glifosato que, en sus distintas formulaciones o en c\u00f3cteles \u201ccon otros venenos\u201d es de uso habitual y de preferencia por los agricultores argentinos.<\/p>\n","protected":false},"author":1,"featured_media":0,"comment_status":"closed","ping_status":"open","sticky":false,"template":"","format":"standard","meta":{"footnotes":""},"categories":[32],"tags":[],"_links":{"self":[{"href":"https:\/\/marina.swarpeca.es\/revista\/wp-json\/wp\/v2\/posts\/470"}],"collection":[{"href":"https:\/\/marina.swarpeca.es\/revista\/wp-json\/wp\/v2\/posts"}],"about":[{"href":"https:\/\/marina.swarpeca.es\/revista\/wp-json\/wp\/v2\/types\/post"}],"author":[{"embeddable":true,"href":"https:\/\/marina.swarpeca.es\/revista\/wp-json\/wp\/v2\/users\/1"}],"replies":[{"embeddable":true,"href":"https:\/\/marina.swarpeca.es\/revista\/wp-json\/wp\/v2\/comments?post=470"}],"version-history":[{"count":2,"href":"https:\/\/marina.swarpeca.es\/revista\/wp-json\/wp\/v2\/posts\/470\/revisions"}],"predecessor-version":[{"id":2971,"href":"https:\/\/marina.swarpeca.es\/revista\/wp-json\/wp\/v2\/posts\/470\/revisions\/2971"}],"wp:attachment":[{"href":"https:\/\/marina.swarpeca.es\/revista\/wp-json\/wp\/v2\/media?parent=470"}],"wp:term":[{"taxonomy":"category","embeddable":true,"href":"https:\/\/marina.swarpeca.es\/revista\/wp-json\/wp\/v2\/categories?post=470"},{"taxonomy":"post_tag","embeddable":true,"href":"https:\/\/marina.swarpeca.es\/revista\/wp-json\/wp\/v2\/tags?post=470"}],"curies":[{"name":"wp","href":"https:\/\/api.w.org\/{rel}","templated":true}]}}