{"id":461,"date":"2009-07-08T18:38:48","date_gmt":"2009-07-08T18:38:48","guid":{"rendered":"https:\/\/marina.swarpeca.es\/revista\/2009\/07\/08\/1a-conferencia-internacional-del-grupo-por-el-replanteamiento-cientifico-del-sida-california-san-francisco-6-8-de-noviembre-de-2009-08-07-09\/"},"modified":"2009-07-08T18:38:48","modified_gmt":"2009-07-08T18:38:48","slug":"1a-conferencia-internacional-del-grupo-por-el-replanteamiento-cientifico-del-sida-california-san-francisco-6-8-de-noviembre-de-2009-08-07-09","status":"publish","type":"post","link":"https:\/\/marina.swarpeca.es\/revista\/1a-conferencia-internacional-del-grupo-por-el-replanteamiento-cientifico-del-sida-california-san-francisco-6-8-de-noviembre-de-2009-08-07-09\/","title":{"rendered":"1\u00aa Conferencia Internacional del Grupo por el Replanteamiento Cient\u00edfico del SIDA, California (San Francisco), 6-8 de noviembre de 2009 [08\/07\/09]"},"content":{"rendered":"<p>&#8211; \u00abNuestro amigo el Dr. <strong>Roberto Giraldo<\/strong>, catedr\u00e1tico de inmunolog\u00eda e investigador independiente del SIDA, nos env\u00eda el siguiente correo que reproducimos sobre este encuentro que invitamos a apoyar: \u201cLes solicito el favor de hacer circular esta informaci\u00f3n entre todos sus amigos y contactos pues es importante que asistamos a este hist\u00f3rico evento muchas personas de Latinoam\u00e9rica. \u00c9sta ser\u00e1 una oportunidad \u00fanica para conocer a los m\u00e1s destacados cient\u00edficos e investigadores internacionales de la disidencia del SIDA. Favor notar que el costo de la inscripci\u00f3n a este importante evento internacional de la disidencia del SIDA, es menor mientras mas r\u00e1pido se haga la inscripci\u00f3n. Seria importante colocar un \u00ablink\u00bb en sus sitios del Internet y publicaciones escritas, para el <a href=\"https:\/\/ra2009.org\">Website de esta Conferencia<\/a>. Muchas gracias,<br \/>\nRoberto Giraldo, M.D.<\/p>\n<p><strong>Programa Repensando el SIDA 2009<\/strong><\/p>\n<p>Repensar el SIDA, conectando voces que cuestionan la versi\u00f3n oficial, volviendo a encender el debate.<\/p>\n<p>&#8211; Viernes 6 de noviembre hasta el domingo 8 de noviembre, Hotel Waterfront\u2013Oakland, California<\/p>\n<p>&#8211; <strong>Viernes 6 tarde<\/strong>: Inicio<\/p>\n<p>    * Inscripci\u00f3n<\/p>\n<p>    * Charla de bienvenida por el presidente de <em>Rethinking AIDS<\/em>, David Crowe<\/p>\n<p>    * Discurso principal<\/p>\n<p>    * Fiesta c\u00f3ctel (<em>Rethinking AIDS<\/em> como anfitri\u00f3n)<\/p>\n<p>&#8211; <strong>S\u00e1bado 7 por la ma\u00f1ana<\/strong>: Historia, ciencia y geograf\u00eda<\/p>\n<p>    * Comentarios del moderador<\/p>\n<p>    * \u00bfQue es el SIDA? \u00bfEs el VIH su causa?<\/p>\n<p>    * Todo sobre los retrovirus<\/p>\n<p>    * Descanso<\/p>\n<p>    * Transmisi\u00f3n sexual y \u00c1frica<\/p>\n<p>&#8211; <strong>S\u00e1bado 7 por la tarde<\/strong>: Medicamentos y silencio<\/p>\n<p>    * Medicamentos para el VIH<\/p>\n<p>    * Tratando pacientes con \u00a8SIDA\u00a8<\/p>\n<p>    * Censura<\/p>\n<p>    * Descanso<\/p>\n<p>    * Proyecci\u00f3n de la pel\u00edcula \u00a8<em>House of Numbers<\/em>\u00a8<\/p>\n<p>    * Debate con el director<\/p>\n<p>    * Banquete (volantes comprados por separado)<\/p>\n<p>&#8211; <strong>Domingo 8 por la ma\u00f1ana<\/strong>: Consecuencias sociales y legales<\/p>\n<p>    * Consecuencias legales de los tests positivos al VIH<\/p>\n<p>    * Consecuencias sociales de los tests positivos al VIH<\/p>\n<p>    * Descanso<\/p>\n<p>    * Mesa redonda<\/p>\n<p>    * Creaci\u00f3n de una red (sesi\u00f3n paralela)<\/p>\n<p>    *   &#8211; Red para Repensadores VIH-positivos<\/p>\n<p>    *   &#8211; Red para apoyo legal<\/p>\n<p>&#8211; <strong>Domingo 8 mediod\u00eda<\/strong>: Fin de la conferencia<\/p>\n<p>    * Comentarios finales y agradecimientos por David Crowe, presidente de <em>Rethinking AIDS<\/em><\/p>\n<p>    * A continuaci\u00f3n, reuni\u00f3n de la junta de <em>Rethinking AIDS<\/em>\u00bb.<\/p>\n<p><strong>Contactos:<\/strong> <a href=\"www.robertogiraldo.com\">Roberto Giraldo, M.D. p\u00e1gina bil\u00edng\u00fce<\/a><\/p>\n<p>&#8211; La p\u00e1gina de los cient\u00edficos disidentes (en ingl\u00e9s): <a href=\"https:\/\/www.rethinkingaids.com\">Rethinking AIDS. Newsletter of the Group for the Scientific Reappraisal of AIDS<\/a><\/p>\n<p>&#8211; <a href=\"https:\/\/www.amcmh.org\/PagAMC\/sida\/articulos\/cont_sida.htm\">Otras p\u00e1ginas en nuestra secci\u00f3n de contactos<\/a><\/p>\n<p>(8 de julio de 2009)<\/p>\n","protected":false},"excerpt":{"rendered":"<p>&#8211; <strong>Primera Conferencia Internacional del Grupo por el Replanteamiento Cient\u00edfico del SIDA<\/strong><\/p>\n<p>&#8211; Lugar: Waterfront Plaza Hotel en Oakland, California (San Francisco).<\/p>\n<p>&#8211; Fecha: del 6 al 8 de noviembre de 2009. <\/p>\n<p>&#8211; <a href=\"http:\/\/ra2009.org\">Website para mayor informaci\u00f3n y registrarse<\/a><\/p>\n","protected":false},"author":1,"featured_media":460,"comment_status":"closed","ping_status":"open","sticky":false,"template":"","format":"standard","meta":{"footnotes":""},"categories":[27],"tags":[],"_links":{"self":[{"href":"https:\/\/marina.swarpeca.es\/revista\/wp-json\/wp\/v2\/posts\/461"}],"collection":[{"href":"https:\/\/marina.swarpeca.es\/revista\/wp-json\/wp\/v2\/posts"}],"about":[{"href":"https:\/\/marina.swarpeca.es\/revista\/wp-json\/wp\/v2\/types\/post"}],"author":[{"embeddable":true,"href":"https:\/\/marina.swarpeca.es\/revista\/wp-json\/wp\/v2\/users\/1"}],"replies":[{"embeddable":true,"href":"https:\/\/marina.swarpeca.es\/revista\/wp-json\/wp\/v2\/comments?post=461"}],"version-history":[{"count":0,"href":"https:\/\/marina.swarpeca.es\/revista\/wp-json\/wp\/v2\/posts\/461\/revisions"}],"wp:featuredmedia":[{"embeddable":true,"href":"https:\/\/marina.swarpeca.es\/revista\/wp-json\/wp\/v2\/media\/460"}],"wp:attachment":[{"href":"https:\/\/marina.swarpeca.es\/revista\/wp-json\/wp\/v2\/media?parent=461"}],"wp:term":[{"taxonomy":"category","embeddable":true,"href":"https:\/\/marina.swarpeca.es\/revista\/wp-json\/wp\/v2\/categories?post=461"},{"taxonomy":"post_tag","embeddable":true,"href":"https:\/\/marina.swarpeca.es\/revista\/wp-json\/wp\/v2\/tags?post=461"}],"curies":[{"name":"wp","href":"https:\/\/api.w.org\/{rel}","templated":true}]}}