{"id":454,"date":"2009-09-11T22:33:26","date_gmt":"2009-09-11T22:33:26","guid":{"rendered":"https:\/\/marina.swarpeca.es\/revista\/2009\/09\/11\/el-maiz-transgenico-enfrenta-a-la-comision-europea-y-a-varios-estados-de-la-ue-07-07-09\/"},"modified":"2021-03-01T22:39:02","modified_gmt":"2021-03-01T22:39:02","slug":"el-maiz-transgenico-enfrenta-a-la-comision-europea-y-a-varios-estados-de-la-ue-07-07-09","status":"publish","type":"post","link":"https:\/\/marina.swarpeca.es\/revista\/el-maiz-transgenico-enfrenta-a-la-comision-europea-y-a-varios-estados-de-la-ue-07-07-09\/","title":{"rendered":"El ma\u00edz transg\u00e9nico enfrenta a la Comisi\u00f3n Europea y a varios estados de la UE [07\/07\/09]"},"content":{"rendered":"<p><em>Campo de ma\u00edz transg\u00e9nico en Zaragoza (foto Greenpeace)<\/em><\/p>\n<p>Para Juan-Felipe Carrasco, responsable de la Campa\u00f1a de Transg\u00e9nicos de <em>Greenpeace<\/em>: \u201c<em>Una vez m\u00e1s la Autoridad Europea de Seguridad Alimentaria ha ignorado las evidencia cient\u00edficas sobre los efectos negativos para el medio ambiente del ma\u00edz pesticida de Monsanto. La confianza ciega de la Comisi\u00f3n Europea en la opini\u00f3n sesgada de la EFSA preocupa enormemente a aquellos pa\u00edses concienciados con los datos cient\u00edficos disponibles sobre este ma\u00edz<\/em>\u201d. <\/p>\n<p>Doce Estados de la UE han expresado recientemente su enorme preocupaci\u00f3n acerca de la seguridad de este ma\u00edz transg\u00e9nico y seis han prohibido su cultivo en sus respectivos territorios [[Austria, Hungr\u00eda, Francia, Grecia, Luxemburgo, y Alemania han invocado la cla\u00fasula de salvaguarda y han prohibido el cultivo del ma\u00edz \u00abMON 810\u00bb. En marzo de 2009, 22 estados miembros rechazaron la respuesta de la Comisi\u00f3n para abolir las prohibiciones existentes en Austria y Hungr\u00eda]].<\/p>\n<p>Cient\u00edficos independientes han protestado por los graves defectos del informe de solicitud presentado por \u00abMonsanto\u00bb y sobre la calidad del trabajo de la \u00abEFSA\u00bb [[Listado de <a href=\"https:\/\/www.greenpeace.to\/publications\/Bt-maize-in-Europe-2009.pdf\">estudios cient\u00edficos sobre los impactos en el medio ambiente<\/a>.]]. En un movimiento sin precedentes, 18 ministros de 12 pa\u00edses de la UE enviaron una carta a la \u00abEFSA\u00bb en la que expon\u00edan sus preocupaciones cient\u00edficas sobre los efectos del ma\u00edz \u00abMON 810\u00bb en determinadas especies de insectos [[Adem\u00e1s, la semana pasada, 11 pa\u00edses de la UE pidieron a los ministros de medio ambiente que reconocieran el derecho de los pa\u00edses a prohibir el cultivo de transg\u00e9nicos debido a las preocupaciones sobre sus efectos en el medio ambiente.]]. Incomprensiblemente, en opini\u00f3n de <em>Greenpeace<\/em>, el dictamen de la EFSA no ha tenido en cuenta tales evidencias.<\/p>\n<p>En diciembre de 2008, los ministros de medio ambiente de la UE solicitaron, por unanimidad, una revisi\u00f3n del proceso de autorizaci\u00f3n de los cultivos transg\u00e9nicos y una mejora sustancial en la manera en que la EFSA eval\u00faa los impactos de estos cultivos en el medio ambiente y en la salud. <\/p>\n<p>Lo sorprendente, subraya <em>Greenpeace<\/em>, es que la propia \u00abEFSA\u00bb reconoce que actualmente no est\u00e1 en una posici\u00f3n de evaluar los efectos a largo plazo de los cultivos modificados gen\u00e9ticamente, como requiere la legislaci\u00f3n europea. <\/p>\n<p>La Comisi\u00f3n Europea ha dado de plazo a la \u00abEFSA\u00bb la fecha de abril de 2010 para que mejore su capacidad para evaluar los impactos a largo plazo.<\/p>\n<p>\u201c<em>\u00bfC\u00f3mo puede la \u00abEFSA\u00bb presentar una opini\u00f3n positiva sobre el \u00abMON-810\u00bb cuando p\u00fablicamente ha reconocido su incapacidad para determinar los impactos a largo plazo de los cultivos transg\u00e9nicos?<\/em>\u201d, se pregunta el responsable de transg\u00e9nicos de <em>Greenpeace<\/em>.<\/p>\n<p>La organizaci\u00f3n ecologista exige a la Comisi\u00f3n Europea que tome en cuenta las evidencias cient\u00edficas sobre los impactos negativos en el medio ambiente y los efectos socioecon\u00f3micos del ma\u00edz \u00abMON-810\u00bb: \u00ab<em>Ning\u00fan cultivo transg\u00e9nico deber\u00eda ser autorizado hasta que el proceso de evaluaci\u00f3n de riesgos se mejore y hasta que la \u00abEFSA\u00bb est\u00e9 preparada para evaluar el conjunto de impactos de los cultivos transg\u00e9nicos<\/em>\u00ab, considera <em>Greenpeace<\/em>.<\/p>\n<p>Simult\u00e1neamente, seis personas del colectivo <a href=\"https:\/\/www.somloquesembrem.org\/index3.php?actual=7&#038;actual2=136\"><em>Som Lo Que Sembrem<\/em><\/a> permanecen en huelga de hambre a las puertas del Parlamento de Catalu\u00f1a en Barcelona para exigir al PSC, al PP y a CiU que retiren las enmiendas a la totalidad a la <a href=\"https:\/\/marina.swarpeca.es\/revista\/salvemos-la-iniciativa-legislativa-popular-sobre-transgenicos-16-06-09\/\"><em>Iniciativa Legislativa Popular. ILP<\/em><\/a> presentada con el aval de 106.000 personas, 61 municipios y 4 comarcas. Esta ILP tiene, entre otros objetivos, declarar Catalu\u00f1a Libre de Transg\u00e9nicos y prohibir nuevas aprobaciones de transg\u00e9nicos: \u201c<em>A la vista de las incertidumbres medio ambientales y sanitarias y de las zonas de sombra en el proceso europeo de aprobaci\u00f3n de transg\u00e9nicos, el Parlamento catal\u00e1n tiene el deber m\u00e1s que nunca de recoger el encargo de la sociedad y admitir esta ILP a debate<\/em>\u201d, ha conclu\u00eddo Juan Felipe Carrasco.<\/p>\n<p>&#8211; <a href=\"https:\/\/www.greenpeace.org\/espana\/\">Fuente Greenpeace<\/a><\/p>\n<hr \/>\n<p><object width=\"425\" height=\"344\"><param name=\"movie\" value=\"https:\/\/www.youtube.com\/v\/qLq4wIEeXQc&#038;color1=0xb1b1b1&#038;color2=0xcfcfcf&#038;hl=es&#038;feature=player_embedded&#038;fs=1\"><\/param><param name=\"allowFullScreen\" value=\"true\"><\/param><param name=\"allowScriptAccess\" value=\"always\"><\/param><embed src=\"https:\/\/www.youtube.com\/v\/qLq4wIEeXQc&#038;color1=0xb1b1b1&#038;color2=0xcfcfcf&#038;hl=es&#038;feature=player_embedded&#038;fs=1\" type=\"application\/x-shockwave-flash\" allowfullscreen=\"true\" allowScriptAccess=\"always\" width=\"425\" height=\"344\"><\/embed><\/object><\/p>\n<hr \/>\n<p>(7 de julio de 2009)<\/p>\n","protected":false},"excerpt":{"rendered":"<p>La Comisi\u00f3n Europea y los Estados de la Uni\u00f3n Europea (UE) se han enfrentado de nuevo debido a la publicaci\u00f3n del dictamen de la \u00abAutoridad Europea de Seguridad Alimentaria. EFSA\u00bb (en sus siglas inglesas) sobre la nueva autorizaci\u00f3n del ma\u00edz modificado gen\u00e9ticamente \u00abMON 810 de Monsanto\u00bb, un peligroso ma\u00edz insecticida cuyo cultivo mayoritario se produce en Espa\u00f1a.<\/p>\n","protected":false},"author":1,"featured_media":453,"comment_status":"closed","ping_status":"open","sticky":false,"template":"","format":"standard","meta":{"footnotes":""},"categories":[5],"tags":[],"_links":{"self":[{"href":"https:\/\/marina.swarpeca.es\/revista\/wp-json\/wp\/v2\/posts\/454"}],"collection":[{"href":"https:\/\/marina.swarpeca.es\/revista\/wp-json\/wp\/v2\/posts"}],"about":[{"href":"https:\/\/marina.swarpeca.es\/revista\/wp-json\/wp\/v2\/types\/post"}],"author":[{"embeddable":true,"href":"https:\/\/marina.swarpeca.es\/revista\/wp-json\/wp\/v2\/users\/1"}],"replies":[{"embeddable":true,"href":"https:\/\/marina.swarpeca.es\/revista\/wp-json\/wp\/v2\/comments?post=454"}],"version-history":[{"count":1,"href":"https:\/\/marina.swarpeca.es\/revista\/wp-json\/wp\/v2\/posts\/454\/revisions"}],"predecessor-version":[{"id":2969,"href":"https:\/\/marina.swarpeca.es\/revista\/wp-json\/wp\/v2\/posts\/454\/revisions\/2969"}],"wp:featuredmedia":[{"embeddable":true,"href":"https:\/\/marina.swarpeca.es\/revista\/wp-json\/wp\/v2\/media\/453"}],"wp:attachment":[{"href":"https:\/\/marina.swarpeca.es\/revista\/wp-json\/wp\/v2\/media?parent=454"}],"wp:term":[{"taxonomy":"category","embeddable":true,"href":"https:\/\/marina.swarpeca.es\/revista\/wp-json\/wp\/v2\/categories?post=454"},{"taxonomy":"post_tag","embeddable":true,"href":"https:\/\/marina.swarpeca.es\/revista\/wp-json\/wp\/v2\/tags?post=454"}],"curies":[{"name":"wp","href":"https:\/\/api.w.org\/{rel}","templated":true}]}}