{"id":442,"date":"2009-06-29T16:54:39","date_gmt":"2009-06-29T16:54:39","guid":{"rendered":"https:\/\/marina.swarpeca.es\/revista\/2009\/06\/29\/fito-2009-2o-congreso-iberoamericano-de-fitoterapia-lisboa-8-10-de-octubre-de-2009-29-06-09\/"},"modified":"2009-06-29T16:54:39","modified_gmt":"2009-06-29T16:54:39","slug":"fito-2009-2o-congreso-iberoamericano-de-fitoterapia-lisboa-8-10-de-octubre-de-2009-29-06-09","status":"publish","type":"post","link":"https:\/\/marina.swarpeca.es\/revista\/fito-2009-2o-congreso-iberoamericano-de-fitoterapia-lisboa-8-10-de-octubre-de-2009-29-06-09\/","title":{"rendered":"fito 2009: 2\u00ba Congreso Iberoamericano de Fitoterapia. Lisboa 8-10 de octubre de 2009 [29\/06\/09]"},"content":{"rendered":"<p>\u00abEl 2\u00ba Congreso Iberoamericano de Fitoterapia se va a celebrar en Lisboa, del 8 al 10 de octubre del 2009. Constituye un honor para la Sociedade Portuguesa de Fitoqu\u00edmica y Fitoterapia (SPFito) ser la organizadora de este evento, que representa un paso m\u00e1s en la consolidaci\u00f3n tanto de nuestra joven asociaci\u00f3n como del recientemente creado Consejo Iberoamericano de Fitoterapia (CIAF), que re\u00fane ya un buen n\u00famero de las sociedades de Fitoterapia de los pa\u00edses iberoamericanos. Este acto constituye tambi\u00e9n el Primer Congreso de Fitoterapia de la SPFito, en el que, adem\u00e1s, aunamos esfuerzos con la Sociedad Espa\u00f1ola de Fitoterapia (SEFIT), que celebra en esta ocasi\u00f3n su 5\u00ba Congreso.<\/p>\n<p>Desde el Primer Congreso Iberoamericano de Fitoterapia, diversas sociedades de la regi\u00f3n iberoamericana han ido consolid\u00e1ndose como catalizadores de la actividad cient\u00edfica y profesional en Fitoterapia en sus respectivos pa\u00edses. Gracias a ello, ha sido posible la creaci\u00f3n del CIAF y la realizaci\u00f3n de este segundo congreso, que pretende buscar la m\u00e1xima sinergia entre nuestras sociedades.<\/p>\n<p>El congreso pretende ser un foro de reuni\u00f3n en el que investigadores y profesionales relacionados con la Fitoterapia tengan ocasi\u00f3n de presentar y discutir aspectos diversos, que van desde la investigaci\u00f3n precl\u00ednica a los resultados cl\u00ednicos y los temas regulatorios. Invitamos especialmente a los j\u00f3venes investigadores a presentar sus resultados en el marco de esta reuni\u00f3n. Debemos se\u00f1alar, adem\u00e1s, que previamente al congreso, el d\u00eda 8 de octubre, tendr\u00e1 lugar un curso precongreso.<\/p>\n<p>En nombre de la SPFito y de la SEFIT, queremos invitarles a participar activamente en este evento conjunto y aprovechar esta oportunidad para el intercambio de conocimiento, para la actualizaci\u00f3n en Fitoterapia, para la presentaci\u00f3n y discusi\u00f3n de resultados de investigaci\u00f3n y, c\u00f3mo no, tambi\u00e9n para disfrutar de la riqueza hist\u00f3rica y art\u00edstica de Lisboa y de la c\u00e1lida acogida de los colegas portugueses\u00bb.<\/p>\n<p>Ant\u00f3nio Proen\u00e7a da Cunha. Presidente de SPFito.<\/p>\n<p>Salvador Ca\u00f1igueral. Presidente de SEFIT.<\/p>\n<p>(29 de junio de 2009)<\/p>\n","protected":false},"excerpt":{"rendered":"<p>Entre los d\u00edas 8 y 10 de octubre de 2009 tiene lugar en Lisboa (Hotel Altis Park) fito 2009, 2\u00ba Congreso Iberoamericano de Fitoterapia, a la vez primero de SPFITO (Sociedade Portuguesa de Fitoqu\u00edmica e Fitoterapia) y quinto de SEFIT (Sociedad Espa\u00f1ola de Fitoterapia).<\/p>\n<p>&#8211; 8 de octubre, jueves: Mini-curso de Fitoterapia, dirigido a profesionales de la salud.<\/p>\n<p>&#8211; 9 y 10 de octubre, viernes y s\u00e1bado: Congreso.<\/p>\n<p>&#8211; Para ampliar la informaci\u00f3n: <a href=\"http:\/\/www.fito09.org\/\">fito 2009<\/a> fito09@the.pt<\/p>\n","protected":false},"author":1,"featured_media":0,"comment_status":"closed","ping_status":"open","sticky":false,"template":"","format":"standard","meta":{"footnotes":""},"categories":[27],"tags":[],"_links":{"self":[{"href":"https:\/\/marina.swarpeca.es\/revista\/wp-json\/wp\/v2\/posts\/442"}],"collection":[{"href":"https:\/\/marina.swarpeca.es\/revista\/wp-json\/wp\/v2\/posts"}],"about":[{"href":"https:\/\/marina.swarpeca.es\/revista\/wp-json\/wp\/v2\/types\/post"}],"author":[{"embeddable":true,"href":"https:\/\/marina.swarpeca.es\/revista\/wp-json\/wp\/v2\/users\/1"}],"replies":[{"embeddable":true,"href":"https:\/\/marina.swarpeca.es\/revista\/wp-json\/wp\/v2\/comments?post=442"}],"version-history":[{"count":0,"href":"https:\/\/marina.swarpeca.es\/revista\/wp-json\/wp\/v2\/posts\/442\/revisions"}],"wp:attachment":[{"href":"https:\/\/marina.swarpeca.es\/revista\/wp-json\/wp\/v2\/media?parent=442"}],"wp:term":[{"taxonomy":"category","embeddable":true,"href":"https:\/\/marina.swarpeca.es\/revista\/wp-json\/wp\/v2\/categories?post=442"},{"taxonomy":"post_tag","embeddable":true,"href":"https:\/\/marina.swarpeca.es\/revista\/wp-json\/wp\/v2\/tags?post=442"}],"curies":[{"name":"wp","href":"https:\/\/api.w.org\/{rel}","templated":true}]}}