{"id":433,"date":"2009-06-23T18:15:17","date_gmt":"2009-06-23T18:15:17","guid":{"rendered":"https:\/\/marina.swarpeca.es\/revista\/2009\/06\/23\/m-501-sigue-siendo-una-carretera-ilegal-23-06-09\/"},"modified":"2009-06-23T18:15:17","modified_gmt":"2009-06-23T18:15:17","slug":"m-501-sigue-siendo-una-carretera-ilegal-23-06-09","status":"publish","type":"post","link":"https:\/\/marina.swarpeca.es\/revista\/m-501-sigue-siendo-una-carretera-ilegal-23-06-09\/","title":{"rendered":"M-501: Sigue siendo una carretera ilegal [23\/06\/09]"},"content":{"rendered":"<p>Esperanza Aguirre, anunci\u00f3 ayer el desdoblamiento de la M-501 entre Navas del Rey y San Martin de Valdeiglesias. Desde la asociaci\u00f3n <em>Global\u00edzate<\/em> queremos recordar a la presidenta de la Comunidad de Madrid que el Tribunal Superior de Justicia de Madrid, declar\u00f3 el desdoblamiento entre Quijorna y Navas del Rey como ilegal y el Tribunal Superior de Justicia Europeo debe dictar sentencia en los pr\u00f3ximos meses.<\/p>\n<p>Adem\u00e1s, en la sesi\u00f3n del d\u00eda 22 de abril de 2009 de la Comisi\u00f3n de Peticiones del Parlamento Europeo, el eurodiputado del Partido Popular, Carlos Iturgaiz, pidi\u00f3 a dicha comisi\u00f3n \u201c<em>m\u00e1s rapidez y contundencia a la hora de actuar contra las carreteras ilegales<\/em>\u201d, lo que supone un varapalo a la pol\u00edtica seguida por la presidenta de la Comunidad de Madrid, Esperanza Aguirre en relaci\u00f3n a la M-501 o \u201ccarretera de los pantanos\u201d, cuya construcci\u00f3n ha infringido el derecho comunitario.<\/p>\n<p>Carlos Iturgaiz exigi\u00f3 a la Comisi\u00f3n de Peticiones del Parlamento Europeo que, en el futuro, se act\u00fae con una mayor diligencia para evitar \u201c<em>hechos consumados<\/em>\u201d. Estas afirmaciones son de gran importancia porque van en sentido contrario al de las declaraciones de la presidenta de la Comunidad de Madrid. La posici\u00f3n expresada en la Comisi\u00f3n de Peticiones de la UE por Carlos Iturgaiz pondr\u00e1 muchas m\u00e1s dificultades para seguir ampliando una carretera que atraviesa <em>Lugar de Inter\u00e9s Comunitario<\/em> (LIC) y <em>Zona de Especial Protecci\u00f3n de Aves<\/em> (ZEPA) ya que Europa observa atentamente el asunto.<\/p>\n<p>Desde la asociaci\u00f3n <em>Global\u00edzate<\/em> esperamos que el se\u00f1or Iturgaiz, Vicepresidente de la Comisi\u00f3n de Peticiones en funciones, mantenga esta posici\u00f3n ante las declaraciones de Esperanza Aguirre. Dicho desdoblamiento ser\u00eda un <strong>atentado medioambiental<\/strong>, ya que habr\u00eda que realizar una costosa obra de ingenier\u00eda con t\u00faneles en una zona de pinares, encinas y arroyos que vierten al r\u00edo Alberche y ser\u00eda necesario un viaducto para atravesar el embalse de Picadas. Adem\u00e1s, en la zona hay aves como el \u00e1guila imperial o culebrera, cig\u00fce\u00f1a negra, buitre negro o leonado y b\u00fahos reales que ser\u00e1n afectados por la criminal obra de seguir adelante dentro de un Lugar de Inter\u00e9s Comunitario (LIC) y Zona de Especial Protecci\u00f3n de Aves (ZEPA)<\/p>\n<p><em>Global\u00edzate<\/em> informar\u00e1 a la Comisi\u00f3n de Peticiones de la Uni\u00f3n Europea de este anuncio en cuanto sus se\u00f1or\u00edas tomen posesi\u00f3n de sus cargos tras las \u00faltimas elecciones al Parlamento Europeo.<\/p>\n<p>&#8211; <a href=\"www.kaosenlared.net\/noticia\/m-501-sigue-siendo-carretera-ilegal\">Enlace del art\u00edculo<\/a><\/p>\n<p>&#8211; <a href=\"https:\/\/www.globalizate.org\">Global\u00edzate<\/a><\/p>\n<p>(23 de junio de 2009)<\/p>\n","protected":false},"excerpt":{"rendered":"<p><em>Global\u00edzate<\/em> recuerda a Esperanza Aguirre que el <a href=\"article344\">Tribunal Superior de Justicia de Madrid, declar\u00f3 el desdoblamiento entre Quijorna y Navas del Rey como ilegal<\/a>. <\/p>\n","protected":false},"author":1,"featured_media":0,"comment_status":"closed","ping_status":"open","sticky":false,"template":"","format":"standard","meta":{"footnotes":""},"categories":[33],"tags":[],"_links":{"self":[{"href":"https:\/\/marina.swarpeca.es\/revista\/wp-json\/wp\/v2\/posts\/433"}],"collection":[{"href":"https:\/\/marina.swarpeca.es\/revista\/wp-json\/wp\/v2\/posts"}],"about":[{"href":"https:\/\/marina.swarpeca.es\/revista\/wp-json\/wp\/v2\/types\/post"}],"author":[{"embeddable":true,"href":"https:\/\/marina.swarpeca.es\/revista\/wp-json\/wp\/v2\/users\/1"}],"replies":[{"embeddable":true,"href":"https:\/\/marina.swarpeca.es\/revista\/wp-json\/wp\/v2\/comments?post=433"}],"version-history":[{"count":0,"href":"https:\/\/marina.swarpeca.es\/revista\/wp-json\/wp\/v2\/posts\/433\/revisions"}],"wp:attachment":[{"href":"https:\/\/marina.swarpeca.es\/revista\/wp-json\/wp\/v2\/media?parent=433"}],"wp:term":[{"taxonomy":"category","embeddable":true,"href":"https:\/\/marina.swarpeca.es\/revista\/wp-json\/wp\/v2\/categories?post=433"},{"taxonomy":"post_tag","embeddable":true,"href":"https:\/\/marina.swarpeca.es\/revista\/wp-json\/wp\/v2\/tags?post=433"}],"curies":[{"name":"wp","href":"https:\/\/api.w.org\/{rel}","templated":true}]}}