{"id":420,"date":"2009-06-19T00:58:49","date_gmt":"2009-06-19T00:58:49","guid":{"rendered":"https:\/\/marina.swarpeca.es\/revista\/2009\/06\/19\/la-agencia-de-proteccion-ambiental-de-ee-uu-declara-emergencia-de-salud-publica-por-contaminacion-de-amianto-en-una-mina-de-vermiculita-19-06-09\/"},"modified":"2009-06-19T00:58:49","modified_gmt":"2009-06-19T00:58:49","slug":"la-agencia-de-proteccion-ambiental-de-ee-uu-declara-emergencia-de-salud-publica-por-contaminacion-de-amianto-en-una-mina-de-vermiculita-19-06-09","status":"publish","type":"post","link":"https:\/\/marina.swarpeca.es\/revista\/la-agencia-de-proteccion-ambiental-de-ee-uu-declara-emergencia-de-salud-publica-por-contaminacion-de-amianto-en-una-mina-de-vermiculita-19-06-09\/","title":{"rendered":"La Agencia de Protecci\u00f3n Ambiental de EE UU declara emergencia de salud p\u00fablica por contaminaci\u00f3n de amianto en una mina de vermiculita [19\/06\/09]"},"content":{"rendered":"<p><strong>La EPA declara una emergencia de salud p\u00fablica en Libby, Montana<\/strong><\/p>\n<p>La <em>Agencia de Protecci\u00f3n Ambiental<\/em> <em>EPA<\/em>, por su sigla en ingl\u00e9s) declar\u00f3 una emergencia de salud p\u00fablica en la localidad de Libby, Montana, donde <strong>cientos de personas han muerto a causa de la contaminaci\u00f3n por amianto<\/strong>. <\/p>\n<p>Esta es la primera vez que la EPA hace una declaraci\u00f3n de este tipo. <\/p>\n<p>Durante d\u00e9cadas, <em>W.R. Grace and Co.<\/em> se dedic\u00f3 a la explotaci\u00f3n de una mina de vermiculita contaminada con amianto en Libby. <\/p>\n<p>El mes pasado, ejecutivos de W.R. Grace fueron absueltos de los cargos de permitir a sabiendas que los residentes de Libby estuvieran expuestos a niveles de amianto que pod\u00edan provocar <strong>c\u00e1ncer<\/strong>. <\/p>\n<p>La EPA dijo que canalizar\u00e1 seis millones de d\u00f3lares para brindar asistencia m\u00e9dica a las personas que se enfermaron a causa del amianto de la mina.<\/p>\n<p>&#8211; <a href=\"https:\/\/i4.democracynow.org\/es\/2009\/6\/18\/titulares#8\">Democracy Now!<\/a><\/p>\n<p>(19 de junio de 2009)<\/p>\n","protected":false},"excerpt":{"rendered":"<p>La EPA declara una emergencia de salud p\u00fablica en Libby, Montana La Agencia de Protecci\u00f3n Ambiental EPA, por su sigla en ingl\u00e9s) declar\u00f3 una emergencia de salud p\u00fablica en la localidad de Libby, Montana, donde cientos de personas han muerto a causa de la contaminaci\u00f3n por amianto. Esta es la primera vez que la EPA&hellip; <a class=\"more-link\" href=\"https:\/\/marina.swarpeca.es\/revista\/la-agencia-de-proteccion-ambiental-de-ee-uu-declara-emergencia-de-salud-publica-por-contaminacion-de-amianto-en-una-mina-de-vermiculita-19-06-09\/\">Continuar leyendo <span class=\"screen-reader-text\">La Agencia de Protecci\u00f3n Ambiental de EE UU declara emergencia de salud p\u00fablica por contaminaci\u00f3n de amianto en una mina de vermiculita [19\/06\/09]<\/span><\/a><\/p>\n","protected":false},"author":1,"featured_media":0,"comment_status":"closed","ping_status":"open","sticky":false,"template":"","format":"standard","meta":{"footnotes":""},"categories":[32],"tags":[],"_links":{"self":[{"href":"https:\/\/marina.swarpeca.es\/revista\/wp-json\/wp\/v2\/posts\/420"}],"collection":[{"href":"https:\/\/marina.swarpeca.es\/revista\/wp-json\/wp\/v2\/posts"}],"about":[{"href":"https:\/\/marina.swarpeca.es\/revista\/wp-json\/wp\/v2\/types\/post"}],"author":[{"embeddable":true,"href":"https:\/\/marina.swarpeca.es\/revista\/wp-json\/wp\/v2\/users\/1"}],"replies":[{"embeddable":true,"href":"https:\/\/marina.swarpeca.es\/revista\/wp-json\/wp\/v2\/comments?post=420"}],"version-history":[{"count":0,"href":"https:\/\/marina.swarpeca.es\/revista\/wp-json\/wp\/v2\/posts\/420\/revisions"}],"wp:attachment":[{"href":"https:\/\/marina.swarpeca.es\/revista\/wp-json\/wp\/v2\/media?parent=420"}],"wp:term":[{"taxonomy":"category","embeddable":true,"href":"https:\/\/marina.swarpeca.es\/revista\/wp-json\/wp\/v2\/categories?post=420"},{"taxonomy":"post_tag","embeddable":true,"href":"https:\/\/marina.swarpeca.es\/revista\/wp-json\/wp\/v2\/tags?post=420"}],"curies":[{"name":"wp","href":"https:\/\/api.w.org\/{rel}","templated":true}]}}