{"id":415,"date":"2009-06-17T02:39:03","date_gmt":"2009-06-17T02:39:03","guid":{"rendered":"https:\/\/marina.swarpeca.es\/revista\/2009\/06\/17\/salvemos-la-iniciativa-legislativa-popular-sobre-transgenicos-16-06-09\/"},"modified":"2009-06-17T02:39:03","modified_gmt":"2009-06-17T02:39:03","slug":"salvemos-la-iniciativa-legislativa-popular-sobre-transgenicos-16-06-09","status":"publish","type":"post","link":"https:\/\/marina.swarpeca.es\/revista\/salvemos-la-iniciativa-legislativa-popular-sobre-transgenicos-16-06-09\/","title":{"rendered":"\u00ab\u00a1Salvemos la Iniciativa Legislativa Popular sobre Transg\u00e9nicos!\u00bb [16\/06\/09]"},"content":{"rendered":"<p>\u00abPara intentar evitar esta maniobra antidemocr\u00e1tica, humillante y del todo irresponsable, necesitamos vuestra implicaci\u00f3n en la gran manifestaci\u00f3n que organizamos bajo el lema de \u00abDemocracia, Salud y Buenos Alimentos\u00bb.<\/p>\n<p>Depende de nuestra participaci\u00f3n que consigamos hacer visible la demanda social de un Nuevo Modelo Alimentario, Sanitario y Agr\u00edcola.<\/p>\n<p>Por ello, rogamos que no tom\u00e9is esta convocatoria como una m\u00e1s y<\/p>\n<p>&#8211; Confirm\u00e9is la asistencia al acto o su imposibilidad de asistir,<\/p>\n<p>&#8211; Pas\u00e9is esta convocatoria a todos vuestros contactos,<\/p>\n<p>&#8211; Haced la m\u00e1xima difusi\u00f3n en vuestros pueblos y ciudades,<\/p>\n<p>&#8211; Llevad a cinco personas con vosotros,<\/p>\n<p>&#8211; Participad en la organizaci\u00f3n de los desplazamientos desde el territorio,<\/p>\n<p>&#8211; Mantengamos el grado de concienciaci\u00f3n que hemos conseguido sobre este tema y busquemos alianzas con las bases de los partidos que se oponen, ya que como sab\u00e9is, diputados y concejales de estos partidos han hecho posible que m\u00e1s de 60 pueblos se hayan declarado libres de cultivos transg\u00e9nicos.<\/p>\n<p>&#8211; Son sus c\u00fapulas las que est\u00e1n distanciadas de la Sociedad\u00bb.<\/p>\n<p>&#8211; Autocares organizados con parada a:<\/p>\n<p>La Seu d&#8217;Urgell &#8211; Berga &#8211; Manresa<\/p>\n<p>Lleida &#8211; Borges Blanques &#8211; Vilafranca<\/p>\n<p>Pobla de Segur &#8211; Cervera<\/p>\n<p>Figueres &#8211; Girona<\/p>\n<p>Tortosa &#8211; Tarragona<\/p>\n<p>&#8211; Reservas y otras informaciones: 973450683<\/p>\n<p>&#8211; M\u00e1s informaci\u00f3n: <a href=\"www.somloquesembrem.org\">\u00ab<em>Som lo que Sembrem<\/em>\u00ab<\/a>.<\/p>\n<p>(16 de junio de 2009)<\/p>\n","protected":false},"excerpt":{"rendered":"<p>La Plataforma <em>\u00abSom lo que Sembrem\u00bb<\/em> remite este comunicado para hacer un llamamiento a la manifestaci\u00f3n, en defensa de la Iniciativa Legislativa Popular sobre Transg\u00e9nicos, convocada el 28 de junio de 2009, a las 12.00 horas, en la Plaza de Catalu\u00f1a de Barcelona: \u00abEn medio del desencanto pol\u00ed\u00adtico que estamos viviendo en los \u00faltimos tiempos, PSC-PSOE, CiU y PP han iniciado los tr\u00e1mites para abortar la Iniciativa Legislativa Popular sobre Transg\u00e9nicos de la Plataforma \u00ab<em>Som lo que Sembrem<\/em>\u00ab, presentando una Enmienda a la Totalidad para que no pueda ni tan siquiera ser debatida en sede parlamentaria. Hac\u00eda falta un m\u00ednimo de 50.000 firmas para avalar la Iniciativa Legislativa Popular y recogimos 106.000. As\u00ed\u00ad pretenden responder a la preocupaci\u00f3n activa de la sociedad catalana sobre la seguridad alimentaria, el medio ambiente y el futuro de la agricultura tradicional. Despu\u00e9s estos mismos partidos, lamentan la abstenci\u00f3n en las elecciones a la vez que traicionan a 106.000 miembros de esta sociedad que quiere participar activamente en la pol\u00edtica\u00bb.<\/p>\n","protected":false},"author":1,"featured_media":0,"comment_status":"closed","ping_status":"open","sticky":false,"template":"","format":"standard","meta":{"footnotes":""},"categories":[27],"tags":[],"_links":{"self":[{"href":"https:\/\/marina.swarpeca.es\/revista\/wp-json\/wp\/v2\/posts\/415"}],"collection":[{"href":"https:\/\/marina.swarpeca.es\/revista\/wp-json\/wp\/v2\/posts"}],"about":[{"href":"https:\/\/marina.swarpeca.es\/revista\/wp-json\/wp\/v2\/types\/post"}],"author":[{"embeddable":true,"href":"https:\/\/marina.swarpeca.es\/revista\/wp-json\/wp\/v2\/users\/1"}],"replies":[{"embeddable":true,"href":"https:\/\/marina.swarpeca.es\/revista\/wp-json\/wp\/v2\/comments?post=415"}],"version-history":[{"count":0,"href":"https:\/\/marina.swarpeca.es\/revista\/wp-json\/wp\/v2\/posts\/415\/revisions"}],"wp:attachment":[{"href":"https:\/\/marina.swarpeca.es\/revista\/wp-json\/wp\/v2\/media?parent=415"}],"wp:term":[{"taxonomy":"category","embeddable":true,"href":"https:\/\/marina.swarpeca.es\/revista\/wp-json\/wp\/v2\/categories?post=415"},{"taxonomy":"post_tag","embeddable":true,"href":"https:\/\/marina.swarpeca.es\/revista\/wp-json\/wp\/v2\/tags?post=415"}],"curies":[{"name":"wp","href":"https:\/\/api.w.org\/{rel}","templated":true}]}}