{"id":41,"date":"2008-12-02T00:58:21","date_gmt":"2008-12-02T00:58:21","guid":{"rendered":"https:\/\/marina.swarpeca.es\/revista\/2008\/12\/02\/hiperico-corazoncillo-o-hierba-de-san-juan\/"},"modified":"2021-03-01T22:38:59","modified_gmt":"2021-03-01T22:38:59","slug":"hiperico-corazoncillo-o-hierba-de-san-juan","status":"publish","type":"post","link":"https:\/\/marina.swarpeca.es\/revista\/hiperico-corazoncillo-o-hierba-de-san-juan\/","title":{"rendered":"Hip\u00e9rico, Corazoncillo o Hierba de San Juan"},"content":{"rendered":"<p><strong>FAMILIA:<\/strong> Gut\u00edferas, con unas 820 especies de los pa\u00edses c\u00e1lidos y templados, 300 de ellas del g\u00e9nero hypericum, en su mayor\u00eda le\u00f1osas pero en la pen\u00ednsula Ib\u00e9rica casi todas herb\u00e1ceas.<\/p>\n<p><strong>DESCRIPCI\u00d3N:<\/strong> Planta herb\u00e1cea vivaz (perenne) de sabor arom\u00e1tico, altura de hasta un metro y cepa endurecida, con tallo principal erguido y r\u00edgido y m\u00e1s endebles los secundarios. Hojas opuestas, alargadas y con numerosos puntos transl\u00facidos a contraluz. Flores amarillas que forman un ramillete terminal. Repartida por todo el mundo es com\u00fan en Europa y Am\u00e9rica.<\/p>\n<p>Se cr\u00eda en bosques, terrenos incultos y bordes de los caminos, setos y ribazos frescos no demasiado h\u00famedos de toda la pen\u00ednsula. Florece a partir de mayo y se recolecta en plena floraci\u00f3n.<\/p>\n<p><strong>PARTES UTILIZADAS:<\/strong>  Las flores y hojas, y su aceite.<\/p>\n<p><strong>PRINCIPIOS ACTIVOS:<\/strong> Naftodiantronas (hipericina, seudohipericina, isohipericina, protohipericina), flavonoides (hiper\u00f3sido, rut\u00f3sido, quercitr\u00f3sido, isoquercitr\u00f3sido), \u00e1cidos (caf\u00e9ico, clorog\u00e9nico, gent\u00edsico, fer\u00falico), proantocianidoles, derivados del floroglucinol (hiperforina, adhiperforina). Aceite esencial rico en alfapineno y otros monoterpenos. Abundantes taninos, fitosteroles y cumarinas.<\/p>\n<p><a href=\"https:\/\/marina.swarpeca.es\/revista\/depresion-y-expresion-de-las-emociones\/\">PROPIEDADES<\/a>: Antidepresiva y tranquilizante, equilibra el sistema nervioso con una acci\u00f3n lenta. Antis\u00e9ptica, astringente y cicatrizante. Colagoga, espasmol\u00edtica y vitam\u00ednica P (venot\u00f3nica y vasoprotectora capilar). <\/p>\n<p>Indicada en ansiedad, depresi\u00f3n, terrores nocturnos, trastornos neurovegetativos asociados al climaterio (=andropausia y menopausia), enuresis (=incontinencia nocturna de la orina), disquinesia biliar, espasmo gastrointestinal, gastritis, ulcus gastroduodenal, diarrea, colon irritable, asma, varices, hemorroides y fragilidad capilar. <\/p>\n<p>Uso externo en heridas, llagas, eccemas, quemaduras, contusiones, distensi\u00f3n ligamentosa y acn\u00e9.<\/p>\n<p>Con excesiva radiaci\u00f3n solar puede originar fotosensibilizaci\u00f3n local, enrojecimiento cut\u00e1neo y quemaduras.<\/p>\n<p>Se est\u00e1 estudiando la aplicaci\u00f3n del hip\u00e9rico en  la prevenci\u00f3n del c\u00e1ncer y para tratar enfermedades infecciosas y sida.<\/p>\n<p><strong>MODO DE EMPLEO:<\/strong> Infusi\u00f3n, extracto fluido, extracto seco, solo o con espino blanco, melisa, &#8230; Maceraci\u00f3n en aceite de oliva.<\/p>\n<p><strong>REFERENCIAS B\u00c1SICAS<\/strong><\/p>\n<p>&#8211; Diccionario de Bot\u00e1nica, Dr. P. Font Quer, Labor, Barcelona, 1993.<\/p>\n<p>&#8211; Plantas Medicinales. El Diosc\u00f3rides renovado, Dr. P. Font Quer, Labor, Barcelona, 1995.<\/p>\n<p>&#8211; Enciclopedia de las Plantas Medicinales, Dr. Jorge D. Pamplona Roger, Safeliz, Madrid, 1998.<\/p>\n<p>&#8211; Fitoterapia. Vadem\u00e9cum de Prescripci\u00f3n, Masson, Barcelona, 1998.<\/p>\n<p>&#8211; Diccionario terminol\u00f3gico de Ciencias M\u00e9dicas, Masson, Barcelona, 1998.<\/p>\n<p>&#8211; Gran Enciclopedia de las Plantas Medicinales, Dr. Josep Llu\u00eds Berdonces i Serra, Tikal, Premi\u00e1 de Mar, Girona, 1999.<\/p>\n<p>&#8211; \u00c1rboles y arbustos de la Pen\u00ednsula Ib\u00e9rica e Islas Baleares, Pablo Gal\u00e1n Cela, Roberto Gamarra Gamarra y Juan Ignacio Garc\u00eda Vi\u00f1as, Jaguar, Madrid, 2000.<\/p>\n<p>(ficha publicada en Espacio Humano n\u00ba 48, diciembre de 2001)<\/p>\n","protected":false},"excerpt":{"rendered":"<p>FAMILIA: Gut\u00edferas, con unas 820 especies de los pa\u00edses c\u00e1lidos y templados, 300 de ellas del g\u00e9nero hypericum, en su mayor\u00eda le\u00f1osas pero en la pen\u00ednsula Ib\u00e9rica casi todas herb\u00e1ceas. DESCRIPCI\u00d3N: Planta herb\u00e1cea vivaz (perenne) de sabor arom\u00e1tico, altura de hasta un metro y cepa endurecida, con tallo principal erguido y r\u00edgido y m\u00e1s endebles&hellip; <a class=\"more-link\" href=\"https:\/\/marina.swarpeca.es\/revista\/hiperico-corazoncillo-o-hierba-de-san-juan\/\">Continuar leyendo <span class=\"screen-reader-text\">Hip\u00e9rico, Corazoncillo o Hierba de San Juan<\/span><\/a><\/p>\n","protected":false},"author":1,"featured_media":40,"comment_status":"closed","ping_status":"open","sticky":false,"template":"","format":"standard","meta":{"footnotes":""},"categories":[3],"tags":[],"_links":{"self":[{"href":"https:\/\/marina.swarpeca.es\/revista\/wp-json\/wp\/v2\/posts\/41"}],"collection":[{"href":"https:\/\/marina.swarpeca.es\/revista\/wp-json\/wp\/v2\/posts"}],"about":[{"href":"https:\/\/marina.swarpeca.es\/revista\/wp-json\/wp\/v2\/types\/post"}],"author":[{"embeddable":true,"href":"https:\/\/marina.swarpeca.es\/revista\/wp-json\/wp\/v2\/users\/1"}],"replies":[{"embeddable":true,"href":"https:\/\/marina.swarpeca.es\/revista\/wp-json\/wp\/v2\/comments?post=41"}],"version-history":[{"count":1,"href":"https:\/\/marina.swarpeca.es\/revista\/wp-json\/wp\/v2\/posts\/41\/revisions"}],"predecessor-version":[{"id":2785,"href":"https:\/\/marina.swarpeca.es\/revista\/wp-json\/wp\/v2\/posts\/41\/revisions\/2785"}],"wp:featuredmedia":[{"embeddable":true,"href":"https:\/\/marina.swarpeca.es\/revista\/wp-json\/wp\/v2\/media\/40"}],"wp:attachment":[{"href":"https:\/\/marina.swarpeca.es\/revista\/wp-json\/wp\/v2\/media?parent=41"}],"wp:term":[{"taxonomy":"category","embeddable":true,"href":"https:\/\/marina.swarpeca.es\/revista\/wp-json\/wp\/v2\/categories?post=41"},{"taxonomy":"post_tag","embeddable":true,"href":"https:\/\/marina.swarpeca.es\/revista\/wp-json\/wp\/v2\/tags?post=41"}],"curies":[{"name":"wp","href":"https:\/\/api.w.org\/{rel}","templated":true}]}}