{"id":407,"date":"2009-06-12T07:51:26","date_gmt":"2009-06-12T07:51:26","guid":{"rendered":"https:\/\/marina.swarpeca.es\/revista\/2009\/06\/12\/peru-salven-al-amazonas-firma-la-peticion-12-06-09\/"},"modified":"2009-06-12T07:51:26","modified_gmt":"2009-06-12T07:51:26","slug":"peru-salven-al-amazonas-firma-la-peticion-12-06-09","status":"publish","type":"post","link":"https:\/\/marina.swarpeca.es\/revista\/peru-salven-al-amazonas-firma-la-peticion-12-06-09\/","title":{"rendered":"Per\u00fa: Salven al Amazonas: Firma la petici\u00f3n [12\/06\/09]"},"content":{"rendered":"<p>\u00ab<em>Estos grupos ind\u00edgenas son parte de la vanguardia en la lucha por la protecci\u00f3n de nuestro planeta: sum\u00e9monos a ellos e instemos al Presidente Alan Garc\u00eda (ampliamente conocido por su af\u00e1n de mantener una buena reputaci\u00f3n internacional) a que detenga inmediatamente la violencia y abra canales de di\u00e1logo adecuados. Cliquea abajo para firmar esta urgente petici\u00f3n global y destacados aliados pol\u00edticos de \u00abAvaaz\u00bb en la regi\u00f3n la entregar\u00e1n en nuestro nombre<\/em>\u00ab:<\/p>\n<p><a href=\"https:\/\/www.avaaz.org\/es\/peru_stop_violence\">https:\/\/www.avaaz.org\/es\/peru_stop_violence<\/a><\/p>\n<p><em>M\u00e1s del 70% de la Amazon\u00eda peruana se encuentra a merced de la sobreexplotaci\u00f3n comercial. Multinacionales petroleras y de hidrocarburos, como la anglo-francesa <em> <strong>Perenco<\/strong> <\/em> y las norteamericanas <em> <strong>ConocoPhillips<\/strong> <\/em> y <em> <strong>Talisma Energy<\/strong> <\/em>, ya han comprometido inversiones billonarias en la regi\u00f3n. Estos sectores cuentan con un paup\u00e9rrimo historial en lo que concierne a su contribuci\u00f3n al desarrollo local y la preservaci\u00f3n del medioambiente en pa\u00edses en desarrollo. Es por ello que los ind\u00edgenas reclaman su derecho, reconocido internacionalmente, a ser consultados antes de la aprobaci\u00f3n de cualquier nueva legislaci\u00f3n que les afecte<\/em>.<\/p>\n<p><em>Durante d\u00e9cadas, los pueblos ind\u00edgenas han sido testigos de c\u00f3mo las industrias extractivas devastaban las selvas, hogar de muchos y un tesoro indispensable para todos (algunos cient\u00edficos y expertos del clima describen al <strong>Amazonas<\/strong> como \u00ab<strong>el pulm\u00f3n del planeta<\/strong>\u00ab, que absorbe las emisiones de carb\u00f3n causantes del calentamiento global a la vez que produce ox\u00edgeno)<\/em>.<\/p>\n<p><em>Esta nueva ola de protestas en Per\u00fa es de vital importancia; no podemos permitir un fracaso. Firma la petici\u00f3n, y alienta a tus amigos y familiares a que se unan ellos tambi\u00e9n, para poder traer justicia a los pueblos ind\u00edgenas del Per\u00fa, proteger la Amazon\u00eda y evitar nuevos actos de violencia<\/em>.<\/p>\n<p>En solidaridad, Luis, Paula, Alice, Ricken, Graziela, Ben, Brett, Iain, Pascal, Raj, Taren y todo el equipo de \u00abAvaaz\u00bb.<\/p>\n<p><strong>M\u00e1s informaci\u00f3n<\/strong><\/p>\n<p>&#8211; Sigue la tensi\u00f3n en el norte de Per\u00fa, <em>BBC<\/em>, 8 de Junio:<br \/>\n<a href=\"https:\/\/www.bbc.co.uk\/mundo\/america_latina\/2009\/06\/090607_2223_peru_tension_mf.shtml\">https:\/\/www.bbc.co.uk\/mundo\/america_latina\/2009\/06\/090607_2223_peru_tension_mf.shtml<br \/>\n<\/a>.<\/p>\n<p>&#8211; La sociedad civil condena la masacre de ind\u00edgenas en el Per\u00fa y hace un llamado para que se respeten los derechos humanos, 8 de Junio:<br \/>\n<a href=\"https:\/\/www.globalwitness.org\/media_library_detail.php\/765\/es\/condena_masacre_peru_8_junio_2009\">https:\/\/www.globalwitness.org\/media_library_detail.php\/765\/es\/condena_masacre_peru_8_junio_2009<br \/>\n<\/a>.<\/p>\n<p>&#8211; Relator de DDHH pide di\u00e1logo gobierno-ind\u00edgenas, <em> AnsaLatina<\/em>, 10 de Junio:<br \/>\n<a href=\"https:\/\/www.avaaz.org\/indigenas_peru_2\">https:\/\/www.avaaz.org\/indigenas_peru_2<br \/>\n<\/a>.<\/p>\n<p>&#8211; Las petroleras \u00abdeben retirarse\u00bb mientras Per\u00fa vive su \u00abpropio Tiananmen\u00bb, <em>Survival International<\/em>, 8 de Junio:<br \/>\n<a href=\"https:\/\/www.survival.es\/noticias\/4643\">https:\/\/www.survival.es\/noticias\/4643<br \/>\n<\/a>.<\/p>\n<p>&#8211; Amazonia cada d\u00eda m\u00e1s petrolera, <em>IPS<\/em>, 23 de Agosto 2008:<br \/>\n<a href=\"https:\/\/ipsnoticias.net\/nota.asp?idnews=89545\">https:\/\/ipsnoticias.net\/nota.asp?idnews=89545<\/a>.<\/p>\n<p>(12 de junio de 2009)<\/p>\n","protected":false},"excerpt":{"rendered":"<p>El gobierno peruano ha aprobado un paquete legislativo que da permiso a grandes compa\u00f1\u00edas extractivas y agro-industriales para explotar los recursos naturales de la selva amaz\u00f3nica, contribuyendo as\u00ed a su r\u00e1pida destrucci\u00f3n. Durante meses, los pueblos ind\u00edgenas han demandado pac\u00edficamente su derecho a ser consultados en relaci\u00f3n a unos decretos que acelerar\u00e1n la devastaci\u00f3n de la ecolog\u00eda del Amazonas y de su gente, con nefastas consecuencias para el clima global. La semana pasada el Presidente del Per\u00fa respondi\u00f3 enviando fuerzas especiales para reprimir a los ind\u00edgenas &#8212;etiquet\u00e1ndolos de terroristas&#8212; que se manifestaban contra la devastaci\u00f3n del Amazonas.  La selva es un tesoro del planeta: sum\u00e9monos a los manifestantes y firmemos la petici\u00f3n al Presidente Alan Garc\u00eda para detener la violencia y salvar el Amazonas: \u00a1Firma la petici\u00f3n!<\/p>\n","protected":false},"author":1,"featured_media":0,"comment_status":"closed","ping_status":"open","sticky":false,"template":"","format":"standard","meta":{"footnotes":""},"categories":[33],"tags":[],"_links":{"self":[{"href":"https:\/\/marina.swarpeca.es\/revista\/wp-json\/wp\/v2\/posts\/407"}],"collection":[{"href":"https:\/\/marina.swarpeca.es\/revista\/wp-json\/wp\/v2\/posts"}],"about":[{"href":"https:\/\/marina.swarpeca.es\/revista\/wp-json\/wp\/v2\/types\/post"}],"author":[{"embeddable":true,"href":"https:\/\/marina.swarpeca.es\/revista\/wp-json\/wp\/v2\/users\/1"}],"replies":[{"embeddable":true,"href":"https:\/\/marina.swarpeca.es\/revista\/wp-json\/wp\/v2\/comments?post=407"}],"version-history":[{"count":0,"href":"https:\/\/marina.swarpeca.es\/revista\/wp-json\/wp\/v2\/posts\/407\/revisions"}],"wp:attachment":[{"href":"https:\/\/marina.swarpeca.es\/revista\/wp-json\/wp\/v2\/media?parent=407"}],"wp:term":[{"taxonomy":"category","embeddable":true,"href":"https:\/\/marina.swarpeca.es\/revista\/wp-json\/wp\/v2\/categories?post=407"},{"taxonomy":"post_tag","embeddable":true,"href":"https:\/\/marina.swarpeca.es\/revista\/wp-json\/wp\/v2\/tags?post=407"}],"curies":[{"name":"wp","href":"https:\/\/api.w.org\/{rel}","templated":true}]}}