{"id":378,"date":"2009-06-04T23:55:56","date_gmt":"2009-06-04T23:55:56","guid":{"rendered":"https:\/\/marina.swarpeca.es\/revista\/2009\/06\/04\/argentina-otra-enfermedad-de-la-pobreza-dengue-04-06-09\/"},"modified":"2009-06-04T23:55:56","modified_gmt":"2009-06-04T23:55:56","slug":"argentina-otra-enfermedad-de-la-pobreza-dengue-04-06-09","status":"publish","type":"post","link":"https:\/\/marina.swarpeca.es\/revista\/argentina-otra-enfermedad-de-la-pobreza-dengue-04-06-09\/","title":{"rendered":"Argentina. Otra enfermedad de la pobreza: Dengue [04\/06\/09]"},"content":{"rendered":"<p>Seg\u00fan la agencia Reuters informaba que, oficialmente, el Ministerio de Salud de la naci\u00f3n informaba que al lunes 20 de abril hab\u00eda 18.299 infectados. De los cuales 17.856 son casos aut\u00f3ctonos y 443 a importados (contra\u00eddos en lugar diferente al que habitan).<\/p>\n<p>Un avance geom\u00e9trico de 3.707 casos, el 30 de marzo, una semana despu\u00e9s, el 7 de abril, hab\u00eda 7.500 casos. Mientras todos los casos confirmados o registrados para el per\u00edodo 1997 y 2008 fueron de 3.500 casos.<\/p>\n<p>El 3 de abril pasado, la agencia EFE comunicaba que \u00ab<em>el gobierno nacional admit\u00eda que el brote de dengue que afecta a provincias del norte del pa\u00eds es el \u00abpeor\u00bb de la historia, aunque insisti\u00f3 en que no se trata de una epidemia nacional<\/em>\u00ab.<\/p>\n<p>\u00ab<em>Es el mayor brote de esta enfermedad, que transmite el mosquito \u00abaedes aegypti\u00bb<\/em>, superando al 2004 cuando se registraron 1.493 casos aut\u00f3ctonos en las provincias norte\u00f1as de Salta, Jujuy y Formosa.<\/p>\n<p>Seg\u00fan el director de Epidemiolog\u00eda del Ministerio de Salud, Juan Carlos Bossio, sosten\u00eda que era el peor brote y que ya se registraban tres muertos.<\/p>\n<p>En la actualidad no tenemos datos precisos de los decesos.<\/p>\n<p>Las muertes se produjeron en: Salta 2, Chaco 1, y en ese momento dos muertes m\u00e1s en estudio. Chaco 1 y Catamarca 1.<\/p>\n<p>Por otro lado, en ese lapso, hace dos meses, las cifras del Ministerio de Salud confirmaban m\u00e1s de 5.000 casos, aunque extraoficialmente ya se hablaba de 11.000 afectados por la enfermedad, siete veces m\u00e1s que en 2004.<\/p>\n<p>En declaraciones radiales, Bossio se negaba a hablar de epidemia y, en cambio, se refer\u00eda a un brote. \u00ab<em>En el caso estricto no es una epidemia nacional. Lo que tenemos son brotes en lugares circunscritos del pa\u00eds<\/em>\u00ab, comentaba.<\/p>\n<p>Precis\u00f3 que \u00ab<em>hasta ahora hay cinco provincias cuyas autoridades sanitarias han detectado que hay transmisi\u00f3n aut\u00f3ctona del virus del dengue<\/em>\u00ab, aunque aclaraba que \u00ab<em>en cada una de ellas, a su vez, la enfermedad no est\u00e1 extendida en todo el distrito<\/em>\u00ab.<\/p>\n<p>El Chaco tiene 9.237 casos. Catamarca: 5.630 infectado y Salta 1.796 personas que contrajeron el dengue.<\/p>\n<p>Asimismo, la venta de repelentes necesarios para evitar la picadura del mosquito Aedes aegypti fueron presa de comerciantes y otros inescrupulosos que hicieron trepar sus precios a cifras exorbitantes, adem\u00e1s de hacerlos escasear.<\/p>\n<p>El denominado brote, que podemos decir es una epidemia ocultada, ya abarca gran parte de nuestro pa\u00eds, lleg\u00f3 a la provincia de Buenos Aires y a la misma Capital Federal, donde se comprobaron casos de dengue aut\u00f3ctono, en los barrios de Liniers y Mataderos.<\/p>\n<p>Todo comenz\u00f3 a principios de febrero con altas temperaturas y localizado en la pobreza de nuestro norte argentino. Donde prima la precariedad habitacional, la falta de agua potable, las p\u00e9simas condiciones de sanidad que lleva a la proliferaci\u00f3n de los insectos.<\/p>\n<p>Por otro lado, s\u00f3lo aclarar que un caso aut\u00f3ctono es aquel en el cual el insecto pic\u00f3 a la persona en su lugar de residencia.<\/p>\n<p>El dengue hab\u00eda sido erradicado en la regi\u00f3n en la d\u00e9cada de 1950, pero en los \u00faltimos 30 a\u00f1os ocurrieron fuertes brotes c\u00edclicos que se repiten cada vez con m\u00e1s frecuencia. Vale recordar que hacia esa d\u00e9cada gobernaba Salud P\u00fablica de nuestro pa\u00eds el doctor Ram\u00f3n Carrillo, que luch\u00f3 a brazo partido contra todas las epidemias ocasionadas por la pobreza y las malas condiciones de vida de la poblaci\u00f3n.<\/p>\n<p>Mientras tanto, la Organizaci\u00f3n Panamericana de la Salud (OPS) registr\u00f3 en 2008: 826.000 casos en los pa\u00edses sudamericanos y en 2007: 737.000 infectados.<\/p>\n<p>En Argentina el dengue reapareci\u00f3 en 1998, no es casual, desocupaci\u00f3n y pobreza galopante. Desde entonces todos los a\u00f1os se registran casos, en algunas ocasiones con brotes fuertes como en 1998 y el 2004, cuando hubo m\u00e1s de 1.000 enfermos confirmados, seg\u00fan fuentes oficiales.<\/p>\n<p>Seg\u00fan la OPS, Bolivia es el pa\u00eds m\u00e1s afectado por la enfermedad en la regi\u00f3n, seguido por Venezuela y Brasil.<\/p>\n<p>Seg\u00fan la OMS (Organizaci\u00f3n Mundial de la Salud) anualmente se infectan de dengue unos cincuenta millones de personas. La dolencia se circunscribi\u00f3 a parte del Asia durante muchos a\u00f1os, pero se extendi\u00f3, en la segunda mitad del siglo XX, a Sudam\u00e9rica, Am\u00e9rica Central, Puerto Rico y Cuba en el Caribe. Este \u00faltimo pa\u00eds fue el que logr\u00f3 mejores resultados en la lucha contra el dengue.<\/p>\n<p><strong>Un poco de historia<\/strong><\/p>\n<p>En la Historia de las Palabras podemos encontrar que dengue data de 1732, que aparece por primera vez en la edici\u00f3n del diccionario de la Real Academia Espa\u00f1ola. Ergo, podemos arg\u00fcir que ya se conoc\u00eda, pero que no existen registros de dicha palabra.<\/p>\n<p>Se dice tambi\u00e9n que, dicha menci\u00f3n, la de dengue, se relaciona con un comportamiento propio del sexo femenino, muy al estilo del siglo XVIII:<\/p>\n<p>\u00ab<em>Melindre mugeril, que consiste en afectar damer\u00edas, esguinces, delicad\u00e9zas, males y \u00e0 veces disgusto de lo que m\u00e1s se suele gustar. Es voz modernamente inventada<\/em>\u00ab.<\/p>\n<p>\u00ab<em>Algunos etim\u00f3logos afirman que la palabra espa\u00f1ola proviene de una voz de la lengua africana swahili: dinga. S\u00f3lo en 1914, el \u2018melindre\u2019 cede su lugar a una \u201cenfermedad febril, epid\u00e9mica y contagiosa, que se manifiesta por dolores en los miembros y un exantema semejante al de la escarlatina<\/em>\u201d.<\/p>\n<p>Por tal motivo como los infectados, los enfermos soportan pr\u00e1cticamente una invalidez durante algunos d\u00edas, se cree que el dengue ha tomado su nombre del \u2018melindre\u2019, antes definido por este vocablo. El sentido de \u2018melindre\u2019 o \u2018mimo\u2019 perdura hasta hoy en lengua portuguesa en dengo \u2018melindre\u2019 y en dengoso \u2018melindroso\u2019.<\/p>\n<p>El dengue lleg\u00f3 a la Argentina para quedarse, no es casual que la aparici\u00f3n de la gripe porcina haya borrada del mapa de la noticia al dengue. No es comparable unas decenas de casos con esta epidemia nacional, sin embargo una es contra\u00edda en la perversidad de la miseria y la pobreza mientras esta gripe A viaje en aviones y llega de la mano de aquellos que han ido de vacaciones a Estados Unidos.<\/p>\n<p>Todas las enfermedades merecen atenci\u00f3n sanitaria apropiada. Pero la realidad demuestra que existen prioridades y no son exactamente las apropiadas.<\/p>\n<p>El dengue tiene en la actualidad, sin cifras confirmadas, m\u00e1s de 25.000 casos, el fr\u00edo est\u00e1 ayudando, pero especialistas, entre ellos la <em>Fundaci\u00f3n Nelson Mandela<\/em> sostiene que, si no hay, en esta etapa, una clara acci\u00f3n de erradicar los lugares donde el mosquito Aedes aegypti se encuentra agazapado, esperando salir, la situaci\u00f3n en la pr\u00f3xima primavera ser\u00e1 realmente alarmante, pero para muchos ser\u00e1 tarde.<\/p>\n<p>Por ello, volvemos a las pol\u00edticas de Estado hoy inexistentes, que se suma a la discriminaci\u00f3n tan \u00abcombatida\u00bb en los discursos, pero que se posiciona de la realidad inexorablemente.<\/p>\n<p>&#8211; <strong>Fuentes<\/em>: Reuters, Agencia Comunas, La Fascinante Historia de las Palabras, diccionario, Nelson Mandela y fuentes propias.<\/p>\n<p>-Enlace para este art\u00edculo: <\/p>\n<p><a href=\"https:\/\/www.argenpress.info\/2009\/06\/otra-enfermedad-de-la-pobreza-dengue.html\">https:\/\/www.argenpress.info\/2009\/06\/otra-enfermedad-de-la-pobreza-dengue.html<\/a>.<\/p>\n<p>(4 de junio de 2009)<\/p>\n","protected":false},"excerpt":{"rendered":"<p>Hablar de dengue, en estos tiempos electorales, es como un sacrilegio para quienes se han empecinado por ser elegidos en las pr\u00f3ximas elecciones. Pero la realidad demuestra crudamente que las enfermedades contra\u00eddas en las zonas m\u00e1s marginales de nuestro pa\u00eds, s\u00f3lo merecen difusi\u00f3n y prensa cuando tocan despiadadamente, o bien si sirven para los mismos objetivos electorales, depende de que lado de la contienda se est\u00e9. Los \u00faltimos registros en el interior de nuestro pa\u00eds hablan, al 21 de abril pasado, de 20.000 casos. Un ascenso exponencial, si consideramos que hacia el 30 de marzo de este a\u00f1o hab\u00eda 3.707 casos confirmados.<\/p>\n","protected":false},"author":1,"featured_media":0,"comment_status":"closed","ping_status":"open","sticky":false,"template":"","format":"standard","meta":{"footnotes":""},"categories":[32],"tags":[],"_links":{"self":[{"href":"https:\/\/marina.swarpeca.es\/revista\/wp-json\/wp\/v2\/posts\/378"}],"collection":[{"href":"https:\/\/marina.swarpeca.es\/revista\/wp-json\/wp\/v2\/posts"}],"about":[{"href":"https:\/\/marina.swarpeca.es\/revista\/wp-json\/wp\/v2\/types\/post"}],"author":[{"embeddable":true,"href":"https:\/\/marina.swarpeca.es\/revista\/wp-json\/wp\/v2\/users\/1"}],"replies":[{"embeddable":true,"href":"https:\/\/marina.swarpeca.es\/revista\/wp-json\/wp\/v2\/comments?post=378"}],"version-history":[{"count":0,"href":"https:\/\/marina.swarpeca.es\/revista\/wp-json\/wp\/v2\/posts\/378\/revisions"}],"wp:attachment":[{"href":"https:\/\/marina.swarpeca.es\/revista\/wp-json\/wp\/v2\/media?parent=378"}],"wp:term":[{"taxonomy":"category","embeddable":true,"href":"https:\/\/marina.swarpeca.es\/revista\/wp-json\/wp\/v2\/categories?post=378"},{"taxonomy":"post_tag","embeddable":true,"href":"https:\/\/marina.swarpeca.es\/revista\/wp-json\/wp\/v2\/tags?post=378"}],"curies":[{"name":"wp","href":"https:\/\/api.w.org\/{rel}","templated":true}]}}