{"id":348,"date":"2009-05-21T23:06:03","date_gmt":"2009-05-21T23:06:03","guid":{"rendered":"https:\/\/marina.swarpeca.es\/revista\/2009\/05\/21\/la-bandera-del-miedo-gripe-a-el-lucro-a-costa-de-la-salud-21-05-09\/"},"modified":"2009-05-21T23:06:03","modified_gmt":"2009-05-21T23:06:03","slug":"la-bandera-del-miedo-gripe-a-el-lucro-a-costa-de-la-salud-21-05-09","status":"publish","type":"post","link":"https:\/\/marina.swarpeca.es\/revista\/la-bandera-del-miedo-gripe-a-el-lucro-a-costa-de-la-salud-21-05-09\/","title":{"rendered":"La bandera del miedo. Gripe A: El lucro a costa de la salud [21\/05\/09]"},"content":{"rendered":"<p>Un alto funcionario de la Organizaci\u00f3n Mundial de la Salud (OMS), el colombiano Germ\u00e1n Vel\u00e1squez, no duda en asegurar que \u00abestamos hablando de la gallina de los huevos de oro, la fabricaci\u00f3n de medicamentos o vacunas a vol\u00famenes gigantescos\u00bb, cuando se le pregunta por los planes que la OMS est\u00e1 estudiando con la industria farmac\u00e9utica de cara a una posible pandemia de gripe A.<\/p>\n<p><em>ADN\/inSurGente<\/em> <\/p>\n<p>El experto de la Organizaci\u00f3n Mundial de la Salud (OMS) Germ\u00e1n Vel\u00e1squez considera que en la crisis de la gripe A se mezclan intereses de salud con otros de tipo econ\u00f3mico y pol\u00edtico que llevan a que se est\u00e9 \u00abexagerando\u00bb de alg\u00fan modo la prevenci\u00f3n.<\/p>\n<p>\u00abEstamos ante un fen\u00f3meno en que hay una serie de intereses: los espec\u00edficos, puros y netos de salud p\u00fablica que debemos defender desde aqu\u00ed, pero que se mezclan y a veces se enredan a nivel global o nacional con intereses que tambi\u00e9n son comerciales\u00bb, afirma en una entrevista Germ\u00e1n Vel\u00e1squez, director del secretariado de Salud P\u00fablica, Innovaci\u00f3n y Propiedad Intelectual de la OMS.<\/p>\n<p>El alto funcionario de la OMS, el colombiano Germ\u00e1n Vel\u00e1squez no duda en asegurar que \u00abestamos hablando de la gallina de los huevos de oro, la fabricaci\u00f3n de medicamentos o vacunas a vol\u00famenes gigantescos\u00bb, cuando se le pregunta por los planes que la OMS est\u00e1 estudiando con la industria farmac\u00e9utica de cara a una posible pandemia de gripe A.<\/p>\n<p>A ello se suman, a\u00f1ade, \u00abla prensa, que hace un muy buen trabajo, pero cuyas primeras p\u00e1ginas con noticias alarmantes hacen subir las ventas o aumentar la audiencia, e intereses de tipo pol\u00edtico, por ejemplo para ocultar problemas como la crisis financiera\u00bb.<\/p>\n<p>El experto recuerda que s\u00f3lo por la gripe estacional en EEUU hay 30.000 muertos al a\u00f1o, \u00aby si hacemos ese mismo paralelismo con la gripe A en las tres semanas que llevamos ya habr\u00eda 1.200 muertos\u00bb, y en Europa 25.000.<\/p>\n<p>\u00abEsta es una gripe bastante benigna y con poco riesgo de muerte (&#8230;) Hay que tener cuidado para que al mezclarse todos esos intereses no se cree p\u00e1nico, que no le interesa a nadie porque puede traducirse en problemas econ\u00f3micos, como se ha visto en el caso de M\u00e9xico con el turismo\u00bb.<\/p>\n<p>Durante la Asamblea Mundial de la Salud que se celebra esta semana en Ginebra, la OMS ha dado marcha atr\u00e1s en sus planes de elevar el nivel de alerta pand\u00e9mica a la fase 6 y la ha mantenido en la 5, debido a los llamamientos de numerosos pa\u00edses.<\/p>\n<p>Vel\u00e1squez recuerda que \u00abla OMS est\u00e1 al servicio de los pa\u00edses, y \u00e9stos han hecho un llamamiento de moderaci\u00f3n, e incluso algunos han preguntado la justificaci\u00f3n (que hubo) para pasar de la fase 4 a la 5, dando a entender que les parec\u00eda que no estaba totalmente claro\u00bb.<\/p>\n<p>\u00abEn los pa\u00edses en desarrollo hay que hacer un equilibrio muy complejo entre cu\u00e1nto se gasta en esta enfermedad y cu\u00e1nto en otras como el sida, la malaria o el dengue. Es un problema \u00e9tico muy grave y cada pa\u00eds debe ver cu\u00e1les son sus prioridades\u00bb, se\u00f1ala.<\/p>\n<p>\u00abUn pa\u00eds que no est\u00e1 cubriendo m\u00e1s que a la mitad de enfermos de sida -agrega- deber\u00eda preguntarse dos veces si va a hacer compras de medicamentos para un stock contra una epidemia que no ha llegado\u00bb.<\/p>\n<p>Y m\u00e1s a\u00fan, Vel\u00e1squez subraya que \u00abno est\u00e1 comprobado cl\u00ednicamente que el oseltamivir (el principio del medicamento Tamifl\u00fa) sea eficaz contra la nueva gripe. Se ha visto que hay alguna sensibilidad en vitro. Pero la eficacia cl\u00ednica no la conocemos todav\u00eda\u00bb.<\/p>\n<p>\u00abSabemos -precisa- que es eficaz para la gripe estacional, que rebaja los s\u00edntomas, que haya menos segregaci\u00f3n nasal, estornudos, y as\u00ed tambi\u00e9n se rebaja el contagio. En realidad acorta la duraci\u00f3n de la enfermedad entre 8 y 12 horas\u00bb.<\/p>\n<p>Ante las cifras que se barajan sobre una posible producci\u00f3n de vacunas -hasta 5.000 millones seg\u00fan un grupo asesor de la OMS-, el experto insiste en que \u00abse trata de algo gigantesco que no se ha visto en la historia del mercado de medicamentos\u00bb.<\/p>\n<p>Pero a\u00f1ade que una cosa es extrapolar cu\u00e1ntas vacunas se necesitar\u00edan y otra es cuantos pa\u00edses van a tener fondos para comprarlas, antes de se\u00f1alar que le parece muy prematuro pensar en vacunar a la poblaci\u00f3n mundial: \u00abA\u00fan en la gripe estacional, que est\u00e1 matando a much\u00edsimas personas, las recomendaciones son vacunar a la gente de alto riesgo, de mucha edad o con problemas cardiacos\u00bb.<\/p>\n<p>El responsable de la OMS tambi\u00e9n apunta que \u00abhabr\u00eda que ver hacia d\u00f3nde va a mutar el virus. Si sigue como ahora y no se hace m\u00e1s severo, yo no creo que estemos hablando de vacunar a todo el mundo\u00bb.<\/p>\n<p>Y deja claro que \u00abtantas posibilidades hay de que se agudice como de que se vuelva m\u00e1s benigno e incluso que desaparezca\u00bb, antes de hacer un llamamiento a la prudencia:<\/p>\n<p>\u00abHay que ser muy cuidadosos. Un responsable de un pa\u00eds de Am\u00e9rica Latina hac\u00eda estimaciones de 7 millones de muertes all\u00ed, y cuando la crisis de la gripe aviar desde la propia OMS se habl\u00f3 de 150 millones de muertes\u00bb.<\/p>\n<p><a href=\"https:\/\/www.insurgente.org\/modules.php?name=News&#038;file=article&#038;sid=16768\">https:\/\/www.insurgente.org\/modules.php?name=News&#038;file=article&#038;sid=16768<\/a> <\/p>\n<p>(21 de mayo de 2009)<\/p>\n","protected":false},"excerpt":{"rendered":"<p>Un alto funcionario de la Organizaci\u00f3n Mundial de la Salud (OMS), el colombiano Germ\u00e1n Vel\u00e1squez, no duda en asegurar que \u00abestamos hablando de la gallina de los huevos de oro, la fabricaci\u00f3n de medicamentos o vacunas a vol\u00famenes gigantescos\u00bb, cuando se le pregunta por los planes que la OMS est\u00e1 estudiando con la industria farmac\u00e9utica&hellip; <a class=\"more-link\" href=\"https:\/\/marina.swarpeca.es\/revista\/la-bandera-del-miedo-gripe-a-el-lucro-a-costa-de-la-salud-21-05-09\/\">Continuar leyendo <span class=\"screen-reader-text\">La bandera del miedo. Gripe A: El lucro a costa de la salud [21\/05\/09]<\/span><\/a><\/p>\n","protected":false},"author":1,"featured_media":0,"comment_status":"closed","ping_status":"open","sticky":false,"template":"","format":"standard","meta":{"footnotes":""},"categories":[32],"tags":[],"_links":{"self":[{"href":"https:\/\/marina.swarpeca.es\/revista\/wp-json\/wp\/v2\/posts\/348"}],"collection":[{"href":"https:\/\/marina.swarpeca.es\/revista\/wp-json\/wp\/v2\/posts"}],"about":[{"href":"https:\/\/marina.swarpeca.es\/revista\/wp-json\/wp\/v2\/types\/post"}],"author":[{"embeddable":true,"href":"https:\/\/marina.swarpeca.es\/revista\/wp-json\/wp\/v2\/users\/1"}],"replies":[{"embeddable":true,"href":"https:\/\/marina.swarpeca.es\/revista\/wp-json\/wp\/v2\/comments?post=348"}],"version-history":[{"count":0,"href":"https:\/\/marina.swarpeca.es\/revista\/wp-json\/wp\/v2\/posts\/348\/revisions"}],"wp:attachment":[{"href":"https:\/\/marina.swarpeca.es\/revista\/wp-json\/wp\/v2\/media?parent=348"}],"wp:term":[{"taxonomy":"category","embeddable":true,"href":"https:\/\/marina.swarpeca.es\/revista\/wp-json\/wp\/v2\/categories?post=348"},{"taxonomy":"post_tag","embeddable":true,"href":"https:\/\/marina.swarpeca.es\/revista\/wp-json\/wp\/v2\/tags?post=348"}],"curies":[{"name":"wp","href":"https:\/\/api.w.org\/{rel}","templated":true}]}}