{"id":344,"date":"2009-05-16T04:42:50","date_gmt":"2009-05-16T04:42:50","guid":{"rendered":"https:\/\/marina.swarpeca.es\/revista\/2009\/05\/16\/greenpeace-responde-a-zapatero-la-unica-decision-acertada-sobre-garona-es-su-cierre-inmediato-16-05-09\/"},"modified":"2009-05-16T04:42:50","modified_gmt":"2009-05-16T04:42:50","slug":"greenpeace-responde-a-zapatero-la-unica-decision-acertada-sobre-garona-es-su-cierre-inmediato-16-05-09","status":"publish","type":"post","link":"https:\/\/marina.swarpeca.es\/revista\/greenpeace-responde-a-zapatero-la-unica-decision-acertada-sobre-garona-es-su-cierre-inmediato-16-05-09\/","title":{"rendered":"Greenpeace responde a Zapatero: \u201cla \u00fanica decisi\u00f3n acertada sobre Garo\u00f1a\u201d es su cierre inmediato [16\/05\/09)"},"content":{"rendered":"<p>Zapatero termin\u00f3 su intervenci\u00f3n en la sesi\u00f3n de ayer replicando a Joan Herrera con esta frase: \u201ctomaremos una decisi\u00f3n acertada en torno a Garo\u00f1a\u201d. Greenpeace considera que la \u00fanica decisi\u00f3n acertada sobre Garo\u00f1a es proceder a su cierre definitivo cuando finalice su permiso de explotaci\u00f3n el pr\u00f3ximo 5 de julio.<\/p>\n<p>Seg\u00fan la organizaci\u00f3n ecologista, el discurso del presidente en el Debate del Estado de la Naci\u00f3n a favor de un cambio del modelo productivo hacia uno verdaderamente sostenible, basado en la Econom\u00eda Verde (m\u00e1s generadora de empleo, con una gran apuesta por las energ\u00edas renovables y la eficiencia energ\u00e9tica, etc.), est\u00e1 plagado de contradicciones e incoherencias. La actitud elusiva de Rodr\u00edguez Zapatero ante el tema nuclear, entre otras cuestiones (como el de las ayudas directas a la compra de coches), es una clara prueba de ello.<\/p>\n<p>\u201cLa apuesta de Zapatero por la Econom\u00eda Verde se quedar\u00e1 en mera ret\u00f3rica si no cumple su compromiso de cerrar Garo\u00f1a en julio de 2009 y de poner en marcha un plan de cierre de las dem\u00e1s centrales nucleares\u201d, ha afirmado Juan L\u00f3pez de Uralde, director Ejecutivo de Greenpeace.<\/p>\n<p>La energ\u00eda nuclear, adem\u00e1s de ser un fracaso econ\u00f3mico, medioambiental, tecnol\u00f3gico y social, supone un gran obst\u00e1culo para el despliegue a gran escala de las energ\u00edas renovables por sus caracter\u00edsticas de funcionamiento dentro del sistema el\u00e9ctrico.<\/p>\n<p>\u201cEl cierre inmediato de Garo\u00f1a no implicar\u00e1 ning\u00fan deterioro para el sistema el\u00e9ctrico espa\u00f1ol. De hecho, las energ\u00edas limpias, seguras y menos costosas, permiten ya asumir el cierre inmediato de Garo\u00f1a e ir sustituyendo de forma progresiva las dem\u00e1s centrales nucleares\u201d, ha declarado Carlos Bravo, responsable de la campa\u00f1a Nuclear de Greenpeace.<\/p>\n<p>Greenpeace recuerda que el PSOE tiene el compromiso de \u201csustituir de forma gradual la energ\u00eda nuclear en Espa\u00f1a por energ\u00edas seguras, limpias, y menos costosas, cerrando las centrales nucleares (\u2026) potenciando el ahorro y la eficiencia energ\u00e9tica y las energ\u00edas renovables, la generaci\u00f3n distribuida y las redes de transporte y distribuci\u00f3n local\u201d  (Programa Electoral del PSOE \u2013 Elecciones Generales 2008).<\/p>\n<p>La viabilidad t\u00e9cnica y econ\u00f3mica de un sistema de generaci\u00f3n el\u00e9ctrica basada al 100% en energ\u00edas renovables, que permitir\u00eda luchar de forma eficaz contra el cambio clim\u00e1tico al tiempo que se abandona la energ\u00eda nuclear, es un hecho ya comprobado cient\u00edficamente.<\/p>\n<p>Un informe del Instituto de Investigaciones Tecnol\u00f3gicas (IIT) de la Universidad Pontificia Comillas, encargado por Greenpeace, ha demostrado que existen numerosas combinaciones de las distintas tecnolog\u00edas renovables (solar termoel\u00e9ctrica, e\u00f3lica terrestre, e\u00f3lica marina, biomasa, solar fotovoltaica, hidroel\u00e9ctrica, energ\u00eda de las olas y geot\u00e9rmica) que permitir\u00edan satisfacer al 100% la demanda el\u00e9ctrica peninsular, las 24 horas del d\u00eda, los 365 d\u00edas del a\u00f1o, a un coste menor que el de un sistema basado en las tecnolog\u00edas convencionales.<\/p>\n<p>&#8211; M\u00e1s informaci\u00f3n sobre la campa\u00f1a de <em>Greenpeace<\/em> en <a href=\"https:\/\/www.greenpeace.org\/espana\/campaigns\/energ-a-nuclear\">https:\/\/www.greenpeace.org\/espana\/campaigns\/energ-a-nuclear<\/a><\/p>\n<p>&#8211; Y ciberacciones > <strong>El Ministro de Industria debe cerrar Garo\u00f1a<\/strong>,  en:<\/p>\n<p><a href=\"https:\/\/ciberactuacongreenpeace.es\/?cyberid=28\">https:\/\/www.ciberactuacongreenpeace.es\/?cyberid=28<\/a><\/p>\n<p>(16 de mayo de 2009<\/p>\n","protected":false},"excerpt":{"rendered":"<p>Greenpeace considera que el presidente del Gobierno, Jos\u00e9 Luis Rodr\u00edguez Zapatero, perdi\u00f3 ayer una buena oportunidad de demostrar credibilidad pol\u00edtica al eludir anunciar, durante su intervenci\u00f3n en el Debate sobre el Estado de la Naci\u00f3n, el cierre inmediato de la central nuclear de Garo\u00f1a (Burgos), como le ped\u00eda el diputado Joan Herrera, del grupo parlamentario ERC-IU-ICV.<\/p>\n","protected":false},"author":1,"featured_media":0,"comment_status":"closed","ping_status":"open","sticky":false,"template":"","format":"standard","meta":{"footnotes":""},"categories":[33],"tags":[],"_links":{"self":[{"href":"https:\/\/marina.swarpeca.es\/revista\/wp-json\/wp\/v2\/posts\/344"}],"collection":[{"href":"https:\/\/marina.swarpeca.es\/revista\/wp-json\/wp\/v2\/posts"}],"about":[{"href":"https:\/\/marina.swarpeca.es\/revista\/wp-json\/wp\/v2\/types\/post"}],"author":[{"embeddable":true,"href":"https:\/\/marina.swarpeca.es\/revista\/wp-json\/wp\/v2\/users\/1"}],"replies":[{"embeddable":true,"href":"https:\/\/marina.swarpeca.es\/revista\/wp-json\/wp\/v2\/comments?post=344"}],"version-history":[{"count":0,"href":"https:\/\/marina.swarpeca.es\/revista\/wp-json\/wp\/v2\/posts\/344\/revisions"}],"wp:attachment":[{"href":"https:\/\/marina.swarpeca.es\/revista\/wp-json\/wp\/v2\/media?parent=344"}],"wp:term":[{"taxonomy":"category","embeddable":true,"href":"https:\/\/marina.swarpeca.es\/revista\/wp-json\/wp\/v2\/categories?post=344"},{"taxonomy":"post_tag","embeddable":true,"href":"https:\/\/marina.swarpeca.es\/revista\/wp-json\/wp\/v2\/tags?post=344"}],"curies":[{"name":"wp","href":"https:\/\/api.w.org\/{rel}","templated":true}]}}