{"id":343,"date":"2009-05-25T14:15:47","date_gmt":"2009-05-25T14:15:47","guid":{"rendered":"https:\/\/marina.swarpeca.es\/revista\/2009\/05\/25\/el-maiz-transgenico-contamina-al-ecologico\/"},"modified":"2009-05-25T14:15:47","modified_gmt":"2009-05-25T14:15:47","slug":"el-maiz-transgenico-contamina-al-ecologico","status":"publish","type":"post","link":"https:\/\/marina.swarpeca.es\/revista\/el-maiz-transgenico-contamina-al-ecologico\/","title":{"rendered":"El ma\u00edz transg\u00e9nico contamina al ecol\u00f3gico"},"content":{"rendered":"<p>Los miembros de IFOAM de Espa\u00f1a y otras asociaciones y organizaciones del sector ecol\u00f3gico, reunidos el 08\/05\/2009 en el contexto de la Feria <strong>Biocultura<\/strong> de Barcelona, se\u00f1alan la inexactitud del informe emitido por la Comisi\u00f3n Europea, el 2 de abril de este a\u00f1o, dirigido al Consejo y el Parlamento Europeo; informe comunitario que afirma y mantiene la inexistencia de casos de contaminaci\u00f3n por transg\u00e9nicos.<\/p>\n<p>En el comunicado, por el contrario, corroboran que, tras diez a\u00f1os de coexistencia real, las medidas para autorizar la liberaci\u00f3n comercial de variedades de ma\u00edz transg\u00e9nico (equivalentes a las reglas de coexistencia), han ocasionado muchos casos de contaminaci\u00f3n &#8212;en Arag\u00f3n, Castilla-La Mancha, Catalu\u00f1a, Navarra, &#8230;&#8212; en ma\u00edz de producci\u00f3n ecol\u00f3gica, \u00fanico sector que lo ha investigado y denunciado, y se desconoce el impacto en el ma\u00edz convencional, puesto que no ha habido un seguimiento adecuado, por carecer de un sistema de certificaci\u00f3n como el ecol\u00f3gico.<\/p>\n<p><em>\u201cEn los casos de contaminaci\u00f3n de ma\u00edz ecol\u00f3gico, a pesar de haberse puesto en conocimiento de las autoridades auton\u00f3micas y estatales, \u00e9stas lo han ignorado o no se han interesado por estudiarlos y encontrar as\u00ed las fuentes de dicha contaminaci\u00f3n\u201d<\/em>.<\/p>\n<p><em>\u201cEn todos estos casos, que han sido recogidos en diversos trabajos cient\u00edficos y art\u00edculos, los agricultores ecol\u00f3gicos afectados no han recibido ning\u00fan tipo de compensaci\u00f3n econ\u00f3mica por los da\u00f1os que se les ha ocasionado, ni han sido contactados por las empresas que venden las semillas transg\u00e9nicas para explicar lo sucedido\u201d<\/em>.<\/p>\n<p><em>\u201cUna primera consecuencia de esta situaci\u00f3n ha sido la sensible ca\u00edda de la superficie dedicada a la siembra de ma\u00edz ecol\u00f3gico en dichas Comunidades Aut\u00f3nomas\u201d<\/em>. <\/p>\n<p>Razones por las que, informa Vida Sana, el comunicado concluye: <em>\u201cSe demanda nuevamente la suspensi\u00f3n de las autorizaciones de la variedades transg\u00e9nicas de ma\u00edz hasta que se realicen los estudios pertinentes y se analicen de forma adecuada las fuentes de contaminaci\u00f3n en los casos denunciados\u201d<\/em>.<\/p>\n<p><a href=\"https:\/\/vidasana.org\">https:\/\/vidasana.org\/<\/a>.<\/p>\n<p>&#8211; Para ampliar la informaci\u00f3n: <a href=\"https:\/\/www.greenpeace.org\/espana\/campaigns\/transgenicos\">https:\/\/www.greenpeace.org\/espana\/campaigns\/transgenicos<\/a>.<\/p>\n<p>(25 de mayo de 2009)<\/p>\n","protected":false},"excerpt":{"rendered":"<p>\u00abAsociaci\u00f3n Vida Sana\u00bb informa que el sector de la producci\u00f3n ecol\u00f3gica en el estado espa\u00f1ol (IFOAM y otras entidades) ha hecho p\u00fablico un comunicado conjunto para denunciar la inexactitud del reciente informe de la Comisi\u00f3n Europea que defiende la posibilidad de <em>coexistencia<\/em> [de agricultura, apicultura, avicultura, ganader\u00eda, &#8230;, ecol\u00f3gica] con los OGM (organismos gen\u00e9ticamente modificados, o <em>transg\u00e9nicos<\/em>). Se desconoce el impacto, en cambio, del ma\u00edz transg\u00e9nico en concreto y de los OGM en general, sobre la agricultura convencional, pues no se ha realizado un seguimiento adecuado por carecer de un sistema de certificaci\u00f3n equivalente al ecol\u00f3gico.<\/p>\n","protected":false},"author":1,"featured_media":342,"comment_status":"closed","ping_status":"open","sticky":false,"template":"","format":"standard","meta":{"footnotes":""},"categories":[5],"tags":[],"_links":{"self":[{"href":"https:\/\/marina.swarpeca.es\/revista\/wp-json\/wp\/v2\/posts\/343"}],"collection":[{"href":"https:\/\/marina.swarpeca.es\/revista\/wp-json\/wp\/v2\/posts"}],"about":[{"href":"https:\/\/marina.swarpeca.es\/revista\/wp-json\/wp\/v2\/types\/post"}],"author":[{"embeddable":true,"href":"https:\/\/marina.swarpeca.es\/revista\/wp-json\/wp\/v2\/users\/1"}],"replies":[{"embeddable":true,"href":"https:\/\/marina.swarpeca.es\/revista\/wp-json\/wp\/v2\/comments?post=343"}],"version-history":[{"count":0,"href":"https:\/\/marina.swarpeca.es\/revista\/wp-json\/wp\/v2\/posts\/343\/revisions"}],"wp:featuredmedia":[{"embeddable":true,"href":"https:\/\/marina.swarpeca.es\/revista\/wp-json\/wp\/v2\/media\/342"}],"wp:attachment":[{"href":"https:\/\/marina.swarpeca.es\/revista\/wp-json\/wp\/v2\/media?parent=343"}],"wp:term":[{"taxonomy":"category","embeddable":true,"href":"https:\/\/marina.swarpeca.es\/revista\/wp-json\/wp\/v2\/categories?post=343"},{"taxonomy":"post_tag","embeddable":true,"href":"https:\/\/marina.swarpeca.es\/revista\/wp-json\/wp\/v2\/tags?post=343"}],"curies":[{"name":"wp","href":"https:\/\/api.w.org\/{rel}","templated":true}]}}