{"id":340,"date":"2009-05-14T03:35:31","date_gmt":"2009-05-14T03:35:31","guid":{"rendered":"https:\/\/marina.swarpeca.es\/revista\/2009\/05\/14\/seminario-inseguridad-alimentaria-y-consumo-responsable-agroecologico-11-05-09\/"},"modified":"2009-05-14T03:35:31","modified_gmt":"2009-05-14T03:35:31","slug":"seminario-inseguridad-alimentaria-y-consumo-responsable-agroecologico-11-05-09","status":"publish","type":"post","link":"https:\/\/marina.swarpeca.es\/revista\/seminario-inseguridad-alimentaria-y-consumo-responsable-agroecologico-11-05-09\/","title":{"rendered":"Seminario Inseguridad alimentaria y consumo responsable agroecol\u00f3gico [11\/05\/09]"},"content":{"rendered":"<p>De acuerdo con la convocatoria: <em>La crisis alimentaria es una componente m\u00e1s de la crisis econ\u00f3mica, social y ecol\u00f3gica producidas por un capitalismo cada vez m\u00e1s grande y libre.<\/p>\n<p>Salir de la crisis equivale a salir del capitalismo. Pero eso no se consigue con un conjuro m\u00e1gico. El poder constituyente capaz de detener la cat\u00e1strofe que nos amenaza requiere la reconciliaci\u00f3n del pensamiento con el sufrimiento. Es decir, sumar la fuerza de la cr\u00edtica a la cr\u00edtica de la fuerza para convertir la exclusi\u00f3n en negaci\u00f3n organizada y consciente.<\/p>\n<p>Este seminario pretende avanzar en una senda de investigaci\u00f3n participativa, estudio, debate e intervenci\u00f3n social entre los diferentes colectivos y personas comprometidas en la defensa de la seguridad y la soberan\u00eda alimentarias.<\/em><\/p>\n<p>El curso tiene 24 horas lectivas en 6 sesiones: los mi\u00e9rcoles 13 y 27 de mayo de 2009, de 18 a 22 horas; el s\u00e1bado 6 de junio de 10 a 14 horas y de 16 a 20 horas; y los mi\u00e9rcoles 10 y 24 de junio de 18 a 22 horas.<\/p>\n<p><strong>Programa<\/strong>.<\/p>\n<p>&#8211; <strong>Bloque I. Causas, dimensiones y consecuencias de la inseguridad alimentaria<\/strong>:<\/p>\n<p>1.1. Conceptos fundamentales: Seguridad Alimentaria. Soberan\u00eda Alimentaria. El principio de precauci\u00f3n.<\/p>\n<p>1.2. Crisis, \u00bfqu\u00e9 crisis?<\/p>\n<p>. El auge econ\u00f3mico (el ciclo de acumulaci\u00f3n) como subordinaci\u00f3n del trabajo, los cuidados, las relaciones sociales, la pol\u00edtica, los deseos y la vida en el ciclo de producci\u00f3n y reproducci\u00f3n de capital.<\/p>\n<p>. Transformaci\u00f3n del trabajo, los cuidados y la naturaleza en mercanc\u00eda; de la mercanc\u00eda en dinero y del dinero en capital.<\/p>\n<p>. La salida capitalista a su crisis de acumulaci\u00f3n. Universalizaci\u00f3n de la forma mercanc\u00eda: m\u00e1s econom\u00eda de mercado, m\u00e1s sociedad de mercado y m\u00e1s individuo de mercado.<\/p>\n<p>. La guerra como modo de dominaci\u00f3n.<\/p>\n<p>1.3. Globalizaci\u00f3n econ\u00f3mica y globalizaci\u00f3n alimentaria.<\/p>\n<p>. Mercantilizaci\u00f3n, industrializaci\u00f3n y producci\u00f3n en masa de alimentos para el mercado mundial.<\/p>\n<p>. \u201cLibre comercio\u201d de mercanc\u00edas y alimentos.<\/p>\n<p>. Las instituciones de la inseguridad alimentaria mundial: O.M.C., F.A.O., O.M.S., y O.I.E (Organizaci\u00f3n mundial de Salud animal).<\/p>\n<p>. Inseguridad alimentaria en Europa: Uni\u00f3n Europea (UE), Moneda \u00danica (Euro) y Pol\u00edtica Agraria Com\u00fan (PAC).<\/p>\n<p>. La batalla de los transg\u00e9nicos.<\/p>\n<p>1.4. Consecuencias de la inseguridad alimentaria.<\/p>\n<p>. Migraciones, cambio y cat\u00e1strofes clim\u00e1ticas, p\u00e9rdida de la biodiversidad, contaminaci\u00f3n, despoblamiento rural, urbanizaci\u00f3n, motorizaci\u00f3n.<\/p>\n<p>. Hambre, comida basura y enfermedades alimentarias.<\/p>\n<p>. Epidemias, pandemias, s\u00edndromes y gripes: Dengue, paludismo, vacas locas, dioxinas en los pollos, gripe aviar, gripe porcina, etc.<\/p>\n<p>&#8211; <strong>Bloque II. Miradas transversales sobre la inseguridad alimentaria<\/strong>:<\/p>\n<p>2.1. La econom\u00eda ecol\u00f3gica, aportaciones y l\u00edmites.<\/p>\n<p>. Econom\u00eda, Materia y Energ\u00eda.<\/p>\n<p>. La vida: materia, energ\u00eda y organizaci\u00f3n.<\/p>\n<p>. La vida humana: naturaleza nutritiva, naturaleza sensitiva y naturaleza intelectiva.<\/p>\n<p>. Biocenosis, antropocentrismo y biocentrismo.<\/p>\n<p>. \u00c9tica de la sociedad y \u00e9tica de la tierra. La misma \u00e9tica: \u00danica e indivisible.<\/p>\n<p>. Econom\u00eda feminista y ecofeminismos.<\/p>\n<p>. Producci\u00f3n y reproducci\u00f3n de la vida social: El concepto de actividad como integraci\u00f3n de trabajo, cuidados, pol\u00edtica, cultura (lenguajes) y materia org\u00e1nica.<\/p>\n<p>. Naturaleza, individuo, g\u00e9nero y sociedad.<\/p>\n<p>. Mundo natural y mundo artificial.<\/p>\n<p>. Libertad y necesidad.<\/p>\n<p>. Factores materiales, factores inmateriales.<\/p>\n<p>. La naturalizaci\u00f3n de la econom\u00eda, incluida la econom\u00eda ecol\u00f3gica.<\/p>\n<p>. Poder constituido y poder constituyente. Imaginario instituido e imaginario instituyente.<\/p>\n<p>2.2. Neoliberalismo y keynesianismo. Dos caras de la misma moneda.<\/p>\n<p>2.3. El decrecimiento.<\/p>\n<p>&#8211; <strong>Bloque III. Agroecolog\u00eda y consumo responsable como condici\u00f3n necesaria (aunque no suficiente) para la defensa de la seguridad alimentaria<\/strong>:<\/p>\n<p>3.1. Producci\u00f3n y consumo. Dos aspectos del mismo proceso.<\/p>\n<p>3.2. La democracia del consumidor. Un proyecto totalitario.<\/p>\n<p>3.3. Agroecolog\u00eda. Conceptos b\u00e1sicos. Tendencias actuales.<\/p>\n<p>3.4. Consumo responsable \u00bfde qu\u00e9 se responsabiliza?. Tendencias actuales.<\/p>\n<p>3.5. Los grupos autogestionados de consumo (GAKs) y la garbancita ecol\u00f3gica. Por un consumo agroecol\u00f3gico, responsable, autogestionado, popular, estudioso, participativo y constituyente.<\/p>\n<p>3.6. \u00bfC\u00f3mo poner en marcha un grupo de consumo responsable?<\/p>\n<p><strong>Calendario<\/strong><\/p>\n<p>&#8211; <strong>mi\u00e9rcoles 13- 05- 09<\/strong> (de 18 a 22 horas): Bloque I. Causas, dimensiones y consecuencias de la inseguridad alimentaria:<\/p>\n<p>. Conceptos fundamentales.<\/p>\n<p>. Las dimensiones de la crisis.<\/p>\n<p>&#8211; <strong>mi\u00e9rcoles 27-05-09<\/strong> (de 18 a 22 horas): Bloque I. Causas, dimensiones y consecuencias de la inseguridad alimentaria:<\/p>\n<p>. Globalizaci\u00f3n econ\u00f3mica y globalizaci\u00f3n alimentaria.<\/p>\n<p>. Consecuencias de la globalizaci\u00f3n alimentaria.<\/p>\n<p>&#8211; <strong>s\u00e1bado 06-06-09<\/strong> (de 10 a 14 y de 16 a 20 horas): Bloque II. Miradas transversales sobre la inseguridad alimentaria:<\/p>\n<p>. Neoliberalismo y Keynesianismo.<\/p>\n<p>. La econom\u00eda ecol\u00f3gica. Aportaciones y l\u00edmites.<\/p>\n<p>. Potencia e impotencia de las fantas\u00edas del progresismo euroc\u00e9ntrico.<\/p>\n<p>&#8211; <strong>mi\u00e9rcoles 10-06-09<\/strong> (de 18 a 22 horas): Bloque III. Agroecolog\u00eda y consumo responsable:<\/p>\n<p>. Producci\u00f3n y consumo. Dos aspectos del mismo proceso.<\/p>\n<p>. La democracia del consumidor.<\/p>\n<p>. Agroecolog\u00eda. Conceptos b\u00e1sicos.<\/p>\n<p>&#8211; <strong>mi\u00e9rcoles 24-06-09<\/strong> (de 18 a 22 horas): Bloque III. Agroecolog\u00eda y consumo responsable:<\/p>\n<p>. Consumo responsable \u00bfde qu\u00e9 se responsabiliza?<\/p>\n<p>. Doce a\u00f1os de los GAKs.<\/p>\n<p>. \u00bfC\u00f3mo poner en marcha un GAK?.<\/p>\n<p>Metodolog\u00eda participativa. Rondas de expectativas. Ponencias. Debate. Evaluaci\u00f3n.<\/p>\n<p><strong>Materiales<\/strong><\/p>\n<p>&#8211; Unidades did\u00e1cticas.<\/p>\n<p>&#8211; Libro: \u201cAgroecolog\u00eda y Consumo Responsable. Teor\u00eda y pr\u00e1ctica\u201d VVAA. Ed. Kehaceres. 2006. 216 p\u00e1ginas (12 \u20ac)<\/p>\n<p>&#8211; Libro: \u201cEl movimiento antiglobalizaci\u00f3n en su laberinto. Entre la nube de mosquitos y la izquierda parlamentaria\u201d. VVAA. Ed. Catarata-CAES. 260 p\u00e1g. (12 \u20ac).<\/p>\n<p>Matr\u00edcula: 30 \u20ac. Incluye materiales.<\/p>\n<p><strong>Informaci\u00f3n e inscripci\u00f3n<\/strong>: Atocha 91- 2\u00ba, de 10 a 14 y de 17 a 20 horas.<\/p>\n<p>Tel\u00e9fono 914191119. <\/p>\n<p>lagarbancitaecologica@nodo50.org<\/p>\n<p><a href=\"https:\/\/www.nodo50.org\/lagarbancitaecologica\">www.nodo50.org\/lagarbancitaecologica<\/a><\/p>\n<p>(11 de mayo de 2009)<\/p>\n","protected":false},"excerpt":{"rendered":"<p>El pr\u00f3ximo mi\u00e9rcoles, 13 de mayo, a las 6 de la tarde comienza el Seminario \u201cElementos fundamentales para la cr\u00edtica de la inseguridad alimentaria. Por un consumo responsable agroecol\u00f3gico\u201d organizado por GEA (Grupo de Estudios de Consumo Responsable Agroecol\u00f3gico) en GAK del CAES, C\/Atocha, 91, 2\u00ba, Madrid. <\/p>\n","protected":false},"author":1,"featured_media":0,"comment_status":"closed","ping_status":"open","sticky":false,"template":"","format":"standard","meta":{"footnotes":""},"categories":[27],"tags":[],"_links":{"self":[{"href":"https:\/\/marina.swarpeca.es\/revista\/wp-json\/wp\/v2\/posts\/340"}],"collection":[{"href":"https:\/\/marina.swarpeca.es\/revista\/wp-json\/wp\/v2\/posts"}],"about":[{"href":"https:\/\/marina.swarpeca.es\/revista\/wp-json\/wp\/v2\/types\/post"}],"author":[{"embeddable":true,"href":"https:\/\/marina.swarpeca.es\/revista\/wp-json\/wp\/v2\/users\/1"}],"replies":[{"embeddable":true,"href":"https:\/\/marina.swarpeca.es\/revista\/wp-json\/wp\/v2\/comments?post=340"}],"version-history":[{"count":0,"href":"https:\/\/marina.swarpeca.es\/revista\/wp-json\/wp\/v2\/posts\/340\/revisions"}],"wp:attachment":[{"href":"https:\/\/marina.swarpeca.es\/revista\/wp-json\/wp\/v2\/media?parent=340"}],"wp:term":[{"taxonomy":"category","embeddable":true,"href":"https:\/\/marina.swarpeca.es\/revista\/wp-json\/wp\/v2\/categories?post=340"},{"taxonomy":"post_tag","embeddable":true,"href":"https:\/\/marina.swarpeca.es\/revista\/wp-json\/wp\/v2\/tags?post=340"}],"curies":[{"name":"wp","href":"https:\/\/api.w.org\/{rel}","templated":true}]}}